{"id":807,"date":"2026-01-11T16:37:49","date_gmt":"2026-01-11T15:37:49","guid":{"rendered":"https:\/\/wofvideo.pro\/mostjott\/?p=807"},"modified":"2026-01-11T16:37:49","modified_gmt":"2026-01-11T15:37:49","slug":"bevittek-a-rendorok-a-hazassag-elso-latasra-foszereplojet","status":"publish","type":"post","link":"https:\/\/wofvideo.pro\/mostjott\/bevittek-a-rendorok-a-hazassag-elso-latasra-foszereplojet\/","title":{"rendered":"Bevitt\u00e9k a rend\u0151r\u00f6k a H\u00e1zass\u00e1g els\u0151 l\u00e1t\u00e1sra f\u0151szerepl\u0151j\u00e9t!"},"content":{"rendered":"<h3>A t\u00f6rt\u00e9net egy \u00e1rtatlannak t\u0171n\u0151 0nline ad\u00e1sv\u00e9tellel indult. Egy internetes elad\u00e1s, egy ham\/s GLS-link, egy v\u00e9gzetes kattint\u00e1s. A banksz\u00e1ml\u00e1j\u00e1n r\u00f6vid id\u0151re h\u00e9tmilli\u00f3 forint jelent meg, amelyb\u0151l n\u00e9gy milli\u00f3 azonnal el is t\u0171nt. B\u00e1r \u0151 maga rohant a rend\u0151rs\u00e9gre seg\u00edts\u00e9get k\u00e9rni, a helyzet r\u00e9m\u00e1lomm\u00e1 v\u00e1lt: gyan\u00fas\u00edtottk\u00e9nt kezelt\u00e9k. Hamarosan meg\u00e9rkezett az id\u00e9z\u00e9s a BRFK-t\u00f3l \u2013 benne a hidegzuhanyk\u00e9nt hat\u00f3 mondattal: ha nem jelenik meg, \u0151rizetbe is vehetik. Ekkor tudatosult benne: egy p\u00e9nz\/m0s\u00e1si \u00fcgy els\u0151 sz\u00e1m\u00fa gyan\u00fas\u00edtottja lett.<br \/>\nAzt\u00e1n \u00e1prilis 20-\u00e1n minden megv\u00e1ltozott. Meg\u00e9rkezett a hat\u00e1rozat: nem k\u00f6vetett el b\u0171ncselekm\u00e9nyt.<br \/>\nM\u00e1snapig volt ideje d\u00f6nteni. Al\u00e1\u00edrni. Vagy mindent elvesz\u00edteni.<br \/>\nRebeka v\u00e9g\u00fcl z\u00f6ld utat kapott, \u00e9s bel\u00e9phetett a H\u00e1zass\u00e1g els\u0151 l\u00e1t\u00e1sra vil\u00e1g\u00e1ba, ahol Zsoltival k\u00f6t\u00f6tt h\u00e1zass\u00e1got a kamer\u00e1k el\u0151tt. B\u00e1r a kapcsolat k\u00e9s\u0151bb z\u00e1tonyra futott, egy dolog biztos:<br \/>\namit a n\u00e9z\u0151k nem l\u00e1ttak, az egy igazi bulv\u00e1rthriller volt \u2013 rend\u0151rs\u00e9ggel, milli\u00f3kkal \u00e9s egy hajsz\u00e1lon m\u00fal\u00f3 t\u00e9v\u00e9s \u00e1lommal.<\/h3>\n<p>VIA femina<\/p>\n<p>&#8211;<\/p>\n<p>A gyors korm\u00e1nyreakci\u00f3k \u00e9s az \u00faton val\u00f3 \u201elebeg\u0151s\u201d \u00e9rz\u00e9s miatt a Bigster nem igaz\u00e1n alkalmas lend\u00fcletes, szerpentines vezet\u00e9sre. Ilyenkor ink\u00e1bb kisz\u00e1m\u00edthat\u00f3 alulkorm\u00e1nyzotts\u00e1g jellemzi, sz\u00f3rakoztat\u00f3 vezet\u00e9si \u00e9lm\u00e9nyt viszont nem igaz\u00e1n ny\u00fajt. Nagyobb sebess\u00e9gn\u00e9l a fut\u00f3m\u0171 csillap\u00edt\u00e1sa megnyugszik, ami n\u00f6veli a k\u00e9nyelmet, de a magas \u00e9p\u00edt\u00e9s \u00e9s a puha hangol\u00e1s miatt kanyarokban er\u0151s oldald\u0151l\u00e9st tapasztalhatunk. A korm\u00e1nyz\u00e1s kellemesen s\u00falyozott, a tapad\u00e1s megfelel\u0151, de a karossz\u00e9riad\u0151l\u00e9s miatt nem sok kedved lesz feszegetni a hat\u00e1rokat.<br \/>\nAut\u00f3p\u00e1ly\u00e1s k\u00f6zleked\u00e9s \u00e9s hossz\u00fa t\u00e1v\u00fa komfort<br \/>\nAut\u00f3p\u00e1ly\u00e1n a Bigster meglep\u0151en j\u00f3 utaz\u00f3aut\u00f3, lebeg\u0151s fut\u00e1sa hozz\u00e1j\u00e1rul a k\u00e9nyelmes menethez. A hibrid v\u00e1ltozat m\u00e9g 110 km\/h-s sebess\u00e9gn\u00e9l is k\u00e9pes v\u00e1ltogatni a benzinmotor \u00e9s a villanymotor k\u00f6z\u00f6tt, mindenf\u00e9le r\u00e1ngat\u00e1s n\u00e9lk\u00fcl. Ilyenkor el\u0151sz\u00f6r az elektromos motor dolgozik, majd csak enyhe vibr\u00e1ci\u00f3 jelzi, ha bekapcsol a n\u00e9gyhengeres motor. Az Expression felszerelts\u00e9g 19 colos kerekein n\u00e9mi g\u00f6rd\u00fcl\u00e9si zaj jelentkezik, emellett a visszapillant\u00f3 t\u00fckr\u00f6k fel\u0151l \u00e9rkez\u0151 sz\u00e9lzaj is hallhat\u00f3 nagyobb temp\u00f3n\u00e1l.<\/p>\n<p>A Bigster nemcsak t\u00e1gas, hanem \u00e1r-\u00e9rt\u00e9k ar\u00e1nyban is kimagasl\u00f3, \u00e9s f\u0151leg hibridk\u00e9nt k\u00edn\u00e1l nagyon j\u00f3 fogyaszt\u00e1si adatokat. A k\u00edn\u00e1lat leggyeng\u00e9bb tagja a n\u00e9gyker\u00e9khajt\u00e1s\u00fa 1.2 TCe mild-hibrid, amely hivatalosan 46,0 mpg (kb. 6,1 l\/100 km) fogyaszt\u00e1st tud. Enn\u00e9l egy fokkal takar\u00e9kosabb az els\u0151ker\u00e9khajt\u00e1s\u00fa, kicsit er\u0151sebb 1.2 TCe, amely pap\u00edron 50,0 mpg-t (kb. 5,6 l\/100 km) tud. A val\u00f3s\u00e1gban viszont ezek a kis h\u00e1romhengeres turb\u00f3motorok hajlamosak t\u00falfogyasztani, f\u0151leg egy olyan m\u00e9ret\u0171 aut\u00f3n\u00e1l, mint a Bigster \u2013 egyszer\u0171en t\u00f6bbet kell dolgozniuk, mint azt els\u0151re gondoln\u00e1nk.<br \/>\nA hibrid modell sokkal jobban illik ehhez a m\u00e9rethez: a gy\u00e1ri 58,0 mpg-s (kb. 4,9 l\/100 km) \u00e9rt\u00e9k egy ekkora aut\u00f3t\u00f3l kifejezetten j\u00f3. A Dacia szerint ebben komoly szerepe van az aut\u00f3 viszonylag alacsony saj\u00e1t t\u00f6meg\u00e9nek, mivel minden Bigster modell k\u00f6r\u00fclbel\u00fcl 150 kil\u00f3val k\u00f6nnyebb, mint az oszt\u00e1ly hasonl\u00f3 m\u00e9ret\u0171 versenyt\u00e1rsai. \u00c9rdekess\u00e9g, hogy a hivatalos fogyaszt\u00e1si adatok nem v\u00e1ltoznak a k\u00fcl\u00f6nb\u00f6z\u0151 felszerelts\u00e9gi szintek k\u00f6z\u00f6tt.<\/p>\n","protected":false},"excerpt":{"rendered":"<p>A t\u00f6rt\u00e9net egy \u00e1rtatlannak t\u0171n\u0151 0nline ad\u00e1sv\u00e9tellel indult. Egy internetes elad\u00e1s, egy ham\/s GLS-link, egy v\u00e9gzetes kattint\u00e1s. A banksz\u00e1ml\u00e1j\u00e1n r\u00f6vid&#8230; <span class=\"gridview-grid-post-read-more\"><a href=\"https:\/\/wofvideo.pro\/mostjott\/bevittek-a-rendorok-a-hazassag-elso-latasra-foszereplojet\/\">read more<span class=\"gridview-sr-only\"> Bevitt\u00e9k a rend\u0151r\u00f6k a H\u00e1zass\u00e1g els\u0151 l\u00e1t\u00e1sra f\u0151szerepl\u0151j\u00e9t!<\/span><\/a><\/span><\/p>\n","protected":false},"author":1,"featured_media":810,"comment_status":"open","ping_status":"open","sticky":false,"template":"","format":"standard","meta":{"footnotes":""},"categories":[1],"tags":[],"class_list":["post-807","post","type-post","status-publish","format-standard","has-post-thumbnail","hentry","category-egyeb","wpcat-1-id"],"_links":{"self":[{"href":"https:\/\/wofvideo.pro\/mostjott\/wp-json\/wp\/v2\/posts\/807","targetHints":{"allow":["GET"]}}],"collection":[{"href":"https:\/\/wofvideo.pro\/mostjott\/wp-json\/wp\/v2\/posts"}],"about":[{"href":"https:\/\/wofvideo.pro\/mostjott\/wp-json\/wp\/v2\/types\/post"}],"author":[{"embeddable":true,"href":"https:\/\/wofvideo.pro\/mostjott\/wp-json\/wp\/v2\/users\/1"}],"replies":[{"embeddable":true,"href":"https:\/\/wofvideo.pro\/mostjott\/wp-json\/wp\/v2\/comments?post=807"}],"version-history":[{"count":1,"href":"https:\/\/wofvideo.pro\/mostjott\/wp-json\/wp\/v2\/posts\/807\/revisions"}],"predecessor-version":[{"id":812,"href":"https:\/\/wofvideo.pro\/mostjott\/wp-json\/wp\/v2\/posts\/807\/revisions\/812"}],"wp:featuredmedia":[{"embeddable":true,"href":"https:\/\/wofvideo.pro\/mostjott\/wp-json\/wp\/v2\/media\/810"}],"wp:attachment":[{"href":"https:\/\/wofvideo.pro\/mostjott\/wp-json\/wp\/v2\/media?parent=807"}],"wp:term":[{"taxonomy":"category","embeddable":true,"href":"https:\/\/wofvideo.pro\/mostjott\/wp-json\/wp\/v2\/categories?post=807"},{"taxonomy":"post_tag","embeddable":true,"href":"https:\/\/wofvideo.pro\/mostjott\/wp-json\/wp\/v2\/tags?post=807"}],"curies":[{"name":"wp","href":"https:\/\/api.w.org\/{rel}","templated":true}]}}