{"id":792,"date":"2026-01-10T15:46:06","date_gmt":"2026-01-10T14:46:06","guid":{"rendered":"https:\/\/wofvideo.pro\/mostjott\/?p=792"},"modified":"2026-01-10T15:46:06","modified_gmt":"2026-01-10T14:46:06","slug":"82-evesen-koltai-robert-tragediaja","status":"publish","type":"post","link":"https:\/\/wofvideo.pro\/mostjott\/82-evesen-koltai-robert-tragediaja\/","title":{"rendered":"82 \u00e9vesen Koltai R\u00f3bert trag\u00e9di\u00e1ja"},"content":{"rendered":"<h3>Fia elmondta, hogy \u00e9desapja s\u00falyos \u00e1llapotban van, \u00e9s a csal\u00e1dja mellett rendk\u00edv\u00fcl neh\u00e9z id\u0151szakot \u00e9lnek \u00e1t. \u201cAz ap\u00e1m mindig is a b\u00e1tors\u00e1g \u00e9s az er\u0151 p\u00e9ldak\u00e9pe volt sz\u00e1munkra, de most \u0151szint\u00e9n elmondhatom, hogy ez a helyzet mindannyiunkat megvisel,\u201d nyilatkozta k\u00f6nnyek k\u00f6z\u00f6tt. Koltai R\u00f3bert, aki \u00e9vtizedek \u00f3ta a magyar sz\u00ednh\u00e1z \u00e9s fi\/m jeles alakja, sz\u00e1mos felejthetetlen szerep\u00e9vel v\u00e9glegesen be\u00edrta mag\u00e1t a kultur\u00e1lis \u00f6r\u00f6ks\u00e9g\u00fckbe. MUTATJUK A R\u00c9SZLETEKET!<\/h3>\n<h3><span style=\"color: #ff0000;\"><strong>A h\u00edr nem \u00e9rt v\u00e9get! Folytat\u00e1shoz haszn\u00e1ld a K\u00d6VETKEZ\u0150 OLDAL gombot!<\/strong><\/span><\/h3>\n<h3 style=\"text-align: right;\"><a href=\"https:\/\/wofvideo.pro\/napifriss\/?p=788\" target=\"_blank\" rel=\"noopener\"><span style=\"color: #ff0000;\">&#8212;&gt;&gt; K\u00d6VETKEZ\u0150 OLDAL<\/span><\/a><\/h3>\n<p>&#8211;<\/p>\n<p>A 2022-ben piacra dobott DS 9 kiz\u00e1r\u00f3lag konnektoros hibrid hajt\u00e1sl\u00e1ncokkal \u00e9rhet\u0151 el, k\u00e9tf\u00e9le kivitelben. A k\u00edn\u00e1latban szerepel az els\u0151ker\u00e9k-hajt\u00e1s\u00fa E-Tense 250, valamint az \u00f6sszker\u00e9khajt\u00e1s\u00fa, nagyobb teljes\u00edtm\u00e9ny\u0171 E-Tense 360 4&#215;4 v\u00e1ltozat. A modell 2023-ban enyhe friss\u00edt\u00e9sen esett \u00e1t, amelynek egyik legfontosabb eleme az egyszer\u0171s\u00edtett felszerelts\u00e9gi strukt\u00fara volt. A v\u00e1s\u00e1rl\u00f3k innent\u0151l a Rivoli+, az Opera \u00e9s a k\u00fcl\u00f6n\u00f6sen eleg\u00e1ns hangz\u00e1s\u00fa Esprit de Voyage kivitelek k\u00f6z\u00fcl v\u00e1laszthatnak, amelyek mindegyike egyfajta francia luxus\u00e9rtelmez\u00e9st k\u00e9pvisel.<\/p>\n<p>F\u00fcggetlen\u00fcl att\u00f3l, hogy melyik v\u00e1ltozat mellett d\u00f6nt\u00fcnk, a DS 9 m\u00e1r alapfelszerelts\u00e9gk\u00e9nt is rendk\u00edv\u00fcl gazdag felszerelts\u00e9ggel \u00e9rkezik. Minden modell megkapja a m\u00e1rka k\u00fcl\u00f6nleges Active Scan felf\u00fcggeszt\u00e9si rendszer\u00e9t, amely kamer\u00e1k seg\u00edts\u00e9g\u00e9vel folyamatosan figyeli az \u00fatburkolat \u00e1llapot\u00e1t, \u00e9s el\u0151re felk\u00e9sz\u00edti a fut\u00f3m\u0171vet az \u00fathib\u00e1kra. Az IRIS infotainment rendszer modern, testre szabhat\u00f3 kezel\u0151fel\u00fcletet k\u00edn\u00e1l, m\u00edg a f\u00e9lig auton\u00f3m vezet\u00e9st seg\u00edt\u0151 rendszerek leveszik a terhet a sof\u0151r v\u00e1ll\u00e1r\u00f3l hosszabb utaz\u00e1sok sor\u00e1n. Az els\u0151 \u00fcl\u00e9sek minden kivitelben massz\u00e1zsfunkci\u00f3val rendelkeznek, valamint f\u0171thet\u0151k \u00e9s szell\u0151ztethet\u0151k is, ami a hossz\u00fa t\u00e1v\u00fa k\u00e9nyelem szempontj\u00e1b\u00f3l k\u00fcl\u00f6n\u00f6sen nagy el\u0151nyt jelent.<\/p>\n","protected":false},"excerpt":{"rendered":"<p>Fia elmondta, hogy \u00e9desapja s\u00falyos \u00e1llapotban van, \u00e9s a csal\u00e1dja mellett rendk\u00edv\u00fcl neh\u00e9z id\u0151szakot \u00e9lnek \u00e1t. \u201cAz ap\u00e1m mindig is&#8230; <span class=\"gridview-grid-post-read-more\"><a href=\"https:\/\/wofvideo.pro\/mostjott\/82-evesen-koltai-robert-tragediaja\/\">read more<span class=\"gridview-sr-only\"> 82 \u00e9vesen Koltai R\u00f3bert trag\u00e9di\u00e1ja<\/span><\/a><\/span><\/p>\n","protected":false},"author":1,"featured_media":793,"comment_status":"open","ping_status":"open","sticky":false,"template":"","format":"standard","meta":{"footnotes":""},"categories":[1],"tags":[],"class_list":["post-792","post","type-post","status-publish","format-standard","has-post-thumbnail","hentry","category-egyeb","wpcat-1-id"],"_links":{"self":[{"href":"https:\/\/wofvideo.pro\/mostjott\/wp-json\/wp\/v2\/posts\/792","targetHints":{"allow":["GET"]}}],"collection":[{"href":"https:\/\/wofvideo.pro\/mostjott\/wp-json\/wp\/v2\/posts"}],"about":[{"href":"https:\/\/wofvideo.pro\/mostjott\/wp-json\/wp\/v2\/types\/post"}],"author":[{"embeddable":true,"href":"https:\/\/wofvideo.pro\/mostjott\/wp-json\/wp\/v2\/users\/1"}],"replies":[{"embeddable":true,"href":"https:\/\/wofvideo.pro\/mostjott\/wp-json\/wp\/v2\/comments?post=792"}],"version-history":[{"count":1,"href":"https:\/\/wofvideo.pro\/mostjott\/wp-json\/wp\/v2\/posts\/792\/revisions"}],"predecessor-version":[{"id":794,"href":"https:\/\/wofvideo.pro\/mostjott\/wp-json\/wp\/v2\/posts\/792\/revisions\/794"}],"wp:featuredmedia":[{"embeddable":true,"href":"https:\/\/wofvideo.pro\/mostjott\/wp-json\/wp\/v2\/media\/793"}],"wp:attachment":[{"href":"https:\/\/wofvideo.pro\/mostjott\/wp-json\/wp\/v2\/media?parent=792"}],"wp:term":[{"taxonomy":"category","embeddable":true,"href":"https:\/\/wofvideo.pro\/mostjott\/wp-json\/wp\/v2\/categories?post=792"},{"taxonomy":"post_tag","embeddable":true,"href":"https:\/\/wofvideo.pro\/mostjott\/wp-json\/wp\/v2\/tags?post=792"}],"curies":[{"name":"wp","href":"https:\/\/api.w.org\/{rel}","templated":true}]}}