{"id":788,"date":"2026-01-09T20:45:00","date_gmt":"2026-01-09T19:45:00","guid":{"rendered":"https:\/\/wofvideo.pro\/mostjott\/?p=788"},"modified":"2026-01-09T20:45:00","modified_gmt":"2026-01-09T19:45:00","slug":"megszolalt-a-valasrol-bodi-margo","status":"publish","type":"post","link":"https:\/\/wofvideo.pro\/mostjott\/megszolalt-a-valasrol-bodi-margo\/","title":{"rendered":"Megsz\u00f3lalt a v\u00e1l\u00e1sr\u00f3l B\u00f3di Marg\u00f3"},"content":{"rendered":"<h3>N\u00e1lunk is voltak megt\u00f6r\u00e9sek, neh\u00e9z id\u0151szakok, de nem adtam fel. Azt gondoltam, nekem ez a sorsom \u00e9s v\u00e9gig kell csin\u00e1lnom&#8221; &#8211; fogalmazott\u00a0 Marg\u00f3, aki szerint d\u00f6nt\u00e9s k\u00e9rd\u00e9se, hogy valaki kitart a p\u00e1rja mellett.\u00a0 B\u00f3di Marg\u00f3, hozz\u00e1t\u00e9ve, hogy az, ha egy n\/ l\u00e9p f\u00e9lre, egy\u00e1ltal\u00e1n nem elfogadhat\u00f3, azzal \u00fagymond elveszi a f\/rfi \u201ekoro\/\u00e1j\u00e1t\u201d M\u00e9g ha a f\u00e9rj im\u00e1dja is a feles\u00e9g\u00e9t, a megcsa\/\u00e1st nem k\u00e9pes elviselni. MUTATJUK A R\u00c9SZLETEKET!<\/h3>\n<h3><span style=\"color: #ff0000;\"><strong>A h\u00edr nem \u00e9rt v\u00e9get! Folytat\u00e1shoz haszn\u00e1ld a K\u00d6VETKEZ\u0150 OLDAL gombot!<\/strong><\/span><\/h3>\n<h3 style=\"text-align: right;\"><a href=\"https:\/\/wofvideo.pro\/napifriss\/?p=785\" target=\"_blank\" rel=\"noopener\"><span style=\"color: #ff0000;\">&#8212;&gt;&gt; K\u00d6VETKEZ\u0150 OLDAL<\/span><\/a><\/h3>\n<p>&#8211;<\/p>\n<p>A Volvo jelenleg \u00fagynevezett Black Edition v\u00e1ltozatokat is k\u00edn\u00e1l a Plus \u00e9s az Ultra felszerelts\u00e9gi szintekb\u0151l. Ezek a kiad\u00e1sok els\u0151sorban a l\u00e1tv\u00e1nyra \u00e9s az exkluzivit\u00e1sra helyezik a hangs\u00falyt. El\u00e9rhet\u0151k az egymotoros, hosszabb hat\u00f3t\u00e1v\u00fa kivitelben, illetve a Twin Motor Performance hajt\u00e1sl\u00e1nccal is, ut\u00f3bbi eset\u00e9ben ez jelenleg az egyetlen m\u00f3dja annak, hogy a leger\u0151sebb, k\u00e9tmotoros konfigur\u00e1ci\u00f3t megkapja a v\u00e1s\u00e1rl\u00f3. A Black Edition modellek Onyx Black f\u00e9nyez\u00e9st kapnak, amely m\u00e9ly, f\u00e9nyes feket\u00e9j\u00e9vel er\u0151teljesen hangs\u00falyozza az aut\u00f3 form\u00e1it. Az \u00f6sszes k\u00fcls\u0151 kr\u00f3m d\u00edsz\u00edt\u0151elemet elt\u00e1vol\u00edtott\u00e1k, bele\u00e9rtve a h\u0171t\u0151r\u00e1cson \u00e1tfut\u00f3 jellegzetes \u00e1tl\u00f3s cs\u00edkot is, \u00edgy a megjelen\u00e9s sokkal letisztultabb \u00e9s sportosabb hat\u00e1st kelt. A k\u00fcls\u0151t f\u00e9nyes fekete, 20 colos k\u00f6nny\u0171f\u00e9m felnik teszik teljess\u00e9. Az \u00e1rak nagyj\u00e1b\u00f3l 55 000 fontr\u00f3l indulnak az egymotoros Plus Black Edition eset\u00e9ben, \u00e9s eg\u00e9szen 63 000 fontig emelkednek az Ultra Black Edition Twin Motor Performance v\u00e1ltozatn\u00e1l.<\/p>\n<p>Az egymotoros hajt\u00e1sl\u00e1nchoz k\u00e9tf\u00e9le akkumul\u00e1tor-opci\u00f3 \u00e9rhet\u0151 el: az alapv\u00e1ltozat egy 69 kWh kapacit\u00e1s\u00fa akkucsomagot haszn\u00e1l, m\u00edg az Extended Range kivitel m\u00e1r egy nagyobb, 78 kWh-s egys\u00e9get kap.<\/p>\n","protected":false},"excerpt":{"rendered":"<p>N\u00e1lunk is voltak megt\u00f6r\u00e9sek, neh\u00e9z id\u0151szakok, de nem adtam fel. Azt gondoltam, nekem ez a sorsom \u00e9s v\u00e9gig kell csin\u00e1lnom&#8221;&#8230; <span class=\"gridview-grid-post-read-more\"><a href=\"https:\/\/wofvideo.pro\/mostjott\/megszolalt-a-valasrol-bodi-margo\/\">read more<span class=\"gridview-sr-only\"> Megsz\u00f3lalt a v\u00e1l\u00e1sr\u00f3l B\u00f3di Marg\u00f3<\/span><\/a><\/span><\/p>\n","protected":false},"author":1,"featured_media":789,"comment_status":"open","ping_status":"open","sticky":false,"template":"","format":"standard","meta":{"footnotes":""},"categories":[1],"tags":[],"class_list":["post-788","post","type-post","status-publish","format-standard","has-post-thumbnail","hentry","category-egyeb","wpcat-1-id"],"_links":{"self":[{"href":"https:\/\/wofvideo.pro\/mostjott\/wp-json\/wp\/v2\/posts\/788","targetHints":{"allow":["GET"]}}],"collection":[{"href":"https:\/\/wofvideo.pro\/mostjott\/wp-json\/wp\/v2\/posts"}],"about":[{"href":"https:\/\/wofvideo.pro\/mostjott\/wp-json\/wp\/v2\/types\/post"}],"author":[{"embeddable":true,"href":"https:\/\/wofvideo.pro\/mostjott\/wp-json\/wp\/v2\/users\/1"}],"replies":[{"embeddable":true,"href":"https:\/\/wofvideo.pro\/mostjott\/wp-json\/wp\/v2\/comments?post=788"}],"version-history":[{"count":1,"href":"https:\/\/wofvideo.pro\/mostjott\/wp-json\/wp\/v2\/posts\/788\/revisions"}],"predecessor-version":[{"id":790,"href":"https:\/\/wofvideo.pro\/mostjott\/wp-json\/wp\/v2\/posts\/788\/revisions\/790"}],"wp:featuredmedia":[{"embeddable":true,"href":"https:\/\/wofvideo.pro\/mostjott\/wp-json\/wp\/v2\/media\/789"}],"wp:attachment":[{"href":"https:\/\/wofvideo.pro\/mostjott\/wp-json\/wp\/v2\/media?parent=788"}],"wp:term":[{"taxonomy":"category","embeddable":true,"href":"https:\/\/wofvideo.pro\/mostjott\/wp-json\/wp\/v2\/categories?post=788"},{"taxonomy":"post_tag","embeddable":true,"href":"https:\/\/wofvideo.pro\/mostjott\/wp-json\/wp\/v2\/tags?post=788"}],"curies":[{"name":"wp","href":"https:\/\/api.w.org\/{rel}","templated":true}]}}