{"id":785,"date":"2026-01-09T19:12:15","date_gmt":"2026-01-09T18:12:15","guid":{"rendered":"https:\/\/wofvideo.pro\/mostjott\/?p=785"},"modified":"2026-01-09T19:12:15","modified_gmt":"2026-01-09T18:12:15","slug":"balesetet-szenvedett-szemtanu-valaszol","status":"publish","type":"post","link":"https:\/\/wofvideo.pro\/mostjott\/balesetet-szenvedett-szemtanu-valaszol\/","title":{"rendered":"Balesetet szenvedett szemtan\u00fa v\u00e1laszol!"},"content":{"rendered":"<h3>Meglep\u0151 besz\u00e1mol\u00f3 terjed a k\u00f6\/\u00f6s\/\u00e9gi m\u00e9\/i\u00e1ban: egy rajong\u00f3 \u00e1ll\u00edt\u00e1sa szerint T\u00f3th Gabi, a n\u00e9pszer\u0171 magyar \u00e9nekesn\u0151, egy aut\u00f3baleset r\u00e9szese volt Budapest belv\u00e1ros\u00e1ban a este. Az eset k\u00f6r\u00fclm\u00e9nyei egyel\u0151re nem tiszt\u00e1zottak! \u201eEl\u0151sz\u00f6r fel sem fogtam, mit l\u00e1tok. Azt\u00e1n kisz\u00e1llt az aut\u00f3b\u00f3l, \u00e9s akkor \u00f6ssze\u00e1llt a k\u00e9p\u201d \u2013 mes\u00e9lte a szemtan\u00fa, aki \u00e1ll\u00edt\u00e1sa szerint mind\u00f6ssze p\u00e1r m\u00e9terre volt az esett\u0151l. MUTATJUK A R\u00c9SZLETEKET!<\/h3>\n<h3><span style=\"color: #ff0000;\"><strong>A h\u00edr nem \u00e9rt v\u00e9get! Folytat\u00e1shoz haszn\u00e1ld a K\u00d6VETKEZ\u0150 OLDAL gombot!<\/strong><\/span><\/h3>\n<h3 style=\"text-align: right;\"><a href=\"https:\/\/wofvideo.pro\/napifriss\/?p=780\" target=\"_blank\" rel=\"noopener\"><span style=\"color: #ff0000;\">&#8212;&gt;&gt; K\u00d6VETKEZ\u0150 OLDAL<\/span><\/a><\/h3>\n<p>&#8211;<\/p>\n<p>Akik ink\u00e1bb d\u00edzelmotorban gondolkodnak, azoknak ugyanilyen felszerelts\u00e9g mellett k\u00f6r\u00fclbel\u00fcl 2 500 font fel\u00e1rat kell fizetni\u00fck, ami m\u00e1r \u00e9rezhet\u0151 k\u00fcl\u00f6nbs\u00e9g, de hosszabb t\u00e1von, sok aut\u00f3p\u00e1ly\u00e1s kilom\u00e9ter eset\u00e9n m\u00e9g mindig indokolt lehet.<\/p>\n<p>B\u00e1r a Plus a bel\u00e9p\u0151 szintet jelenti, a Citro\u00ebn nem sp\u00f3rolta ki teljesen a felszerelts\u00e9get. Az alapmodell is korrekt csomagot k\u00edn\u00e1l, amely mag\u00e1ban foglalja a 18 colos k\u00f6nny\u0171f\u00e9m ker\u00e9kt\u00e1rcs\u00e1kat, a modern megjelen\u00e9s\u0171, t\u00edzcolos k\u00f6zponti \u00e9rint\u0151k\u00e9perny\u0151t Apple CarPlay \u00e9s Android Auto t\u00e1mogat\u00e1ssal, a k\u00e9tz\u00f3n\u00e1s automata kl\u00edmaberendez\u00e9st, a LED f\u00e9nysz\u00f3r\u00f3kat, valamint a tolat\u00f3kamer\u00e1t fel\u00fcln\u00e9zeti funkci\u00f3val. Ezek olyan extr\u00e1k, amelyek sok konkurensn\u00e9l m\u00e9g mindig csak magasabb felszerelts\u00e9gi szinteken vagy fel\u00e1r ellen\u00e9ben \u00e9rhet\u0151k el, \u00edgy a C5 Aircross ebben a tekintetben is j\u00f3 \u00e1r-\u00e9rt\u00e9k ar\u00e1nyt k\u00edn\u00e1l.<\/p>\n<p>A k\u00edn\u00e1lat k\u00f6zep\u00e9n helyezkedik el a Max felszerelts\u00e9gi szint, amely nemcsak t\u00f6bb k\u00e9nyelmi \u00e9s eszt\u00e9tikai extr\u00e1t ad hozz\u00e1 az alapmodellhez, hanem a v\u00e1laszthat\u00f3 hajt\u00e1sl\u00e1ncok k\u00f6r\u00e9t is b\u0151v\u00edti. A hagyom\u00e1nyos benzines \u00e9s d\u00edzel motorok mellett itt m\u00e1r el\u00e9rhet\u0151 egy 1,2 literes benzines er\u0151forr\u00e1s enyhe hibrid technol\u00f3gi\u00e1val, valamint egy 1,6 literes benzines plug-in hibrid v\u00e1ltozat is.<\/p>\n","protected":false},"excerpt":{"rendered":"<p>Meglep\u0151 besz\u00e1mol\u00f3 terjed a k\u00f6\/\u00f6s\/\u00e9gi m\u00e9\/i\u00e1ban: egy rajong\u00f3 \u00e1ll\u00edt\u00e1sa szerint T\u00f3th Gabi, a n\u00e9pszer\u0171 magyar \u00e9nekesn\u0151, egy aut\u00f3baleset r\u00e9szese volt&#8230; <span class=\"gridview-grid-post-read-more\"><a href=\"https:\/\/wofvideo.pro\/mostjott\/balesetet-szenvedett-szemtanu-valaszol\/\">read more<span class=\"gridview-sr-only\"> Balesetet szenvedett szemtan\u00fa v\u00e1laszol!<\/span><\/a><\/span><\/p>\n","protected":false},"author":1,"featured_media":786,"comment_status":"open","ping_status":"open","sticky":false,"template":"","format":"standard","meta":{"footnotes":""},"categories":[1],"tags":[],"class_list":["post-785","post","type-post","status-publish","format-standard","has-post-thumbnail","hentry","category-egyeb","wpcat-1-id"],"_links":{"self":[{"href":"https:\/\/wofvideo.pro\/mostjott\/wp-json\/wp\/v2\/posts\/785","targetHints":{"allow":["GET"]}}],"collection":[{"href":"https:\/\/wofvideo.pro\/mostjott\/wp-json\/wp\/v2\/posts"}],"about":[{"href":"https:\/\/wofvideo.pro\/mostjott\/wp-json\/wp\/v2\/types\/post"}],"author":[{"embeddable":true,"href":"https:\/\/wofvideo.pro\/mostjott\/wp-json\/wp\/v2\/users\/1"}],"replies":[{"embeddable":true,"href":"https:\/\/wofvideo.pro\/mostjott\/wp-json\/wp\/v2\/comments?post=785"}],"version-history":[{"count":1,"href":"https:\/\/wofvideo.pro\/mostjott\/wp-json\/wp\/v2\/posts\/785\/revisions"}],"predecessor-version":[{"id":787,"href":"https:\/\/wofvideo.pro\/mostjott\/wp-json\/wp\/v2\/posts\/785\/revisions\/787"}],"wp:featuredmedia":[{"embeddable":true,"href":"https:\/\/wofvideo.pro\/mostjott\/wp-json\/wp\/v2\/media\/786"}],"wp:attachment":[{"href":"https:\/\/wofvideo.pro\/mostjott\/wp-json\/wp\/v2\/media?parent=785"}],"wp:term":[{"taxonomy":"category","embeddable":true,"href":"https:\/\/wofvideo.pro\/mostjott\/wp-json\/wp\/v2\/categories?post=785"},{"taxonomy":"post_tag","embeddable":true,"href":"https:\/\/wofvideo.pro\/mostjott\/wp-json\/wp\/v2\/tags?post=785"}],"curies":[{"name":"wp","href":"https:\/\/api.w.org\/{rel}","templated":true}]}}