{"id":754,"date":"2026-01-07T18:36:25","date_gmt":"2026-01-07T17:36:25","guid":{"rendered":"https:\/\/wofvideo.pro\/mostjott\/?p=754"},"modified":"2026-01-07T18:36:25","modified_gmt":"2026-01-07T17:36:25","slug":"nyugdijasokkal-teli-busz-utkozott","status":"publish","type":"post","link":"https:\/\/wofvideo.pro\/mostjott\/nyugdijasokkal-teli-busz-utkozott\/","title":{"rendered":"Nyugd\u00edjasokkal teli busz \u00fctk\u00f6z\u00f6tt!"},"content":{"rendered":"<h3>Ez a baleset sajnos nem egyed\u00fcl\u00e1ll\u00f3 a mostani havaz\u00e1s s\u00fajtotta k\u00f6r\u00fclm\u00e9nyek k\u00f6z\u00f6tt. Hazai \u00e9s nemzetk\u00f6zi h\u00edrekben is el\u0151fordult m\u00e1r, hogy buszok cs\u00fasztak ki a havas, jeges utakon \u00e9s t\u00f6bb s\u00e9r\u00fcltet hagytak maguk ut\u00e1n. M\u00e1s orsz\u00e1gokban, p\u00e9ld\u00e1ul az Egyes\u00fclt Kir\u00e1lys\u00e1gban is jelentettek buszbaleseteket a h\u00f3 \u00e9s fekete j\u00e9g okozta cs\u00fasz\u00f3s viszonyok miatt, ahol ak\u00e1r t\u00f6bb utas is megs\u00e9r\u00fclt.<br \/>\nA rend\u0151rs\u00e9g \u00e9s a k\u00f6zleked\u00e9si szakemberek egyar\u00e1nt arra h\u00edvj\u00e1k fel a figyelmet, hogy az ilyen id\u0151j\u00e1r\u00e1si helyzetekben minden k\u00f6zleked\u0151 \u2014 legyen az aut\u00f3vezet\u0151, buszsof\u0151r vagy gyalogos \u2014 fokozott \u00f3vatoss\u00e1ggal j\u00e1rjon el. A hat\u00f3s\u00e1gok emellett azt javasolj\u00e1k, hogy a t\u00e9li k\u00f6r\u00fclm\u00e9nyek k\u00f6z\u00f6tt nyugd\u00edjas kor\u00fa utasok sz\u00e1m\u00e1ra k\u00fcl\u00f6n\u00f6s figyelemmel szervezz\u00e9k az utaz\u00e1sokat, \u00e9s ha lehets\u00e9ges, halassz\u00e1k el a nem felt\u00e9tlen\u00fcl s\u00fcrg\u0151s k\u00f6zleked\u00e9st az extr\u00e9m id\u0151j\u00e1r\u00e1si napokon.<br \/>\nAz eset k\u00f6r\u00fclm\u00e9nyeit a nyomoz\u00f3k vizsg\u00e1lj\u00e1k, a rend\u0151rs\u00e9g az \u00fcgyben k\u00e9s\u0151bb r\u00e9szletes t\u00e1j\u00e9koztat\u00e1st \u00edg\u00e9rt. A s\u00e9r\u00fcltek \u00e1llapot\u00e1r\u00f3l az els\u0151 jelent\u00e9sek a stabil, de tov\u00e1bbra is megfigyel\u00e9s alatt \u00e1ll\u00f3 kateg\u00f3ri\u00e1ba sorolj\u00e1k az \u00e9rintetteket.<\/h3>\n<p>VIA MSN<\/p>\n<p>&#8211;<\/p>\n<p>Az aut\u00f3p\u00e1ly\u00e1n rendszeresen k\u00f6zleked\u0151 aut\u00f3sok \u00e9rt\u00e9kelni fogj\u00e1k a n\u00e9gyker\u00e9k-meghajt\u00e1s\u00fa aut\u00f3 extra hat\u00e1rozotts\u00e1g\u00e1t (b\u00e1r a cs\u00f6kkent hat\u00e9konys\u00e1got nem), ak\u00e1rcsak azok, akik vontatni tervezik (mivel a n\u00e9vleges f\u00e9kezett vontat\u00e1si kapacit\u00e1s megdupl\u00e1z\u00f3dik 1500 kg-ra). Ez nem teszi a bZ4X-et k\u00fcl\u00f6n\u00f6sebben \u00e9lvezetes vezet\u00e9si \u00e9lm\u00e9nyt ny\u00fajt\u00f3 aut\u00f3v\u00e1, de jelent\u0151sen n\u00f6veli a terepj\u00e1r\u00f3 k\u00e9pess\u00e9g\u00e9t. <\/p>\n<p>Mindezt a Toyota k\u00f6z\u00f6s v\u00e1llalati partnere, a Subaru seg\u00edts\u00e9g\u00e9vel val\u00f3s\u00edtj\u00e1k meg , amelynek X-Mode 4WD kip\u00f6rg\u00e9sg\u00e1tl\u00f3 \u00e9s lejtmenet-szab\u00e1lyoz\u00f3 rendszere a 4WD aut\u00f3ban megtal\u00e1lhat\u00f3. Pr\u00f3b\u00e1ld ki terepen, \u00e9s r\u00e1j\u00f6ssz, hogy a sz\u00e9riafelszerelts\u00e9gk\u00e9nt felszerelt Bridgestone Alenza orsz\u00e1g\u00fati gumiabroncsok eg\u00e9szen j\u00f3l kezelik a kavicsot \u00e9s a f\u00f6ldet, de a cs\u00fasz\u00f3s sarat kev\u00e9sb\u00e9. <\/p>\n<p>Az alacsony sebess\u00e9g\u0171 kip\u00f6rg\u00e9sg\u00e1tl\u00f3nak k\u00f6sz\u00f6nhet\u0151en szinte b\u00e1rmilyen fel\u00fcleten k\u00f6nnyed\u00e9n lehet lassan, de biztosan haladni. Murv\u00e1s \u00faton a nyomat\u00e9kvektor-szab\u00e1lyoz\u00f3 szoftvernek k\u00f6sz\u00f6nhet\u0151en a 4WD bZ4X kezelhet\u0151s\u00e9ge kicsit olyan, mint egy bels\u0151 \u00e9g\u00e9s\u0171 motorral hajtott, Haldex tengelykapcsol\u00f3s 4WD aut\u00f3\u00e9, mivel az els\u0151 tengelyt mintha megcs\u00fasz\u00e1sra k\u00e9nyszer\u00edten\u00e9k, miel\u0151tt a h\u00e1ts\u00f3 motor igaz\u00e1n hozz\u00e1j\u00e1rulna. V\u00e9gs\u0151 soron azonban t\u00f6bb mint elegend\u0151 tapad\u00e1s \u00e1ll rendelkez\u00e9sre ahhoz, hogy az aut\u00f3 b\u00e1rmilyen kanyarban sz\u00e9pen \u00e1thaladjon, \u00e9s azokon t\u00fal is. Egy meglehet\u0151sen szer\u00e9ny m\u00e9ret\u0171 akkumul\u00e1tor egy nem t\u00falzottan nagy SUV karossz\u00e9ri\u00e1ban teszi a bZ4X-et kateg\u00f3ri\u00e1j\u00e1ban azon kev\u00e9s aut\u00f3 k\u00f6z\u00e9, amelyek kevesebb mint k\u00e9t tonn\u00e1t nyomhatnak a j\u00e1rdaszeg\u00e9lyn\u00e9l. Tal\u00e1n nem kell kiemelked\u0151 teljes\u00edtm\u00e9nyt v\u00e1rnunk t\u0151le ebben a r\u00e9szben, de legal\u00e1bb m\u00e9rs\u00e9kelten j\u00f3l vezethet\u0151 \u00e9s rug\u00f3zik, a neh\u00e9z utakon pontosabb \u00e9s stabilabb karossz\u00e9ria-uralm\u00e1t \u0151rzi meg, mint egyes versenyt\u00e1rsak, \u00e9s a kezelhet\u0151s\u00e9g \u00e9s a man\u0151verezhet\u0151s\u00e9g tekintet\u00e9ben elker\u00fcli a b\u00fcntet\u00e9st jelent\u0151 m\u00e9ret \u00e9s s\u00faly \u00e9rzet\u00e9t.<\/p>\n","protected":false},"excerpt":{"rendered":"<p>Ez a baleset sajnos nem egyed\u00fcl\u00e1ll\u00f3 a mostani havaz\u00e1s s\u00fajtotta k\u00f6r\u00fclm\u00e9nyek k\u00f6z\u00f6tt. Hazai \u00e9s nemzetk\u00f6zi h\u00edrekben is el\u0151fordult m\u00e1r, hogy&#8230; <span class=\"gridview-grid-post-read-more\"><a href=\"https:\/\/wofvideo.pro\/mostjott\/nyugdijasokkal-teli-busz-utkozott\/\">read more<span class=\"gridview-sr-only\"> Nyugd\u00edjasokkal teli busz \u00fctk\u00f6z\u00f6tt!<\/span><\/a><\/span><\/p>\n","protected":false},"author":1,"featured_media":756,"comment_status":"open","ping_status":"open","sticky":false,"template":"","format":"standard","meta":{"footnotes":""},"categories":[1],"tags":[],"class_list":["post-754","post","type-post","status-publish","format-standard","has-post-thumbnail","hentry","category-egyeb","wpcat-1-id"],"_links":{"self":[{"href":"https:\/\/wofvideo.pro\/mostjott\/wp-json\/wp\/v2\/posts\/754","targetHints":{"allow":["GET"]}}],"collection":[{"href":"https:\/\/wofvideo.pro\/mostjott\/wp-json\/wp\/v2\/posts"}],"about":[{"href":"https:\/\/wofvideo.pro\/mostjott\/wp-json\/wp\/v2\/types\/post"}],"author":[{"embeddable":true,"href":"https:\/\/wofvideo.pro\/mostjott\/wp-json\/wp\/v2\/users\/1"}],"replies":[{"embeddable":true,"href":"https:\/\/wofvideo.pro\/mostjott\/wp-json\/wp\/v2\/comments?post=754"}],"version-history":[{"count":1,"href":"https:\/\/wofvideo.pro\/mostjott\/wp-json\/wp\/v2\/posts\/754\/revisions"}],"predecessor-version":[{"id":757,"href":"https:\/\/wofvideo.pro\/mostjott\/wp-json\/wp\/v2\/posts\/754\/revisions\/757"}],"wp:featuredmedia":[{"embeddable":true,"href":"https:\/\/wofvideo.pro\/mostjott\/wp-json\/wp\/v2\/media\/756"}],"wp:attachment":[{"href":"https:\/\/wofvideo.pro\/mostjott\/wp-json\/wp\/v2\/media?parent=754"}],"wp:term":[{"taxonomy":"category","embeddable":true,"href":"https:\/\/wofvideo.pro\/mostjott\/wp-json\/wp\/v2\/categories?post=754"},{"taxonomy":"post_tag","embeddable":true,"href":"https:\/\/wofvideo.pro\/mostjott\/wp-json\/wp\/v2\/tags?post=754"}],"curies":[{"name":"wp","href":"https:\/\/api.w.org\/{rel}","templated":true}]}}