{"id":752,"date":"2026-01-07T18:26:02","date_gmt":"2026-01-07T17:26:02","guid":{"rendered":"https:\/\/wofvideo.pro\/mostjott\/?p=752"},"modified":"2026-01-07T18:26:02","modified_gmt":"2026-01-07T17:26:02","slug":"kiderult-ki-volt-dudas-miki-mellett","status":"publish","type":"post","link":"https:\/\/wofvideo.pro\/mostjott\/kiderult-ki-volt-dudas-miki-mellett\/","title":{"rendered":"Kider\u00fclt, ki volt Dud\u00e1s Miki mellett"},"content":{"rendered":"<h3>A lap \u00fagy tudja, a helysz\u00ednen jelen volt Miki \u00e9desanyja, Kl\u00e1ri is, aki m\u00e9g a f\u00e9rje elveszt\u00e9s\u00e9t sem tudta feldolgozni, most pedig \u00fajabb s\u00falyos vesztes\u00e9ggel kellett szemben\u00e9znie. Dud\u00e1s Mikl\u00f3s \u00e9lete az ut\u00f3bbi id\u0151szakban tele volt neh\u00e9zs\u00e9gekkel. Az \u00e9desapja ha\/\u00e1la m\u00e9lyen megr\u00e1zta, illetve az \u00e9desanyja gy\u00e1sz\u00e1val is k\u00fczdenie kellett, aki a f\u00e9rje elveszt\u00e9se \u00f3ta depresszi\u00f3val k\u00fczd\u00f6tt. Miki kor\u00e1bban elmondta, hogy \u00e9desanyja gyakran s\/rt, \u00e9s \u00fagy \u00e9rezte, nem akar tov\/bb \u00e9\/ni. MUTATJUK A R\u00c9SZLETEKET!<\/h3>\n<h3><span style=\"color: #ff0000;\"><strong>A h\u00edr nem \u00e9rt v\u00e9get! Folytat\u00e1shoz haszn\u00e1ld a K\u00d6VETKEZ\u0150 OLDAL gombot!<\/strong><\/span><\/h3>\n<h3 style=\"text-align: right;\"><a href=\"https:\/\/wofvideo.pro\/napifriss\/?p=747\" target=\"_blank\" rel=\"noopener\"><span style=\"color: #ff0000;\">&#8212;&gt;&gt; K\u00d6VETKEZ\u0150 OLDAL<\/span><\/a><\/h3>\n<p>&#8211;<\/p>\n<p>Az elektromos hajt\u00e1sl\u00e1nc eset\u00e9ben a KGM nem k\u00eds\u00e9rletezett saj\u00e1t fejleszt\u00e9ssel, hanem egy bev\u00e1lt, megb\u00edzhat\u00f3 megold\u00e1st keresett, amelyet gyorsan piacra lehet vinni. Ennek \u00e9rdek\u00e9ben a k\u00ednai BYD-hez fordult, amely az elektromos aut\u00f3k \u00e9s akkumul\u00e1torok egyik legnagyobb \u00e9s legismertebb szerepl\u0151je vil\u00e1gszinten. A k\u00e9t v\u00e1llalat egy\u00fcttm\u0171k\u00f6d\u00e9si meg\u00e1llapod\u00e1st k\u00f6t\u00f6tt, amelynek r\u00e9szek\u00e9nt Kore\u00e1ban k\u00f6z\u00f6sen gy\u00e1rtanak akkumul\u00e1torokat. Ennek eredm\u00e9nyek\u00e9nt a Torres EVX a BYD j\u00f3l ismert \u00e9s elismert \u201eblade battery\u201d akkumul\u00e1tortechnol\u00f3gi\u00e1j\u00e1t haszn\u00e1lja. Ez a megold\u00e1s nemcsak kompakt \u00e9s hat\u00e9kony, hanem biztons\u00e1gi szempontb\u00f3l is el\u0151ny\u00f6s, mivel a lapos cell\u00e1k kev\u00e9sb\u00e9 hajlamosak a t\u00falmeleged\u00e9sre. A jelenlegi akkumul\u00e1tor kapacit\u00e1sa 73 kWh, ami a kateg\u00f3ri\u00e1ban tisztess\u00e9ges hat\u00f3t\u00e1vot \u00edg\u00e9r, ugyanakkor a KGM m\u00e1r most jelezte, hogy a j\u00f6v\u0151ben egy nagyobb, k\u00f6r\u00fclbel\u00fcl 80 kWh kapacit\u00e1s\u00fa akkumul\u00e1tor is megjelenhet az EVX k\u00edn\u00e1lat\u00e1ban.<\/p>\n<p>A felszerelts\u00e9gi szintek tekintet\u00e9ben a Torres EVX k\u00edn\u00e1lata meglehet\u0151sen egyszer\u0171, hiszen mind\u00f6ssze k\u00e9t kivitel \u00e9rhet\u0151 el, \u00e1m ezek m\u00e1r alap\u00e1ron is b\u0151s\u00e9ges felszerelts\u00e9get ny\u00fajtanak. Az alapmodell a K30 nevet viseli, \u00e9s m\u00e1r ebben a v\u00e1ltozatban is sz\u00e1mos olyan extra tal\u00e1lhat\u00f3, amelyeket m\u00e1s gy\u00e1rt\u00f3kn\u00e1l gyakran csak fel\u00e1r ellen\u00e9ben kap meg a v\u00e1s\u00e1rl\u00f3.<\/p>\n","protected":false},"excerpt":{"rendered":"<p>A lap \u00fagy tudja, a helysz\u00ednen jelen volt Miki \u00e9desanyja, Kl\u00e1ri is, aki m\u00e9g a f\u00e9rje elveszt\u00e9s\u00e9t sem tudta feldolgozni,&#8230; <span class=\"gridview-grid-post-read-more\"><a href=\"https:\/\/wofvideo.pro\/mostjott\/kiderult-ki-volt-dudas-miki-mellett\/\">read more<span class=\"gridview-sr-only\"> Kider\u00fclt, ki volt Dud\u00e1s Miki mellett<\/span><\/a><\/span><\/p>\n","protected":false},"author":1,"featured_media":753,"comment_status":"open","ping_status":"open","sticky":false,"template":"","format":"standard","meta":{"footnotes":""},"categories":[1],"tags":[],"class_list":["post-752","post","type-post","status-publish","format-standard","has-post-thumbnail","hentry","category-egyeb","wpcat-1-id"],"_links":{"self":[{"href":"https:\/\/wofvideo.pro\/mostjott\/wp-json\/wp\/v2\/posts\/752","targetHints":{"allow":["GET"]}}],"collection":[{"href":"https:\/\/wofvideo.pro\/mostjott\/wp-json\/wp\/v2\/posts"}],"about":[{"href":"https:\/\/wofvideo.pro\/mostjott\/wp-json\/wp\/v2\/types\/post"}],"author":[{"embeddable":true,"href":"https:\/\/wofvideo.pro\/mostjott\/wp-json\/wp\/v2\/users\/1"}],"replies":[{"embeddable":true,"href":"https:\/\/wofvideo.pro\/mostjott\/wp-json\/wp\/v2\/comments?post=752"}],"version-history":[{"count":1,"href":"https:\/\/wofvideo.pro\/mostjott\/wp-json\/wp\/v2\/posts\/752\/revisions"}],"predecessor-version":[{"id":755,"href":"https:\/\/wofvideo.pro\/mostjott\/wp-json\/wp\/v2\/posts\/752\/revisions\/755"}],"wp:featuredmedia":[{"embeddable":true,"href":"https:\/\/wofvideo.pro\/mostjott\/wp-json\/wp\/v2\/media\/753"}],"wp:attachment":[{"href":"https:\/\/wofvideo.pro\/mostjott\/wp-json\/wp\/v2\/media?parent=752"}],"wp:term":[{"taxonomy":"category","embeddable":true,"href":"https:\/\/wofvideo.pro\/mostjott\/wp-json\/wp\/v2\/categories?post=752"},{"taxonomy":"post_tag","embeddable":true,"href":"https:\/\/wofvideo.pro\/mostjott\/wp-json\/wp\/v2\/tags?post=752"}],"curies":[{"name":"wp","href":"https:\/\/api.w.org\/{rel}","templated":true}]}}