{"id":75,"date":"2025-11-24T16:57:46","date_gmt":"2025-11-24T15:57:46","guid":{"rendered":"https:\/\/wofvideo.pro\/mostjott\/?p=75"},"modified":"2025-11-24T16:57:46","modified_gmt":"2025-11-24T15:57:46","slug":"varatlan-fordulat-budapesten","status":"publish","type":"post","link":"https:\/\/wofvideo.pro\/mostjott\/varatlan-fordulat-budapesten\/","title":{"rendered":"V\u00e1ratlan fordulat Budapesten!"},"content":{"rendered":"<h3>A Budapesti Rend\u0151r-f\u0151kapit\u00e1nys\u00e1g h\u00e9tf\u0151n hivatalosan is r\u00f6gz\u00edtette a demonstr\u00e1ci\u00f3t, amely november 28-\u00e1n 7 \u00f3r\u00e1t\u00f3l eg\u00e9szen 20 \u00f3r\u00e1ig tarthat a V\u00e1ci \u00faton. A t\u00fcntet\u00e9s bejelent\u0151je T\u00f3th Zolt\u00e1n L\u00e1szl\u00f3, aki a 24-nak k\u00fcld\u00f6tt \u00e9rtes\u00edt\u00e9si lev\u00e9lben jelezte: tematikus programmal k\u00e9sz\u00fclnek, \u00e9s els\u0151sorban azokat v\u00e1rj\u00e1k, \u201eakiket az \u00e1llami c\u00e9g ad\u00f3ss\u00e1gba h\u00fazott be\u201d.<\/h3>\n<h3><span style=\"color: #ff0000;\"><strong>A h\u00edr nem \u00e9rt v\u00e9get! Folytat\u00e1shoz haszn\u00e1ld a K\u00d6VETKEZ\u0150 OLDAL gombot!<\/strong><\/span><\/h3>\n<h3 style=\"text-align: right;\"><a href=\"https:\/\/wofvideo.pro\/napifriss\/?p=73\" target=\"_blank\" rel=\"noopener\"><span style=\"color: #ff0000;\">&#8212;&gt;&gt; K\u00d6VETKEZ\u0150 OLDAL<\/span><\/a><\/h3>\n<p>&#8211;<\/p>\n<p>Aut\u00f3p\u00e1lya-temp\u00f3n\u00e1l a Geely val\u00f3ban kifinomult benyom\u00e1st kelt, ami kifejezetten \u00fcdv\u00f6zlend\u0151 egy csal\u00e1dbar\u00e1t SUV eset\u00e9ben. A hajt\u00e1sl\u00e1nc szinte teljes csendben m\u0171k\u00f6dik \u2013 alacsony sebess\u00e9gn\u00e9l legfeljebb egy halk, tompa z\u00fcmm\u00f6g\u00e9s hallatszik \u2013, \u00e9s a menetsz\u00e9l, illetve az \u00fathang is meglep\u0151en j\u00f3l kord\u00e1ban van tartva. Mindez egy\u00fctt azt eredm\u00e9nyezi, hogy hossz\u00fa utakon is gond n\u00e9lk\u00fcl v\u00e1llaln\u00e1nk az EX5 akkumul\u00e1tor\u00e1nak teljes lemer\u00edt\u00e9s\u00e9ig tart\u00f3 vezet\u00e9st, mert az aut\u00f3 \u00e1ltal\u00e1nos komfortszintje \u00e9s nyugalma egy\u00e1ltal\u00e1n nem f\u00e1raszt\u00f3.<\/p>\n<p>A rug\u00f3z\u00e1s alapvet\u0151en k\u00e9nyelmes marad, de a fut\u00f3m\u0171 id\u0151nk\u00e9nt hajlamos kiss\u00e9 lebeg\u0151snek \u00e9rz\u0151dni, mintha a karossz\u00e9ria finoman hint\u00e1zna az \u00fathull\u00e1mokon. Ez nem v\u00e1lik igaz\u00e1n zavar\u00f3v\u00e1, ink\u00e1bb csak eml\u00e9keztet arra, hogy a fut\u00f3m\u0171hangol\u00e1s ink\u00e1bb a komfortot, mintsem a sportos feszess\u00e9get c\u00e9lozza.<\/p>\n","protected":false},"excerpt":{"rendered":"<p>A Budapesti Rend\u0151r-f\u0151kapit\u00e1nys\u00e1g h\u00e9tf\u0151n hivatalosan is r\u00f6gz\u00edtette a demonstr\u00e1ci\u00f3t, amely november 28-\u00e1n 7 \u00f3r\u00e1t\u00f3l eg\u00e9szen 20 \u00f3r\u00e1ig tarthat a V\u00e1ci&#8230; <span class=\"gridview-grid-post-read-more\"><a href=\"https:\/\/wofvideo.pro\/mostjott\/varatlan-fordulat-budapesten\/\">read more<span class=\"gridview-sr-only\"> V\u00e1ratlan fordulat Budapesten!<\/span><\/a><\/span><\/p>\n","protected":false},"author":1,"featured_media":76,"comment_status":"open","ping_status":"open","sticky":false,"template":"","format":"standard","meta":{"footnotes":""},"categories":[1],"tags":[],"class_list":["post-75","post","type-post","status-publish","format-standard","has-post-thumbnail","hentry","category-egyeb","wpcat-1-id"],"_links":{"self":[{"href":"https:\/\/wofvideo.pro\/mostjott\/wp-json\/wp\/v2\/posts\/75","targetHints":{"allow":["GET"]}}],"collection":[{"href":"https:\/\/wofvideo.pro\/mostjott\/wp-json\/wp\/v2\/posts"}],"about":[{"href":"https:\/\/wofvideo.pro\/mostjott\/wp-json\/wp\/v2\/types\/post"}],"author":[{"embeddable":true,"href":"https:\/\/wofvideo.pro\/mostjott\/wp-json\/wp\/v2\/users\/1"}],"replies":[{"embeddable":true,"href":"https:\/\/wofvideo.pro\/mostjott\/wp-json\/wp\/v2\/comments?post=75"}],"version-history":[{"count":1,"href":"https:\/\/wofvideo.pro\/mostjott\/wp-json\/wp\/v2\/posts\/75\/revisions"}],"predecessor-version":[{"id":77,"href":"https:\/\/wofvideo.pro\/mostjott\/wp-json\/wp\/v2\/posts\/75\/revisions\/77"}],"wp:featuredmedia":[{"embeddable":true,"href":"https:\/\/wofvideo.pro\/mostjott\/wp-json\/wp\/v2\/media\/76"}],"wp:attachment":[{"href":"https:\/\/wofvideo.pro\/mostjott\/wp-json\/wp\/v2\/media?parent=75"}],"wp:term":[{"taxonomy":"category","embeddable":true,"href":"https:\/\/wofvideo.pro\/mostjott\/wp-json\/wp\/v2\/categories?post=75"},{"taxonomy":"post_tag","embeddable":true,"href":"https:\/\/wofvideo.pro\/mostjott\/wp-json\/wp\/v2\/tags?post=75"}],"curies":[{"name":"wp","href":"https:\/\/api.w.org\/{rel}","templated":true}]}}