{"id":749,"date":"2026-01-07T17:41:44","date_gmt":"2026-01-07T16:41:44","guid":{"rendered":"https:\/\/wofvideo.pro\/mostjott\/?p=749"},"modified":"2026-01-07T17:41:44","modified_gmt":"2026-01-07T16:41:44","slug":"elhunyt-a-kincsvadaszok-szereploje","status":"publish","type":"post","link":"https:\/\/wofvideo.pro\/mostjott\/elhunyt-a-kincsvadaszok-szereploje\/","title":{"rendered":"Elhunyt a Kincsvad\u00e1szok szerepl\u0151je"},"content":{"rendered":"<h3>A sz\u00edvszor\u00edt\u00f3 epiz\u00f3dban Schmuck Andor is szerepel, akit m\u00e9g egyszer l\u00e1thatunk a Kincsvad\u00e1szokban.<br \/>\nA k\u00f6zismert m\u00e9diaszerepl\u0151 tavaly j\u00faliusban, 54 \u00e9ves kor\u00e1ban hunyt el, hossz\u00fa, s\u00falyos betegs\u00e9g ut\u00e1n. Hal\u00e1la m\u00e9lyen megr\u00e1zta az orsz\u00e1got, k\u00fcl\u00f6n\u00f6sen az\u00e9rt, mert utols\u00f3 id\u0151szak\u00e1ban is m\u00e1sokra gondolt, \u00e9s \u00e9rt\u00e9keit j\u00f3t\u00e9kony c\u00e9lokra aj\u00e1nlotta fel.<br \/>\nMost azonban a TV2 levet\u00edti azt az ad\u00e1st, amelyben m\u00e9g teljes erej\u00e9ben, \u00f6nazonosan \u00e9s m\u00e9lt\u00f3s\u00e1ggal jelenik meg.<br \/>\nEz az epiz\u00f3d nemcsak egy m\u0171sor lesz \u2013 hanem b\u00facs\u00fa, egy utols\u00f3 \u00fczenet a n\u00e9z\u0151knek.<br \/>\nA Kincsvad\u00e1szok VIP janu\u00e1r 24-t\u0151l, szombat est\u00e9nk\u00e9nt indul Till\u00e1val \u2013 de ez az ad\u00e1s biztosan \u00f6r\u00f6kre eml\u00e9kezetes marad.<\/h3>\n<p>VIA femcafe<\/p>\n<p>&#8211;<\/p>\n<p>Els\u0151re \u00fagy t\u0171nhet, hogy ez a Toyota Aygo X kisebbfajta r\u00e1ncfelvarr\u00e1s\u00e1nak esete , kiss\u00e9 \u00e1ttervezett orr-r\u00e9sszel, n\u00e9h\u00e1ny \u00faj sz\u00ednnel \u00e9s d\u00edsz\u00edt\u00e9ssel, valamint nagyr\u00e9szt \u00e9rintetlen bels\u0151 t\u00e9rrel.<br \/>\nT\u00e1volr\u00f3l sem. A Toyota sz\u00f3 szerint belezs\u00fafolta a v\u00e1ltoztat\u00e1sokat a k\u00fcls\u0151 al\u00e1: ez gyakorlatilag egy \u00faj g\u00e9p, amit egy megl\u00e9v\u0151 karossz\u00e9ri\u00e1j\u00e1ba cipeltek.<br \/>\nMiel\u0151tt kifejten\u00e9nk, mi v\u00e1ltozott a v\u00e1rosi aut\u00f3n, a v\u00e1ltoz\u00e1sok k\u00f6vetkezm\u00e9nyei egyetlen statisztik\u00e1ban \u00f6sszegezhet\u0151k: 86 mpg. Ez volt a figyelemre m\u00e9lt\u00f3, jelzett \u00fczemanyag-fogyaszt\u00e1s \u2013 b\u00e1rmif\u00e9le hiperm\u00e9rf\u00f6ldes er\u0151fesz\u00edt\u00e9s n\u00e9lk\u00fcl \u2013, amelyet az Aygo X tesztaut\u00f3nk egy kib\u0151v\u00edtett, v\u00e1rosi utc\u00e1kat, vid\u00e9ki utakat \u00e9s n\u00e9h\u00e1ny aut\u00f3p\u00e1ly\u00e1t is mag\u00e1ban foglal\u00f3 tesztk\u00f6r ut\u00e1n \u00e9rt el, meghaladva a m\u00e1r am\u00fagy is leny\u0171g\u00f6z\u0151 74,3 mpg hivatalos adatot.<\/p>\n<p>Teh\u00e1t iszonyatosan hat\u00e9kony, \u00e9s egy teljes k\u00f6r\u0171 m\u0171szeres k\u00f6z\u00fati teszt a MIRA-ban n\u00e9h\u00e1ny h\u00e9t m\u00falva tov\u00e1bbi f\u00e9nyt der\u00edt majd az Aygo X takar\u00e9koss\u00e1g\u00e1nak val\u00f3di m\u00e9rt\u00e9k\u00e9re.<br \/>\nEz a hat\u00e9konys\u00e1g \u2013 \u00e9s az aut\u00f3 alacsony, 87 g\/km-es CO2-kibocs\u00e1t\u00e1sa \u2013 r\u00e9szben annak k\u00f6sz\u00f6nhet\u0151, hogy a Toyota \u00fagy d\u00f6nt\u00f6tt, hogy az Aygo X 1,0 literes, h\u00e1romhengeres benzinmotorj\u00e1t a nagyobb  Toyota Yarisban alkalmazott 1,5 literes hibrid rendszerre cser\u00e9lte . \u00c9s ez teszi egyed\u00fcl\u00e1ll\u00f3v\u00e1 az Aygo X-et: ez az egyetlen full hibrid a v\u00e1rosi aut\u00f3k kateg\u00f3ri\u00e1j\u00e1ban . Ez a l\u00e9p\u00e9s c\u00e9lja, hogy a modell alternat\u00edv\u00e1t jelentsen a n\u00f6vekv\u0151 sz\u00e1m\u00fa kism\u00e9ret\u0171 elektromos aut\u00f3kkal szemben, nem is besz\u00e9lve arr\u00f3l, hogy seg\u00edti a Toyota flott\u00e1j\u00e1nak emisszi\u00f3s c\u00e9ljainak el\u00e9r\u00e9s\u00e9t.<\/p>\n","protected":false},"excerpt":{"rendered":"<p>A sz\u00edvszor\u00edt\u00f3 epiz\u00f3dban Schmuck Andor is szerepel, akit m\u00e9g egyszer l\u00e1thatunk a Kincsvad\u00e1szokban. A k\u00f6zismert m\u00e9diaszerepl\u0151 tavaly j\u00faliusban, 54 \u00e9ves&#8230; <span class=\"gridview-grid-post-read-more\"><a href=\"https:\/\/wofvideo.pro\/mostjott\/elhunyt-a-kincsvadaszok-szereploje\/\">read more<span class=\"gridview-sr-only\"> Elhunyt a Kincsvad\u00e1szok szerepl\u0151je<\/span><\/a><\/span><\/p>\n","protected":false},"author":1,"featured_media":750,"comment_status":"open","ping_status":"open","sticky":false,"template":"","format":"standard","meta":{"footnotes":""},"categories":[1],"tags":[],"class_list":["post-749","post","type-post","status-publish","format-standard","has-post-thumbnail","hentry","category-egyeb","wpcat-1-id"],"_links":{"self":[{"href":"https:\/\/wofvideo.pro\/mostjott\/wp-json\/wp\/v2\/posts\/749","targetHints":{"allow":["GET"]}}],"collection":[{"href":"https:\/\/wofvideo.pro\/mostjott\/wp-json\/wp\/v2\/posts"}],"about":[{"href":"https:\/\/wofvideo.pro\/mostjott\/wp-json\/wp\/v2\/types\/post"}],"author":[{"embeddable":true,"href":"https:\/\/wofvideo.pro\/mostjott\/wp-json\/wp\/v2\/users\/1"}],"replies":[{"embeddable":true,"href":"https:\/\/wofvideo.pro\/mostjott\/wp-json\/wp\/v2\/comments?post=749"}],"version-history":[{"count":1,"href":"https:\/\/wofvideo.pro\/mostjott\/wp-json\/wp\/v2\/posts\/749\/revisions"}],"predecessor-version":[{"id":751,"href":"https:\/\/wofvideo.pro\/mostjott\/wp-json\/wp\/v2\/posts\/749\/revisions\/751"}],"wp:featuredmedia":[{"embeddable":true,"href":"https:\/\/wofvideo.pro\/mostjott\/wp-json\/wp\/v2\/media\/750"}],"wp:attachment":[{"href":"https:\/\/wofvideo.pro\/mostjott\/wp-json\/wp\/v2\/media?parent=749"}],"wp:term":[{"taxonomy":"category","embeddable":true,"href":"https:\/\/wofvideo.pro\/mostjott\/wp-json\/wp\/v2\/categories?post=749"},{"taxonomy":"post_tag","embeddable":true,"href":"https:\/\/wofvideo.pro\/mostjott\/wp-json\/wp\/v2\/tags?post=749"}],"curies":[{"name":"wp","href":"https:\/\/api.w.org\/{rel}","templated":true}]}}