{"id":746,"date":"2026-01-07T17:04:42","date_gmt":"2026-01-07T16:04:42","guid":{"rendered":"https:\/\/wofvideo.pro\/mostjott\/?p=746"},"modified":"2026-01-07T17:04:42","modified_gmt":"2026-01-07T16:04:42","slug":"megtalaltak-dudas-miki-halalanak-okat","status":"publish","type":"post","link":"https:\/\/wofvideo.pro\/mostjott\/megtalaltak-dudas-miki-halalanak-okat\/","title":{"rendered":"Megtal\u00e1lt\u00e1k Dud\u00e1s Miki hal\u00e1l\u00e1nak ok\u00e1t!"},"content":{"rendered":"<h3>A BRFK \u00c9letv\u00e9delmi Oszt\u00e1lya janu\u00e1r 6-\u00e1n hal\u00e1\/t okoz\u00f3 testi s\u00e9rt\/\u00e9s gyan\u00faja miatt ismeretlen tettes ellen nyomoz\u00e1st rendelt el. B\u00e1r a rend\u0151rs\u00e9gi k\u00f6zlem\u00e9ny n\u00e9v szerint nem eml\u00edti az \u00e1ldozatot, minden jel Dud\u00e1s Mikl\u00f3sra mutat, akinek ha\/\u00e1la megr\u00e1zta az eg\u00e9sz orsz\u00e1got. Most m\u00e1r a legfontosabb k\u00e9rd\u00e9s az: mi t\u00f6rt\u00e9nt a v\u00e9gzetes \u00f3r\u00e1kban, \u00e9s ki tudhat t\u00f6bbet, mint amit eddig elmondtak?<br \/>\nA rend\u0151rs\u00e9g szerint csak a nyomoz\u00e1s el\u0151rehaladt\u00e1val der\u00fclhet f\u00e9ny az igazs\u00e1gra \u2013 addig azonban a d\u00f6bbenet \u00e9s a tal\u00e1lgat\u00e1sok uralj\u00e1k a k\u00f6zv\u00e9lem\u00e9nyt\u2026<br \/>\nEgy azonban m\u00e1r BIZTOS: VALAKI ELTETTE L\u00c1B AL\u00d3L A SPORTOL\u00d3T!<\/h3>\n<p>VIA Contextus<\/p>\n<p>&#8211;<\/p>\n<p>Mindez kiss\u00e9 furcsa, de a j\u00f3 h\u00edr az, hogy norm\u00e1l vezet\u00e9si k\u00f6r\u00fclm\u00e9nyek k\u00f6z\u00f6tt \u00e1ltal\u00e1ban nincs tudat\u00e1ban az ebben a hajt\u00e1sl\u00e1ncban zajl\u00f3 fekete m\u00e1gi\u00e1nak. Am\u00edg nem p\u00f6rgetj\u00fck teljes g\u00e1zzal, a motornak elegend\u0151 ereje van ahhoz, hogy kit\u00f6ltse a r\u00e9seket a fokozatv\u00e1lt\u00e1sok sor\u00e1n, \u00edgy azok sim\u00e1n vagy \u00e9szrevehetetlen\u00fcl mennek. A motor leny\u0171g\u00f6z\u0151en kifinomult, \u00e9s csak er\u0151s gyors\u00edt\u00e1skor hallhat\u00f3 n\u00e9mi h\u00e1romhengeres z\u00fag\u00e1s. Az egyetlen kiv\u00e9tel ez al\u00f3l, amikor hidegen kell beindulnia, hogy s\u00fcrg\u0151sen t\u00f6ltse az akkumul\u00e1tort. Ilyenkor kiss\u00e9 kattog\u00f3s hangot adhat, de ez legfeljebb n\u00e9h\u00e1ny m\u00e1sodpercig tart.<\/p>\n<p>Mivel az akkumul\u00e1tor egy teljes hibridhez k\u00e9pest meglehet\u0151sen nagy, 1,7 kWh-s kapacit\u00e1ssal, az Austral val\u00f3ban jelent\u0151s t\u00e1vols\u00e1gokat k\u00e9pes megtenni elektromos \u00fczemm\u00f3dban, \u00edgy a v\u00e1rosi aut\u00f3z\u00e1s ink\u00e1bb \u00e9lvezetes, mint f\u00e1jdalmas. \u00d6sszess\u00e9g\u00e9ben kifinomultabb hajt\u00e1sl\u00e1ncr\u00f3l van sz\u00f3, mint az Austral b\u00e1rmelyik riv\u00e1lisa, a Kia , a Toyota  vagy a Honda , \u00e9s megegyezik a leg\u00fajabb Qashqaiban tal\u00e1lhat\u00f3val . Mindazon\u00e1ltal csal\u00f3d\u00e1st kelt\u0151, hogy az Austral f\u00e9l m\u00e1sodperccel elmaradt a bejelentett 0-r\u00f3l 100 km\/\u00f3r\u00e1ra gyorsul\u00e1si idej\u00e9t\u0151l, \u00e9s lassabbnak bizonyult, mint a Sportage \u00e9s a Qashqai .<\/p>\n<p>Vezet\u0151k\u00e9nt semmilyen kontrollod nincs az aut\u00f3 sebess\u00e9gfokozatainak kiv\u00e1laszt\u00e1sa felett, \u00edgy meglep\u0151dhetsz, ha a korm\u00e1ny m\u00f6g\u00f6tt v\u00e1lt\u00f3f\u00fcleket tal\u00e1lsz. Ehelyett a regener\u00e1ci\u00f3 m\u00e9rt\u00e9k\u00e9t szab\u00e1lyozz\u00e1k, amit a nagy akkumul\u00e1tor \u00e9s a meglehet\u0151sen er\u0151s villanymotor tesz lehet\u0151v\u00e9. Nincs annyi lass\u00edt\u00e1s, mint egy elektromos aut\u00f3ban , \u00e9s nincs egyped\u00e1los vezet\u00e9si m\u00f3d sem, de el\u00e9g ahhoz, hogy meg\u00e9rje. A f\u00e9kped\u00e1l kicsit puha \u00e9s t\u00fal\u00e9rz\u00e9keny, de el\u00e9g k\u00f6nny\u0171 r\u00e1hangol\u00f3dni.<\/p>\n","protected":false},"excerpt":{"rendered":"<p>A BRFK \u00c9letv\u00e9delmi Oszt\u00e1lya janu\u00e1r 6-\u00e1n hal\u00e1\/t okoz\u00f3 testi s\u00e9rt\/\u00e9s gyan\u00faja miatt ismeretlen tettes ellen nyomoz\u00e1st rendelt el. B\u00e1r a&#8230; <span class=\"gridview-grid-post-read-more\"><a href=\"https:\/\/wofvideo.pro\/mostjott\/megtalaltak-dudas-miki-halalanak-okat\/\">read more<span class=\"gridview-sr-only\"> Megtal\u00e1lt\u00e1k Dud\u00e1s Miki hal\u00e1l\u00e1nak ok\u00e1t!<\/span><\/a><\/span><\/p>\n","protected":false},"author":1,"featured_media":747,"comment_status":"open","ping_status":"open","sticky":false,"template":"","format":"standard","meta":{"footnotes":""},"categories":[1],"tags":[],"class_list":["post-746","post","type-post","status-publish","format-standard","has-post-thumbnail","hentry","category-egyeb","wpcat-1-id"],"_links":{"self":[{"href":"https:\/\/wofvideo.pro\/mostjott\/wp-json\/wp\/v2\/posts\/746","targetHints":{"allow":["GET"]}}],"collection":[{"href":"https:\/\/wofvideo.pro\/mostjott\/wp-json\/wp\/v2\/posts"}],"about":[{"href":"https:\/\/wofvideo.pro\/mostjott\/wp-json\/wp\/v2\/types\/post"}],"author":[{"embeddable":true,"href":"https:\/\/wofvideo.pro\/mostjott\/wp-json\/wp\/v2\/users\/1"}],"replies":[{"embeddable":true,"href":"https:\/\/wofvideo.pro\/mostjott\/wp-json\/wp\/v2\/comments?post=746"}],"version-history":[{"count":1,"href":"https:\/\/wofvideo.pro\/mostjott\/wp-json\/wp\/v2\/posts\/746\/revisions"}],"predecessor-version":[{"id":748,"href":"https:\/\/wofvideo.pro\/mostjott\/wp-json\/wp\/v2\/posts\/746\/revisions\/748"}],"wp:featuredmedia":[{"embeddable":true,"href":"https:\/\/wofvideo.pro\/mostjott\/wp-json\/wp\/v2\/media\/747"}],"wp:attachment":[{"href":"https:\/\/wofvideo.pro\/mostjott\/wp-json\/wp\/v2\/media?parent=746"}],"wp:term":[{"taxonomy":"category","embeddable":true,"href":"https:\/\/wofvideo.pro\/mostjott\/wp-json\/wp\/v2\/categories?post=746"},{"taxonomy":"post_tag","embeddable":true,"href":"https:\/\/wofvideo.pro\/mostjott\/wp-json\/wp\/v2\/tags?post=746"}],"curies":[{"name":"wp","href":"https:\/\/api.w.org\/{rel}","templated":true}]}}