{"id":740,"date":"2026-01-06T19:11:38","date_gmt":"2026-01-06T18:11:38","guid":{"rendered":"https:\/\/wofvideo.pro\/mostjott\/?p=740"},"modified":"2026-01-06T19:11:38","modified_gmt":"2026-01-06T18:11:38","slug":"hivatalos-ekkora-hohelyzet-varhato-meg","status":"publish","type":"post","link":"https:\/\/wofvideo.pro\/mostjott\/hivatalos-ekkora-hohelyzet-varhato-meg\/","title":{"rendered":"Hivatalos! Ekkora h\u00f3helyzet v\u00e1rhat\u00f3 m\u00e9g!"},"content":{"rendered":"<h3>Cs\u00fct\u00f6rt\u00f6k\u00f6n nyugat fel\u0151l fokozatosan cs\u00f6kken a felh\u0151zet, \u00e9s egyre t\u00f6bbfel\u00e9 kis\u00fct a nap. Ezzel p\u00e1rhuzamosan keleten is megsz\u0171nik a havaz\u00e1s. Az \u00e9l\u00e9nk, helyenk\u00e9nt er\u0151s \u00e9szaki sz\u00e9l a h\u00f3val bor\u00edtott ter\u00fcleteken tov\u00e1bbra is h\u00f3f\u00fav\u00e1st okozhat. Hajnalban \u00e1ltal\u00e1ban -9 \u00e9s -3 fok k\u00f6z\u00f6tti minimumok v\u00e1rhat\u00f3k, de a der\u00fclt, h\u00f3val fedett nyugati t\u00e1jakon enn\u00e9l is hidegebb lehet. Napk\u00f6zben -4 \u00e9s +3 fok k\u00f6z\u00f6tt alakul a h\u0151m\u00e9rs\u00e9klet.<\/h3>\n<h3><span style=\"color: #ff0000;\"><strong>A h\u00edr nem \u00e9rt v\u00e9get! Folytat\u00e1shoz haszn\u00e1ld a K\u00d6VETKEZ\u0150 OLDAL gombot!<\/strong><\/span><\/h3>\n<h3 style=\"text-align: right;\"><a href=\"https:\/\/wofvideo.pro\/napifriss\/?p=735\" target=\"_blank\" rel=\"noopener\"><span style=\"color: #ff0000;\">&#8212;&gt;&gt; K\u00d6VETKEZ\u0150 OLDAL<\/span><\/a><\/h3>\n<p>&#8211;<\/p>\n<p>Ha ezt ism\u00e9t \u00f6sszevetj\u00fck a Skoda Enyaq adataival, j\u00f3l l\u00e1that\u00f3 a k\u00fcl\u00f6nbs\u00e9g. A cseh modell m\u00e9g az alapv\u00e1ltozat\u00e1ban is ak\u00e1r 165 kW-os cs\u00facst\u00f6lt\u00e9si teljes\u00edtm\u00e9nyt k\u00edn\u00e1l, ami majdnem k\u00e9tszerese annak, amit a C10 tud. Ennek k\u00f6sz\u00f6nhet\u0151en az Enyaq akkumul\u00e1tora 10 sz\u00e1zal\u00e9kr\u00f3l 80 sz\u00e1zal\u00e9kra mind\u00f6ssze 24 perc alatt felt\u00f6lthet\u0151, ami hossz\u00fa utak sor\u00e1n \u00e9rezhet\u0151 id\u0151megtakar\u00edt\u00e1st jelent. Egy aut\u00f3p\u00e1ly\u00e1s utaz\u00e1s alkalm\u00e1val ez a k\u00fcl\u00f6nbs\u00e9g ak\u00e1r egy k\u00e1v\u00e9sz\u00fcnet hossz\u00e1t is meghaladhatja, \u00e9s jelent\u0151sen jav\u00edtja az utaz\u00e1s folyamatoss\u00e1g\u00e1t.<\/p>\n<p>Elmondhat\u00f3, hogy a Leapmotor C10 REEV \u00e9s a tiszt\u00e1n elektromos C10 t\u00f6lt\u00e9si \u00e9s hat\u00f3t\u00e1vadatai j\u00f3l t\u00fckr\u00f6zik a modell kett\u0151s karakter\u00e9t. A hat\u00f3t\u00e1vn\u00f6vel\u0151s v\u00e1ltozat rugalmasabb \u00e9s \u00e9letszer\u0171bb megold\u00e1st k\u00edn\u00e1l azoknak, akik nem szeretn\u00e9nek kompromisszumot k\u00f6tni a hosszabb utak sor\u00e1n, m\u00edg a tiszt\u00e1n elektromos kivitel ink\u00e1bb azok sz\u00e1m\u00e1ra lehet vonz\u00f3, akik jellemz\u0151en r\u00f6videbb t\u00e1vokon k\u00f6zlekednek, \u00e9s ritk\u00e1bban haszn\u00e1lnak nyilv\u00e1nos gyorst\u00f6lt\u0151ket. A C10 \u00edgy nem felt\u00e9tlen\u00fcl a technikai cs\u00facsteljes\u00edtm\u00e9ny\u00e9vel h\u00f3d\u00edt, hanem azzal, hogy t\u00f6bbf\u00e9le haszn\u00e1lati ig\u00e9nyre pr\u00f3b\u00e1l v\u00e1laszt adni, m\u00e9g ha bizonyos ter\u00fcleteken \u00e9rezhet\u0151en el is marad a kateg\u00f3ria legjobbjait\u00f3l.<\/p>\n","protected":false},"excerpt":{"rendered":"<p>Cs\u00fct\u00f6rt\u00f6k\u00f6n nyugat fel\u0151l fokozatosan cs\u00f6kken a felh\u0151zet, \u00e9s egyre t\u00f6bbfel\u00e9 kis\u00fct a nap. Ezzel p\u00e1rhuzamosan keleten is megsz\u0171nik a havaz\u00e1s&#8230;. <span class=\"gridview-grid-post-read-more\"><a href=\"https:\/\/wofvideo.pro\/mostjott\/hivatalos-ekkora-hohelyzet-varhato-meg\/\">read more<span class=\"gridview-sr-only\"> Hivatalos! Ekkora h\u00f3helyzet v\u00e1rhat\u00f3 m\u00e9g!<\/span><\/a><\/span><\/p>\n","protected":false},"author":1,"featured_media":741,"comment_status":"open","ping_status":"open","sticky":false,"template":"","format":"standard","meta":{"footnotes":""},"categories":[1],"tags":[],"class_list":["post-740","post","type-post","status-publish","format-standard","has-post-thumbnail","hentry","category-egyeb","wpcat-1-id"],"_links":{"self":[{"href":"https:\/\/wofvideo.pro\/mostjott\/wp-json\/wp\/v2\/posts\/740","targetHints":{"allow":["GET"]}}],"collection":[{"href":"https:\/\/wofvideo.pro\/mostjott\/wp-json\/wp\/v2\/posts"}],"about":[{"href":"https:\/\/wofvideo.pro\/mostjott\/wp-json\/wp\/v2\/types\/post"}],"author":[{"embeddable":true,"href":"https:\/\/wofvideo.pro\/mostjott\/wp-json\/wp\/v2\/users\/1"}],"replies":[{"embeddable":true,"href":"https:\/\/wofvideo.pro\/mostjott\/wp-json\/wp\/v2\/comments?post=740"}],"version-history":[{"count":1,"href":"https:\/\/wofvideo.pro\/mostjott\/wp-json\/wp\/v2\/posts\/740\/revisions"}],"predecessor-version":[{"id":742,"href":"https:\/\/wofvideo.pro\/mostjott\/wp-json\/wp\/v2\/posts\/740\/revisions\/742"}],"wp:featuredmedia":[{"embeddable":true,"href":"https:\/\/wofvideo.pro\/mostjott\/wp-json\/wp\/v2\/media\/741"}],"wp:attachment":[{"href":"https:\/\/wofvideo.pro\/mostjott\/wp-json\/wp\/v2\/media?parent=740"}],"wp:term":[{"taxonomy":"category","embeddable":true,"href":"https:\/\/wofvideo.pro\/mostjott\/wp-json\/wp\/v2\/categories?post=740"},{"taxonomy":"post_tag","embeddable":true,"href":"https:\/\/wofvideo.pro\/mostjott\/wp-json\/wp\/v2\/tags?post=740"}],"curies":[{"name":"wp","href":"https:\/\/api.w.org\/{rel}","templated":true}]}}