{"id":734,"date":"2026-01-06T17:58:30","date_gmt":"2026-01-06T16:58:30","guid":{"rendered":"https:\/\/wofvideo.pro\/mostjott\/?p=734"},"modified":"2026-01-06T17:58:30","modified_gmt":"2026-01-06T16:58:30","slug":"ezt-ordibalta-ivett-dudas-miki-testenel","status":"publish","type":"post","link":"https:\/\/wofvideo.pro\/mostjott\/ezt-ordibalta-ivett-dudas-miki-testenel\/","title":{"rendered":"Ezt ordib\u00e1lta Ivett Dud\u00e1s Miki test\u00e9n\u00e9l!"},"content":{"rendered":"<h3>Amikor v\u00e9gre siker\u00fclt bejutniuk, felt\u00e1rult a sz\u00f6rny\u0171 val\u00f3s\u00e1g: Dud\u00e1s Miki h0ltan fek\u00fcdt a lak\u00e1sban.<br \/>\nA nyilatkoz\u00f3 szomsz\u00e9d szerint Szigligeti Ivett teljesen sokkos \u00e1llapotba ker\u00fclt. \u201eIvett kiab\u00e1lt, Mikit sz\u00f3longatta, teljesen \u00f6sszeomlott. Borzalmas volt hallani\u201d \u2013 mondta a Blikknek az egyik szomsz\u00e9d. A ki\u00e1lt\u00e1sok bet\u00f6lt\u00f6tt\u00e9k a h\u00e1zat, a k\u00f6rny\u00e9k percek alatt megtelt rend\u0151r\u00f6kkel \u00e9s ment\u0151kkel. A trag\u00e9dia h\u00edre fut\u00f3t\u0171zk\u00e9nt terjedt, a szomsz\u00e9dok d\u00f6bbenten \u00e1lltak: egy fiatal, k\u00e9tgyermekes csal\u00e1d \u00e9lete omlott \u00f6ssze egyetlen pillanat alatt.<br \/>\nA t\u00f6rt\u00e9ntek mindenkit v\u00e1ratlanul \u00e9rtek, \u00e9s egyel\u0151re csak a f\u00e1jdalom maradt \u2013 Ivett, a gyermekek \u00e9s a gy\u00e1szol\u00f3 bar\u00e1tok sz\u00e1m\u00e1ra is. A k\u00f6rny\u00e9ken \u00e9l\u0151k szerint ilyen ki\u00e1lt\u00e1sokat m\u00e9g soha nem hallottak, \u00e9s abban mindannyian egyet\u00e9rtenek: ezt a napot senki nem fogja elfelejteni.<\/h3>\n<p>VIA Blikk<\/p>\n<p>&#8211;<\/p>\n<p>A v\u00e1rosi vezet\u00e9s viszont az, ahol az i10 igaz\u00e1n otthon \u00e9rzi mag\u00e1t. Pici m\u00e9rete miatt szinte b\u00e1rhol elf\u00e9r, a korm\u00e1ny k\u00f6nny\u0171, a v\u00e1lt\u00f3 hat\u00e1rozott, m\u00e9gis k\u00f6nnyed, a sz\u00e9lv\u00e9d\u0151oszlopok pedig nem t\u00fal vastagok, \u00edgy a kil\u00e1t\u00e1s kiv\u00e1l\u00f3 minden ir\u00e1nyba. Parkolni vele gyakorlatilag gyerekj\u00e1t\u00e9k; aligha tal\u00e1lni olyan r\u00e9st, amelybe az i10 ne tudn\u00e1 mag\u00e1t bepr\u00e9selni. A standard v\u00e1ltozat kanyarban kiss\u00e9 d\u0151l, \u00e9s a gumik tapad\u00e1sa sem olyan magabiztos, mint p\u00e9ld\u00e1ul a Toyota Aygo X-\u00e9, ez\u00e9rt nem mondan\u00e1nk, hogy kifejezetten sportos \u00e9lm\u00e9ny vezetni. Az N Line viszont teljesen m\u00e1s vil\u00e1g: feszesebb fut\u00f3m\u0171, k\u00f6zvetlenebb korm\u00e1nyz\u00e1s \u00e9s a turb\u00f3motor lelkes\u00edt\u0151 ereje egy\u00fctt m\u00e1r k\u00e9pes val\u00f3di \u00e9lm\u00e9nyt ny\u00fajtani.<\/p>\n<p>Az N Line korm\u00e1nya \u00e9ppen annyira nehezedik el, hogy legyen benne n\u00e9mi sportos \u00e9rzet, de m\u00e9g mindig k\u00f6nny\u0171 annyira, hogy a parkol\u00e1s vagy a kis sebess\u00e9g\u0171 man\u0151verez\u00e9s ne jelentsen kih\u00edv\u00e1st. Az aut\u00f3 pici m\u00e9retei miatt vill\u00e1mgyorsan reag\u00e1l az ir\u00e1nyv\u00e1lt\u00e1sokra, a vezet\u0151 pedig \u00fagy \u00e9rezheti, hogy az i10 szinte t\u00e1ncol az \u00faton.<\/p>\n<p>A fut\u00f3m\u0171 alapvet\u0151en kiss\u00e9 feszes, ami sima orsz\u00e1g\u00faton \u00e9l\u00e9nk, lend\u00fcletes karaktert ad az aut\u00f3nak, de amint rosszabb min\u0151s\u00e9g\u0171 \u00fatra t\u00e9ved\u00fcnk, a rug\u00f3z\u00e1s el\u00e9g pattog\u00f3s lesz.<\/p>\n","protected":false},"excerpt":{"rendered":"<p>Amikor v\u00e9gre siker\u00fclt bejutniuk, felt\u00e1rult a sz\u00f6rny\u0171 val\u00f3s\u00e1g: Dud\u00e1s Miki h0ltan fek\u00fcdt a lak\u00e1sban. A nyilatkoz\u00f3 szomsz\u00e9d szerint Szigligeti Ivett&#8230; <span class=\"gridview-grid-post-read-more\"><a href=\"https:\/\/wofvideo.pro\/mostjott\/ezt-ordibalta-ivett-dudas-miki-testenel\/\">read more<span class=\"gridview-sr-only\"> Ezt ordib\u00e1lta Ivett Dud\u00e1s Miki test\u00e9n\u00e9l!<\/span><\/a><\/span><\/p>\n","protected":false},"author":1,"featured_media":735,"comment_status":"open","ping_status":"open","sticky":false,"template":"","format":"standard","meta":{"footnotes":""},"categories":[1],"tags":[],"class_list":["post-734","post","type-post","status-publish","format-standard","has-post-thumbnail","hentry","category-egyeb","wpcat-1-id"],"_links":{"self":[{"href":"https:\/\/wofvideo.pro\/mostjott\/wp-json\/wp\/v2\/posts\/734","targetHints":{"allow":["GET"]}}],"collection":[{"href":"https:\/\/wofvideo.pro\/mostjott\/wp-json\/wp\/v2\/posts"}],"about":[{"href":"https:\/\/wofvideo.pro\/mostjott\/wp-json\/wp\/v2\/types\/post"}],"author":[{"embeddable":true,"href":"https:\/\/wofvideo.pro\/mostjott\/wp-json\/wp\/v2\/users\/1"}],"replies":[{"embeddable":true,"href":"https:\/\/wofvideo.pro\/mostjott\/wp-json\/wp\/v2\/comments?post=734"}],"version-history":[{"count":1,"href":"https:\/\/wofvideo.pro\/mostjott\/wp-json\/wp\/v2\/posts\/734\/revisions"}],"predecessor-version":[{"id":736,"href":"https:\/\/wofvideo.pro\/mostjott\/wp-json\/wp\/v2\/posts\/734\/revisions\/736"}],"wp:featuredmedia":[{"embeddable":true,"href":"https:\/\/wofvideo.pro\/mostjott\/wp-json\/wp\/v2\/media\/735"}],"wp:attachment":[{"href":"https:\/\/wofvideo.pro\/mostjott\/wp-json\/wp\/v2\/media?parent=734"}],"wp:term":[{"taxonomy":"category","embeddable":true,"href":"https:\/\/wofvideo.pro\/mostjott\/wp-json\/wp\/v2\/categories?post=734"},{"taxonomy":"post_tag","embeddable":true,"href":"https:\/\/wofvideo.pro\/mostjott\/wp-json\/wp\/v2\/tags?post=734"}],"curies":[{"name":"wp","href":"https:\/\/api.w.org\/{rel}","templated":true}]}}