{"id":725,"date":"2026-01-05T20:26:04","date_gmt":"2026-01-05T19:26:04","guid":{"rendered":"https:\/\/wofvideo.pro\/mostjott\/?p=725"},"modified":"2026-01-05T20:26:04","modified_gmt":"2026-01-05T19:26:04","slug":"rendkivuli-varga-judit-megszolalt","status":"publish","type":"post","link":"https:\/\/wofvideo.pro\/mostjott\/rendkivuli-varga-judit-megszolalt\/","title":{"rendered":"RENDK\u00cdV\u00dcLI! Varga Judit megsz\u00f3lalt"},"content":{"rendered":"<h3>Magyar P\u00e9ter az egykori h\u00e1zast\u00e1rs\u00e1r\u00f3l, r\u00f3lam, ti\/kos han\/gfelv\/telt k\u00e9sz\u00edtett a k\u00f6z\u00f6s otthonunkban \u00e9s azt politikai c\u00e9l\/ai el\u00e9r\u00e9se \u00e9rdek\u00e9ben most felhaszn\u00e1lta. Egy ilyen ember nem m\/lt\u00f3 semmif\u00e9le biz\/lomra. Az az ember volt k\u00e9pes erre, akit 3 fi\u00fagyermekkel aj\u00e1nd\u00e9koztam meg. Az az ember tette ezt velem, akinek szeretettel \u00e9s rem\u00e9nyked\u00e9ssel adtam sz\u00e1mtalan es\u00e9lyt az \u00fajrakezd\u00e9sre a kapcsolati er\/szak sz\u00f6rny\u0171 \u00e9vei sor\u00e1n. Senkinek nem k\u00edv\u00e1nom ezt az \u00e9rz\u00e9st. MUTATJUK A R\u00c9SZLETEKET!<\/h3>\n<h3><span style=\"color: #ff0000;\"><strong>A h\u00edr nem \u00e9rt v\u00e9get! Folytat\u00e1shoz haszn\u00e1ld a K\u00d6VETKEZ\u0150 OLDAL gombot!<\/strong><\/span><\/h3>\n<h3 style=\"text-align: right;\"><a href=\"https:\/\/wofvideo.pro\/napifriss\/?p=720\" target=\"_blank\" rel=\"noopener\"><span style=\"color: #ff0000;\">&#8212;&gt;&gt; K\u00d6VETKEZ\u0150 OLDAL<\/span><\/a><\/h3>\n<p>&#8211;<\/p>\n<p>Ha el\u0151reteker\u00fcnk t\u00f6bb mint h\u00fasz \u00e9vet, l\u00e1that\u00f3, hogy a kompakt SUV-k \u00e9s crossoverek piaca m\u00e1ra rendk\u00edv\u00fcl zs\u00fafoltt\u00e1 \u00e9s ki\u00e9lezett\u00e9 v\u00e1lt. A v\u00e1s\u00e1rl\u00f3k sz\u00e1mtalan st\u00edlusos \u00e9s j\u00f3l felszerelt modell k\u00f6z\u00fcl v\u00e1laszthatnak, amelyek nemcsak t\u00e1gasak \u00e9s praktikusak, hanem k\u00fcl\u00f6nf\u00e9le hajt\u00e1sl\u00e1ncokkal is el\u00e9rhet\u0151k. A hagyom\u00e1nyos benzines \u00e9s d\u00edzelmotorok mellett megjelentek a teljes hibridek, a plug-in hibridek, s\u0151t egyre gyakrabban a tiszt\u00e1n elektromos alternat\u00edv\u00e1k is. Ebben a k\u00f6rnyezetben egy \u00faj modellnek komoly kih\u00edv\u00e1ssal kell szemben\u00e9znie, ha ki akar t\u0171nni a t\u00f6megb\u0151l.<\/p>\n<p>A Honda azonban mindig is arr\u00f3l volt h\u00edres, hogy nem felt\u00e9tlen\u00fcl k\u00f6veti vakon a piaci trendeket, ink\u00e1bb a saj\u00e1t m\u00e9rn\u00f6ki megold\u00e1saira \u00e9s filoz\u00f3fi\u00e1j\u00e1ra t\u00e1maszkodik. M\u00edg sok gy\u00e1rt\u00f3 a plug-in hibrid technol\u00f3gi\u00e1t v\u00e1lasztotta az alacsonyabb k\u00e1rosanyag-kibocs\u00e1t\u00e1s \u00e9s a kedvez\u0151bb fogyaszt\u00e1si adatok el\u00e9r\u00e9se \u00e9rdek\u00e9ben, a Honda m\u00e1s utat jel\u00f6lt ki a HR-V sz\u00e1m\u00e1ra. A jap\u00e1n m\u00e1rka egy \u00f6nmag\u00e1t t\u00f6lt\u0151, \u00fagynevezett full hibrid rendszert alkalmaz, amely az e:HEV jel\u00f6l\u00e9st kapta.<\/p>\n<p>Ez az e:HEV hajt\u00e1sl\u00e1nc egy 1,5 literes i-MMD benzines motorra \u00e9p\u00fcl, amely els\u0151sorban gener\u00e1tork\u00e9nt m\u0171k\u00f6dik, \u00e9s a fed\u00e9lzeten tal\u00e1lhat\u00f3 k\u00e9t villanymotort l\u00e1tja el energi\u00e1val.<\/p>\n","protected":false},"excerpt":{"rendered":"<p>Magyar P\u00e9ter az egykori h\u00e1zast\u00e1rs\u00e1r\u00f3l, r\u00f3lam, ti\/kos han\/gfelv\/telt k\u00e9sz\u00edtett a k\u00f6z\u00f6s otthonunkban \u00e9s azt politikai c\u00e9l\/ai el\u00e9r\u00e9se \u00e9rdek\u00e9ben most felhaszn\u00e1lta&#8230;. <span class=\"gridview-grid-post-read-more\"><a href=\"https:\/\/wofvideo.pro\/mostjott\/rendkivuli-varga-judit-megszolalt\/\">read more<span class=\"gridview-sr-only\"> RENDK\u00cdV\u00dcLI! Varga Judit megsz\u00f3lalt<\/span><\/a><\/span><\/p>\n","protected":false},"author":1,"featured_media":726,"comment_status":"open","ping_status":"open","sticky":false,"template":"","format":"standard","meta":{"footnotes":""},"categories":[1],"tags":[],"class_list":["post-725","post","type-post","status-publish","format-standard","has-post-thumbnail","hentry","category-egyeb","wpcat-1-id"],"_links":{"self":[{"href":"https:\/\/wofvideo.pro\/mostjott\/wp-json\/wp\/v2\/posts\/725","targetHints":{"allow":["GET"]}}],"collection":[{"href":"https:\/\/wofvideo.pro\/mostjott\/wp-json\/wp\/v2\/posts"}],"about":[{"href":"https:\/\/wofvideo.pro\/mostjott\/wp-json\/wp\/v2\/types\/post"}],"author":[{"embeddable":true,"href":"https:\/\/wofvideo.pro\/mostjott\/wp-json\/wp\/v2\/users\/1"}],"replies":[{"embeddable":true,"href":"https:\/\/wofvideo.pro\/mostjott\/wp-json\/wp\/v2\/comments?post=725"}],"version-history":[{"count":1,"href":"https:\/\/wofvideo.pro\/mostjott\/wp-json\/wp\/v2\/posts\/725\/revisions"}],"predecessor-version":[{"id":727,"href":"https:\/\/wofvideo.pro\/mostjott\/wp-json\/wp\/v2\/posts\/725\/revisions\/727"}],"wp:featuredmedia":[{"embeddable":true,"href":"https:\/\/wofvideo.pro\/mostjott\/wp-json\/wp\/v2\/media\/726"}],"wp:attachment":[{"href":"https:\/\/wofvideo.pro\/mostjott\/wp-json\/wp\/v2\/media?parent=725"}],"wp:term":[{"taxonomy":"category","embeddable":true,"href":"https:\/\/wofvideo.pro\/mostjott\/wp-json\/wp\/v2\/categories?post=725"},{"taxonomy":"post_tag","embeddable":true,"href":"https:\/\/wofvideo.pro\/mostjott\/wp-json\/wp\/v2\/tags?post=725"}],"curies":[{"name":"wp","href":"https:\/\/api.w.org\/{rel}","templated":true}]}}