{"id":722,"date":"2026-01-05T19:00:49","date_gmt":"2026-01-05T18:00:49","guid":{"rendered":"https:\/\/wofvideo.pro\/mostjott\/?p=722"},"modified":"2026-01-05T19:00:49","modified_gmt":"2026-01-05T18:00:49","slug":"megrendito-igy-vittek-el-dudas-miki-t","status":"publish","type":"post","link":"https:\/\/wofvideo.pro\/mostjott\/megrendito-igy-vittek-el-dudas-miki-t\/","title":{"rendered":"Megrend\u00edt\u0151 \u00edgy vitt\u00e9k el Dud\u00e1s Miki-t"},"content":{"rendered":"<h3>Folytat\u00f3dik a rend\u0151rs\u00e9gi helysz\u00ednel\u00e9s Dud\u00e1s Mikl\u00f3s otthon\u00e1n\u00e1l. Az elhunyt kajakos h\/ltt\/st\u00e9t elsz\u00e1ll\u00edtott\u00e1k. A h\u00e1z k\u00f6rny\u00e9k\u00e9n semmi nem utal arra, hogy sz\u00f6rny\u0171 trag\u00e9dia t\u00f6rt\u00e9nt, akik otthon vannak, nem mozdulnak, \u00e9s egyel\u0151re nem \u00e9rkezett senki a n\u00e9hai vil\u00e1gbajnok lak\u00e1s\u00e1hoz. Az udvaron m\u00e9g hat rend\u0151raut\u00f3 \u00e1ll, de m\u00e1r egyik sem a bej\u00e1rati kapu el\u0151tt, teh\u00e1t szabad a be- \u00e9s kij\u00e1r\u00e1s. MUTATJUK A R\u00c9SZLETEKET!<\/h3>\n<h3><span style=\"color: #ff0000;\"><strong>A h\u00edr nem \u00e9rt v\u00e9get! Folytat\u00e1shoz haszn\u00e1ld a K\u00d6VETKEZ\u0150 OLDAL gombot!<\/strong><\/span><\/h3>\n<h3 style=\"text-align: right;\"><a href=\"https:\/\/wofvideo.pro\/napifriss\/?p=717\" target=\"_blank\" rel=\"noopener\"><span style=\"color: #ff0000;\">&#8212;&gt;&gt; K\u00d6VETKEZ\u0150 OLDAL<\/span><\/a><\/h3>\n<p>&#8211;<\/p>\n<p>Fontos megjegyezni, hogy ez az \u00e9rt\u00e9k kedvez\u0151bb lehet olyan \u00fatvonalakon, ahol t\u00f6bb lehet\u0151s\u00e9g ad\u00f3dik a regenerat\u00edv f\u00e9kez\u00e9s kihaszn\u00e1l\u00e1s\u00e1ra, p\u00e9ld\u00e1ul v\u00e1rosi forgalomban vagy dombos terepen. A k\u00f6nnyebb, h\u00e1ts\u00f3ker\u00e9k-hajt\u00e1s\u00fa Air \u00e9s GT-Line modellek pap\u00edron is jobb hat\u00e9konys\u00e1got k\u00edn\u00e1lnak, ezekn\u00e9l a Kia 3,9 m\u00e9rf\u00f6ld\/kWh \u00e9rt\u00e9ket ad meg. A kor\u00e1bbi EV6-tal v\u00e9gzett tesztek sor\u00e1n ezek a v\u00e1ltozatok bizonyultak a legink\u00e1bb takar\u00e9kosnak a teljes k\u00edn\u00e1latb\u00f3l, ami j\u00f3l mutatja, hogy a kisebb t\u00f6meg \u00e9s az egyszer\u0171bb hajt\u00e1sl\u00e1nc milyen jelent\u0151s hat\u00e1ssal lehet az energiafelhaszn\u00e1l\u00e1sra.<\/p>\n<p>A Kia EV6 akkumul\u00e1tor- \u00e9s hajt\u00e1sl\u00e1nc-v\u00e1laszt\u00e9ka j\u00f3l \u00e1tgondolt, \u00e9s lehet\u0151s\u00e9get ad arra, hogy a v\u00e1s\u00e1rl\u00f3k saj\u00e1t ig\u00e9nyeikhez igaz\u00edts\u00e1k a kompromisszumot \u00e1r, teljes\u00edtm\u00e9ny \u00e9s hat\u00f3t\u00e1v k\u00f6z\u00f6tt. Legyen sz\u00f3 kedvez\u0151 \u00e1r\u00fa bel\u00e9p\u0151modellr\u0151l, hossz\u00fa hat\u00f3t\u00e1vra optimaliz\u00e1lt h\u00e1ts\u00f3ker\u00e9k-hajt\u00e1s\u00fa verzi\u00f3r\u00f3l vagy nagy teljes\u00edtm\u00e9ny\u0171, sportos cs\u00facsmodellr\u0151l, az EV6 csal\u00e1d minden esetben versenyk\u00e9pes m\u0171szaki alapokra \u00e9p\u00fcl, \u00e9s a mindennapi haszn\u00e1lat sor\u00e1n is meggy\u0151z\u0151 teljes\u00edtm\u00e9nyt ny\u00fajt.<\/p>\n","protected":false},"excerpt":{"rendered":"<p>Folytat\u00f3dik a rend\u0151rs\u00e9gi helysz\u00ednel\u00e9s Dud\u00e1s Mikl\u00f3s otthon\u00e1n\u00e1l. Az elhunyt kajakos h\/ltt\/st\u00e9t elsz\u00e1ll\u00edtott\u00e1k. A h\u00e1z k\u00f6rny\u00e9k\u00e9n semmi nem utal arra, hogy&#8230; <span class=\"gridview-grid-post-read-more\"><a href=\"https:\/\/wofvideo.pro\/mostjott\/megrendito-igy-vittek-el-dudas-miki-t\/\">read more<span class=\"gridview-sr-only\"> Megrend\u00edt\u0151 \u00edgy vitt\u00e9k el Dud\u00e1s Miki-t<\/span><\/a><\/span><\/p>\n","protected":false},"author":1,"featured_media":723,"comment_status":"open","ping_status":"open","sticky":false,"template":"","format":"standard","meta":{"footnotes":""},"categories":[1],"tags":[],"class_list":["post-722","post","type-post","status-publish","format-standard","has-post-thumbnail","hentry","category-egyeb","wpcat-1-id"],"_links":{"self":[{"href":"https:\/\/wofvideo.pro\/mostjott\/wp-json\/wp\/v2\/posts\/722","targetHints":{"allow":["GET"]}}],"collection":[{"href":"https:\/\/wofvideo.pro\/mostjott\/wp-json\/wp\/v2\/posts"}],"about":[{"href":"https:\/\/wofvideo.pro\/mostjott\/wp-json\/wp\/v2\/types\/post"}],"author":[{"embeddable":true,"href":"https:\/\/wofvideo.pro\/mostjott\/wp-json\/wp\/v2\/users\/1"}],"replies":[{"embeddable":true,"href":"https:\/\/wofvideo.pro\/mostjott\/wp-json\/wp\/v2\/comments?post=722"}],"version-history":[{"count":1,"href":"https:\/\/wofvideo.pro\/mostjott\/wp-json\/wp\/v2\/posts\/722\/revisions"}],"predecessor-version":[{"id":724,"href":"https:\/\/wofvideo.pro\/mostjott\/wp-json\/wp\/v2\/posts\/722\/revisions\/724"}],"wp:featuredmedia":[{"embeddable":true,"href":"https:\/\/wofvideo.pro\/mostjott\/wp-json\/wp\/v2\/media\/723"}],"wp:attachment":[{"href":"https:\/\/wofvideo.pro\/mostjott\/wp-json\/wp\/v2\/media?parent=722"}],"wp:term":[{"taxonomy":"category","embeddable":true,"href":"https:\/\/wofvideo.pro\/mostjott\/wp-json\/wp\/v2\/categories?post=722"},{"taxonomy":"post_tag","embeddable":true,"href":"https:\/\/wofvideo.pro\/mostjott\/wp-json\/wp\/v2\/tags?post=722"}],"curies":[{"name":"wp","href":"https:\/\/api.w.org\/{rel}","templated":true}]}}