{"id":719,"date":"2026-01-05T15:05:25","date_gmt":"2026-01-05T14:05:25","guid":{"rendered":"https:\/\/wofvideo.pro\/mostjott\/?p=719"},"modified":"2026-01-05T15:05:25","modified_gmt":"2026-01-05T14:05:25","slug":"megszolalt-a-rendorseg-dudas-miklos-halalarol","status":"publish","type":"post","link":"https:\/\/wofvideo.pro\/mostjott\/megszolalt-a-rendorseg-dudas-miklos-halalarol\/","title":{"rendered":"Megsz\u00f3lalt a rend\u0151rs\u00e9g Dud\u00e1s Mikl\u00f3s hal\u00e1l\u00e1r\u00f3l"},"content":{"rendered":"<h3>\u201eT\u00e1j\u00e9koztatjuk, hogy egy XVIII. ker\u00fcleti lak\u00e1sban 2026. janu\u00e1r 5-\u00e9n 11 \u00f3ra 22 perc k\u00f6r\u00fcl holtan tal\u00e1ltak egy 34 \u00e9ves f\u00e9rfit. A helysz\u00ednen a Budapesti Rend\u0151r-f\u0151kapit\u00e1nys\u00e1g megkezdte a szeml\u00e9t \u00e9s a k\u00f6r\u00fclm\u00e9nyek tiszt\u00e1z\u00e1s\u00e1t.\u201d<br \/>\nA rend\u0151rs\u00e9g hangs\u00falyozta: az elj\u00e1r\u00e1s jelenleg is folyamatban van, a szak\u00e9rt\u0151k minden k\u00f6r\u00fclm\u00e9nyt alaposan vizsg\u00e1lnak. A k\u00e9rd\u00e9sek azonban csak szaporodnak, \u00e9s a nyilv\u00e1noss\u00e1g fesz\u00fclten v\u00e1rja, mi der\u00fcl ki a k\u00f6vetkez\u0151 napokban.<br \/>\nA tragikus hal\u00e1leset k\u00fcl\u00f6n\u00f6sen annak f\u00e9ny\u00e9ben keltett felt\u0171n\u00e9st, hogy Dud\u00e1s Mikl\u00f3s neve nemr\u00e9g egy kellemetlen \u00fcgy kapcs\u00e1n is c\u00edmlapokra ker\u00fclt. Tavaly okt\u00f3berben konfliktusba keveredett a szomsz\u00e9dj\u00e1val: a f\u00e9rfit \u00e1ll\u00edt\u00f3lag Dud\u00e1s tacsk\u00f3ja megharapta bok\u00e1n, amire a szomsz\u00e9d nagyot r\u00fagott a kuty\u00e1ba. Az eset indulatokat sz\u00fclt, \u00e9s Dud\u00e1s k\u00e9s\u0151bb \u2013 a h\u00edrek szerint \u2013 b0ssz\u00fat \u00e1llt, amikor kisz\u00farta a szomsz\u00e9d aut\u00f3j\u00e1nak egyik kerek\u00e9t.<br \/>\nAz \u00fcgy miatt a rend\u0151rs\u00e9g akkor gar\u00e1zdas\u00e1g gyan\u00faj\u00e1val j\u00e1rt el a vil\u00e1gbajnok kajakoz\u00f3val szemben. B\u00e1r ez az eset id\u0151ben nem kapcsol\u00f3dik k\u00f6zvetlen\u00fcl a mostani trag\u00e9di\u00e1hoz, sokakban m\u00e9gis feler\u0151s\u00edti a bizonytalans\u00e1got \u00e9s a k\u00e9rd\u00e9seket.<\/h3>\n<p>VIA index<\/p>\n<p>&#8211;<\/p>\n<p>\u00d6sszess\u00e9g\u00e9ben a Corolla Cross egy nagyon j\u00f3l \u00f6sszerakott, megb\u00edzhat\u00f3, k\u00e9nyelmes, praktikus aut\u00f3, ami t\u00f6k\u00e9letes v\u00e1laszt\u00e1s lehet azoknak, akik egy emelt, SUV-szer\u0171 csal\u00e1di aut\u00f3t keresnek a Toyota legend\u00e1s hibrid technol\u00f3gi\u00e1j\u00e1val. Viszont ha valaki valami igaz\u00e1n izgalmasra, k\u00fcl\u00f6nlegesre v\u00e1gyik, az val\u00f3sz\u00edn\u0171leg nem ebben a modellben tal\u00e1lja meg, amit keres.<\/p>\n<p>Amikor a Kia e-Niro 2019-ben megjelent, alaposan meglepte a piacot, \u00e9s egy kicsit nevets\u00e9gess\u00e9 tette a Volkswagen-csoport nagyszab\u00e1s\u00fa elektromos terveit. A n\u00e9metek akkor m\u00e9g csak dolgoztak a saj\u00e1t, kiz\u00e1r\u00f3lag elektromos aut\u00f3khoz tervezett padl\u00f3lemez\u00fck\u00f6n, mik\u00f6zben a Kia m\u00e1r piacra dobott egy olyan szabadid\u0151-aut\u00f3t, amely el\u00e9rhet\u0151 \u00e1ron k\u00edn\u00e1lt hatalmas hat\u00f3t\u00e1vols\u00e1got \u2013 szinte minden m\u00e1s elektromos aut\u00f3n\u00e1l t\u00f6bbet, kiv\u00e9ve tal\u00e1n a Tesl\u00e1kat. Emellett t\u00e1gas bels\u0151 t\u00e9rrel rendelkezett, nem volt t\u00fal felt\u0171n\u0151en futurisztikus, vagyis sz\u00e9les r\u00e9teg sz\u00e1m\u00e1ra volt vonz\u00f3 \u00e9s haszn\u00e1lhat\u00f3.<\/p>\n<p>B\u00e1r a diz\u00e1jnja nem volt k\u00fcl\u00f6n\u00f6sebben megnyer\u0151, az aut\u00f3 m\u00e9gis hatalmas sikert aratott. A Kia e-Niro m\u00e1r j\u00f3val a Volkswagen ID.3, a Citro\u00ebn \u00eb-C4 \u00e9s a Peugeot e-2008 el\u0151tt megjelent, \u00edgy a konkurenci\u00e1t megel\u0151zve h\u00f3d\u00edthatta meg a v\u00e1s\u00e1rl\u00f3kat. A Renault, a Nissan, a Vauxhall \u00e9s a Honda akkoriban m\u00e9g csak dolgozott a saj\u00e1t korszer\u0171, hossz\u00fa hat\u00f3t\u00e1v\u00fa elektromos modelljein \u2013 ezek j\u00f3 r\u00e9sze m\u00e9g ma sem \u00e9rte el azt a szintet, amit a Kia m\u00e1r \u00e9vekkel ezel\u0151tt hozott. K\u00f6zben a Niro elektromos v\u00e1ltozata m\u00e1r most bel\u00e9pett a m\u00e1sodik gener\u00e1ci\u00f3j\u00e1ba. Pedig felmer\u00fclhet a k\u00e9rd\u00e9s: egy\u00e1ltal\u00e1n sz\u00fcks\u00e9g volt erre? Az el\u0151z\u0151 e-Niro m\u00e9g mindig kifejezetten j\u00f3l fogyott. M\u00e9gis, a Kia \u00fagy d\u00f6nt\u00f6tt, elj\u00f6tt az id\u0151 a meg\u00fajul\u00e1sra.<\/p>\n","protected":false},"excerpt":{"rendered":"<p>\u201eT\u00e1j\u00e9koztatjuk, hogy egy XVIII. ker\u00fcleti lak\u00e1sban 2026. janu\u00e1r 5-\u00e9n 11 \u00f3ra 22 perc k\u00f6r\u00fcl holtan tal\u00e1ltak egy 34 \u00e9ves f\u00e9rfit&#8230;. <span class=\"gridview-grid-post-read-more\"><a href=\"https:\/\/wofvideo.pro\/mostjott\/megszolalt-a-rendorseg-dudas-miklos-halalarol\/\">read more<span class=\"gridview-sr-only\"> Megsz\u00f3lalt a rend\u0151rs\u00e9g Dud\u00e1s Mikl\u00f3s hal\u00e1l\u00e1r\u00f3l<\/span><\/a><\/span><\/p>\n","protected":false},"author":1,"featured_media":720,"comment_status":"open","ping_status":"open","sticky":false,"template":"","format":"standard","meta":{"footnotes":""},"categories":[1],"tags":[],"class_list":["post-719","post","type-post","status-publish","format-standard","has-post-thumbnail","hentry","category-egyeb","wpcat-1-id"],"_links":{"self":[{"href":"https:\/\/wofvideo.pro\/mostjott\/wp-json\/wp\/v2\/posts\/719","targetHints":{"allow":["GET"]}}],"collection":[{"href":"https:\/\/wofvideo.pro\/mostjott\/wp-json\/wp\/v2\/posts"}],"about":[{"href":"https:\/\/wofvideo.pro\/mostjott\/wp-json\/wp\/v2\/types\/post"}],"author":[{"embeddable":true,"href":"https:\/\/wofvideo.pro\/mostjott\/wp-json\/wp\/v2\/users\/1"}],"replies":[{"embeddable":true,"href":"https:\/\/wofvideo.pro\/mostjott\/wp-json\/wp\/v2\/comments?post=719"}],"version-history":[{"count":1,"href":"https:\/\/wofvideo.pro\/mostjott\/wp-json\/wp\/v2\/posts\/719\/revisions"}],"predecessor-version":[{"id":721,"href":"https:\/\/wofvideo.pro\/mostjott\/wp-json\/wp\/v2\/posts\/719\/revisions\/721"}],"wp:featuredmedia":[{"embeddable":true,"href":"https:\/\/wofvideo.pro\/mostjott\/wp-json\/wp\/v2\/media\/720"}],"wp:attachment":[{"href":"https:\/\/wofvideo.pro\/mostjott\/wp-json\/wp\/v2\/media?parent=719"}],"wp:term":[{"taxonomy":"category","embeddable":true,"href":"https:\/\/wofvideo.pro\/mostjott\/wp-json\/wp\/v2\/categories?post=719"},{"taxonomy":"post_tag","embeddable":true,"href":"https:\/\/wofvideo.pro\/mostjott\/wp-json\/wp\/v2\/tags?post=719"}],"curies":[{"name":"wp","href":"https:\/\/api.w.org\/{rel}","templated":true}]}}