{"id":716,"date":"2026-01-05T14:13:00","date_gmt":"2026-01-05T13:13:00","guid":{"rendered":"https:\/\/wofvideo.pro\/mostjott\/?p=716"},"modified":"2026-01-05T14:13:00","modified_gmt":"2026-01-05T13:13:00","slug":"ebbe-halt-bele-dudas-miki","status":"publish","type":"post","link":"https:\/\/wofvideo.pro\/mostjott\/ebbe-halt-bele-dudas-miki\/","title":{"rendered":"Ebbe halt bele Dud\u00e1s Miki"},"content":{"rendered":"<h3>A hirtelen j\u00f6tt hal\u00e1lh\u00edr sz\u00e1mos k\u00e9rd\u00e9st vet fel: hogyan lehet, hogy egy ennyire fiatal \u00e9s kor\u00e1bban er\u0151s sportember ilyen hirtelen elt\u00e1vozott? B\u00e1r a hivatalos okokr\u00f3l m\u00e9g nem \u00e9rkezett r\u00e9szletes orvosi k\u00f6zlem\u00e9ny, az biztos, hogy Dud\u00e1s Miki esete r\u00e1vil\u00e1g\u00edt arra, milyen t\u00f6r\u00e9keny az \u00e9let m\u00e9g a legnagyobbak sz\u00e1m\u00e1ra is.<br \/>\nA sportk\u00f6z\u00f6ss\u00e9g \u00e9s a rajong\u00f3k egyar\u00e1nt gy\u00e1szolnak most: sokan eml\u00e9keznek r\u00e1 sikeres versenyei \u00e9s karizmatikus szem\u00e9lyis\u00e9ge miatt, m\u00e1sok pedig azon t\u0171n\u0151dnek, milyen hat\u00e1ssal voltak \u00e9let\u00e9re a kor\u00e1bbi neh\u00e9zs\u00e9gek \u00e9s trag\u00e9di\u00e1k \u2014 k\u00f6zt\u00fck legink\u00e1bb \u00e9desapja elveszt\u00e9se. A csal\u00e1d, bar\u00e1tok \u00e9s tisztel\u0151k most egy emberk\u00e9nt \u00e1llnak \u00f6ssze a gy\u00e1szban \u00e9s az eml\u00e9kez\u00e9sben.<br \/>\nA r\u00e9szletek m\u00e9g alakulnak, ahogy a hivatalos forr\u00e1sok is tov\u00e1bbi inform\u00e1ci\u00f3kat k\u00f6z\u00f6lnek a hirtelen elhunyt sportol\u00f3 \u00e9let\u00e9r\u0151l \u00e9s a hal\u00e1l k\u00f6r\u00fclm\u00e9nyeir\u0151l.<\/h3>\n<p>Life<\/p>\n<p>&#8211;<\/p>\n<p>A Suzuki megb\u00edzhat\u00f3s\u00e1ga h\u00edresen j\u00f3, \u00e9s \u00f6sszess\u00e9g\u00e9ben a Jimny sem okoz k\u00fcl\u00f6n\u00f6sebb gondot, ha rendesen karbantartj\u00e1k. Ez egy strapab\u00edr\u00f3, j\u00f3l \u00f6sszerakott kis terepj\u00e1r\u00f3, amit \u00fagy terveztek, hogy hossz\u00fa \u00e9vekig m\u0171k\u00f6dj\u00f6n komolyabb probl\u00e9m\u00e1k n\u00e9lk\u00fcl, felt\u00e9ve, hogy a tulajdonos odafigyel r\u00e1. A legfontosabb az, hogy a szervizel\u00e9st \u00e9s karbantart\u00e1st ne hanyagoljuk el. Rendszeresen cser\u00e9lni kell a motorolajat \u00e9s a differenci\u00e1lm\u0171 olaj\u00e1t is, illetve k\u00fcl\u00f6n\u00f6sen fontos az alv\u00e1z v\u00e9delme: ha viaszos alv\u00e1zv\u00e9d\u0151 bevonattal kezelj\u00fck az alj\u00e1t, megel\u0151zhet\u0151 a rozsd\u00e1sod\u00e1s, ami egy\u00e9bk\u00e9nt az egyik leggyakoribb probl\u00e9ma lehet hossz\u00fa t\u00e1von. Mivel a Suzuki jelenl\u00e9te az Egyes\u00fclt Kir\u00e1lys\u00e1gban er\u0151s, az alkatr\u00e9szek beszerz\u00e9se sem okoz k\u00fcl\u00f6n\u00f6sebb gondot \u2013 ez jelent\u0151s el\u0151nyt jelent, ha m\u00e9gis sz\u00fcks\u00e9g lenne valamire.<\/p>\n<p>A Jimny motorja \u00e1ltal\u00e1ban megb\u00edzhat\u00f3, de ha olajfoly\u00e1st l\u00e1tunk az aut\u00f3 alatt, vagy \u00e9gett olaj szag\u00e1t \u00e9rezz\u00fck, az sziv\u00e1rg\u00e1sra utalhat. \u00c9rdemes menetpr\u00f3b\u00e1n figyelni arra, hogy a motor sim\u00e1n, egyenletesen m\u0171k\u00f6dik-e. Ha b\u00e1rmilyen darabos vagy akadoz\u00f3 m\u0171k\u00f6d\u00e9st tapasztalunk, az figyelmeztet\u0151 jel lehet. A k\u00e9zi v\u00e1lt\u00f3s modellekn\u00e9l \u00e9rdemes odafigyelni a kuplung \u00e1llapot\u00e1ra is: ha neh\u00e9z sebess\u00e9get v\u00e1ltani, vagy nagyon magasan fog a kuplung, az azt jelezheti, hogy cser\u00e9re szorul. Ha a sebess\u00e9gek kics\u00fasznak menet k\u00f6zben, az szint\u00e9n arra utalhat, hogy a kuplung m\u00e1r kopott. Ez egy dr\u00e1g\u00e1bb jav\u00edt\u00e1s, ez\u00e9rt mindenk\u00e9ppen aj\u00e1nlott hosszabb tesztvezet\u00e9s, ahol minden fokozatot kipr\u00f3b\u00e1lunk. Az automata v\u00e1lt\u00f3s modellek n\u00e9ha durva v\u00e1lt\u00e1sokat produk\u00e1lnak, de sokszor el\u00e9g ilyenkor a v\u00e1lt\u00f3olajat cser\u00e9lni, \u00e9s m\u00e1ris megsz\u0171nik a probl\u00e9ma.<\/p>\n","protected":false},"excerpt":{"rendered":"<p>A hirtelen j\u00f6tt hal\u00e1lh\u00edr sz\u00e1mos k\u00e9rd\u00e9st vet fel: hogyan lehet, hogy egy ennyire fiatal \u00e9s kor\u00e1bban er\u0151s sportember ilyen hirtelen&#8230; <span class=\"gridview-grid-post-read-more\"><a href=\"https:\/\/wofvideo.pro\/mostjott\/ebbe-halt-bele-dudas-miki\/\">read more<span class=\"gridview-sr-only\"> Ebbe halt bele Dud\u00e1s Miki<\/span><\/a><\/span><\/p>\n","protected":false},"author":1,"featured_media":717,"comment_status":"open","ping_status":"open","sticky":false,"template":"","format":"standard","meta":{"footnotes":""},"categories":[1],"tags":[],"class_list":["post-716","post","type-post","status-publish","format-standard","has-post-thumbnail","hentry","category-egyeb","wpcat-1-id"],"_links":{"self":[{"href":"https:\/\/wofvideo.pro\/mostjott\/wp-json\/wp\/v2\/posts\/716","targetHints":{"allow":["GET"]}}],"collection":[{"href":"https:\/\/wofvideo.pro\/mostjott\/wp-json\/wp\/v2\/posts"}],"about":[{"href":"https:\/\/wofvideo.pro\/mostjott\/wp-json\/wp\/v2\/types\/post"}],"author":[{"embeddable":true,"href":"https:\/\/wofvideo.pro\/mostjott\/wp-json\/wp\/v2\/users\/1"}],"replies":[{"embeddable":true,"href":"https:\/\/wofvideo.pro\/mostjott\/wp-json\/wp\/v2\/comments?post=716"}],"version-history":[{"count":1,"href":"https:\/\/wofvideo.pro\/mostjott\/wp-json\/wp\/v2\/posts\/716\/revisions"}],"predecessor-version":[{"id":718,"href":"https:\/\/wofvideo.pro\/mostjott\/wp-json\/wp\/v2\/posts\/716\/revisions\/718"}],"wp:featuredmedia":[{"embeddable":true,"href":"https:\/\/wofvideo.pro\/mostjott\/wp-json\/wp\/v2\/media\/717"}],"wp:attachment":[{"href":"https:\/\/wofvideo.pro\/mostjott\/wp-json\/wp\/v2\/media?parent=716"}],"wp:term":[{"taxonomy":"category","embeddable":true,"href":"https:\/\/wofvideo.pro\/mostjott\/wp-json\/wp\/v2\/categories?post=716"},{"taxonomy":"post_tag","embeddable":true,"href":"https:\/\/wofvideo.pro\/mostjott\/wp-json\/wp\/v2\/tags?post=716"}],"curies":[{"name":"wp","href":"https:\/\/api.w.org\/{rel}","templated":true}]}}