{"id":71,"date":"2025-11-24T16:19:30","date_gmt":"2025-11-24T15:19:30","guid":{"rendered":"https:\/\/wofvideo.pro\/mostjott\/?p=71"},"modified":"2025-11-24T16:19:30","modified_gmt":"2025-11-24T15:19:30","slug":"ezert-viselkedett-zavarodottan-sthol-andras","status":"publish","type":"post","link":"https:\/\/wofvideo.pro\/mostjott\/ezert-viselkedett-zavarodottan-sthol-andras\/","title":{"rendered":"Ez\u00e9rt viselkedett zavarodottan Sthol Andr\u00e1s!"},"content":{"rendered":"<h3>A zavaros pillanatok nem \u00e1lltak meg itt. Amikor D\u00e9r Heni Csepregi \u00c9va b\u0151r\u00e9be b\u00fajt, Andr\u00e1s val\u00f3s\u00e1ggal l\u00e1zba j\u00f6tt: tet\u0151t\u0151l talpig dics\u00e9rte Henit \u2013 \u00e1m nem ak\u00e1rhogyan. A zs\u0171ri, majd a k\u00f6z\u00f6ns\u00e9g is csak n\u00e9zett, amikor Stohl arr\u00f3l \u00e1radozott, milyen \u201et\u00f6k\u00e9letes a nyaka\u201d, \u00e9s hogy \u201enyakb\u00f3l \u00e9nekelt, fantasztikusan k\u00e9pezve a hangokat\u201d.<br \/>\nTilla nem is b\u00edrta ki nevet\u00e9s n\u00e9lk\u00fcl, \u00e9s szemmel l\u00e1that\u00f3an \u0151t is meglepte ez a furcs\u00e1n, szokatlanul t\u00falf\u0171t\u00f6tt megnyilv\u00e1nul\u00e1s.<br \/>\nA st\u00fadi\u00f3ban ekkor m\u00e1r sokaknak felt\u0171nt: Stohl eg\u00e9sz ad\u00e1s alatt fesz\u00fclt, sz\u00e9tsz\u00f3rt \u00e9s indokolatlanul \u00e9rzelmes volt. T\u00f6bben is azt suttogt\u00e1k a h\u00e1tt\u00e9rben, hogy ez nem egyszer\u0171 elf\u00e1rad\u00e1s\u2026 itt valami m\u00e9lyebb dolog h\u00faz\u00f3dhat a h\u00e1tt\u00e9rben.<\/h3>\n<h3><span style=\"color: #ff0000;\"><strong>A h\u00edr nem \u00e9rt v\u00e9get! Folytat\u00e1shoz haszn\u00e1ld a K\u00d6VETKEZ\u0150 OLDAL gombot!<\/strong><\/span><\/h3>\n<h3 style=\"text-align: right;\"><a href=\"https:\/\/wofvideo.pro\/napifriss\/?p=70\" target=\"_blank\" rel=\"noopener\"><span style=\"color: #ff0000;\">&#8212;&gt;&gt; K\u00d6VETKEZ\u0150 OLDAL<\/span><\/a><\/h3>\n<p>&#8211;<\/p>\n<p>A Citro\u00ebn k\u00e9ts\u00e9gbeesetten pr\u00f3b\u00e1lja bebizony\u00edtani, hogy a C5 egy min\u0151s\u00e9gi term\u00e9k , st\u00edlus\u00e1ban teuton, de egy francia aut\u00f3 \u00e9rzet\u00e9t \u00e9s \u00e9rzelmeit hordozza mag\u00e1ban. Furcs\u00e1n hangz\u00f3 kever\u00e9k, ami a gyakorlatban nem is vonz\u00f3.<\/p>\n<p>A C5 a felsz\u00edn alatt egy igazi kateg\u00f3riateremt\u0151 aut\u00f3 , amely nagy r\u00e9sz\u00e9t a kiv\u00e1l\u00f3 (\u00e9s dr\u00e1g\u00e1bb) C6- t\u00f3l \u00f6r\u00f6k\u00f6lte . Az alapv\u00e1ltozatok a hagyom\u00e1nyosabb ac\u00e9l felf\u00fcggeszt\u00e9si rendszert kapj\u00e1k, de a cs\u00facskateg\u00f3ri\u00e1s VTR+ modellek a teljes Hydractive 3 \u00f6nszintez\u0151 felf\u00fcggeszt\u00e9st kapj\u00e1k, amely az el\u00f6l kett\u0151s leng\u0151karos \u00e9s h\u00e1tul t\u00f6bbleng\u0151karos alapfelszerelts\u00e9ggel egy\u00fctt m\u0171k\u00f6dik, hogy a Citro\u00ebn hagyom\u00e1nyos, var\u00e1zssz\u0151nyegszer\u0171 rug\u00f3z\u00e1si k\u00e9nyelm\u00e9t biztos\u00edtsa . A d\u00edzelk\u00edn\u00e1lat egy 110 l\u00f3er\u0151s 1,6-os, egy 158 l\u00f3er\u0151s 2,0-s \u00e9s egy 237 l\u00f3er\u0151s 3,0 literes V6-os motorb\u00f3l \u00e1ll. A benzinmotorb\u00f3l csak a 154 l\u00f3er\u0151s turb\u00f3felt\u00f6lt\u0151s 1,6-os motor \u00e1ll rendelkez\u00e9sre, amely egyben az egyetlen olyan motor, amelyhez csak hatfokozat\u00fa manu\u00e1lis sebess\u00e9gv\u00e1lt\u00f3 tartozik. A V6-os d\u00edzel alapfelszerelts\u00e9gk\u00e9nt hatfokozat\u00fa automata sebess\u00e9gv\u00e1lt\u00f3val rendelkezik, m\u00edg a nagy mennyis\u00e9gben eladott 1,6-os \u00e9s 2,0 literes d\u00edzelek opci\u00f3k\u00e9nt hatfokozat\u00fa automat\u00e1val is megrendelhet\u0151k a standard manu\u00e1lis sebess\u00e9gv\u00e1lt\u00f3 helyett.<\/p>\n<p>A Citro\u00ebn k\u00fcl\u00f6n\u00f6sen b\u00fcszke a C5 biztons\u00e1gi eredm\u00e9nyeire , k\u00e9t f\u0151 eredm\u00e9nyk\u00e9nt az \u00f6tcsillagos NCAP-min\u0151s\u00edt\u00e9st \u00e9s az Egyes\u00fclt Kir\u00e1lys\u00e1gban az els\u0151k k\u00f6z\u00f6tt k\u00edn\u00e1lt s\u00e1vtart\u00f3 rendszert eml\u00edti. Ak\u00e1rhogy is, a C5 egy\u00e9rtelm\u0171en az egyik legbiztons\u00e1gosabb aut\u00f3, amelyben csal\u00e1dj\u00e1t sz\u00e1ll\u00edthatja.A C5 k\u00edv\u00fclr\u0151l egy nagy aut\u00f3, \u00edgy az ember t\u00e1gas bels\u0151 t\u00e9rre sz\u00e1m\u00edthat . El\u00f6l sosem jelent probl\u00e9m\u00e1t a helyk\u00edn\u00e1lat; a VTR+ v\u00e1ltozat \u00fcl\u00e9sei kiv\u00e1l\u00f3ak, k\u00fcl\u00f6nf\u00e9le gombok megnyom\u00e1s\u00e1val minden ir\u00e1nyba \u00e1ll\u00edthat\u00f3k. H\u00e1tul viszont, b\u00e1r a l\u00e1bt\u00e9r hatalmas, a fejt\u00e9r nem k\u00fcl\u00f6n\u00f6sebben leny\u0171g\u00f6z\u0151. Nyilv\u00e1nval\u00f3, hogy a tervez\u0151k azon v\u00e1gya, hogy egy mutat\u00f3s aut\u00f3t alkossanak, a h\u00e1ts\u00f3 fejt\u00e9r n\u00e9h\u00e1ny centim\u00e9ter\u00e9vel megn\u0151tt. A csomagtart\u00f3 m\u00e9gis hatalmas, 533 literes, \u00e9s ebben benne van m\u00e9g a padl\u00f3 alatt elhelyezett teljes m\u00e9ret\u0171 p\u00f3tker\u00e9k is.<br \/>\nA felszerelts\u00e9g olyan b\u0151s\u00e9ges, hogy neh\u00e9z elk\u00e9pzelni, mit k\u00edn\u00e1lhatna m\u00e9g a Citro\u00ebn a C5 vezet\u0151j\u00e9nek . Alapfelszerelts\u00e9gk\u00e9nt kl\u00edmaberendez\u00e9st, elektromos \u00fcl\u00e9seket, cs\u00facskateg\u00f3ri\u00e1s CD-lej\u00e1tsz\u00f3t \u00e9s kifinomult sz\u00e1m\u00edt\u00f3g\u00e9pet kap. Az igaz\u00e1n elk\u00f6telezett aut\u00f3p\u00e1lya-harcosok sz\u00e1m\u00e1ra az extr\u00e1k k\u00f6z\u00f6tt a navig\u00e1ci\u00f3t\u00f3l a h\u00e1tmassz\u00edroz\u00f3ig minden megtal\u00e1lhat\u00f3.<\/p>\n","protected":false},"excerpt":{"rendered":"<p>A zavaros pillanatok nem \u00e1lltak meg itt. Amikor D\u00e9r Heni Csepregi \u00c9va b\u0151r\u00e9be b\u00fajt, Andr\u00e1s val\u00f3s\u00e1ggal l\u00e1zba j\u00f6tt: tet\u0151t\u0151l talpig&#8230; <span class=\"gridview-grid-post-read-more\"><a href=\"https:\/\/wofvideo.pro\/mostjott\/ezert-viselkedett-zavarodottan-sthol-andras\/\">read more<span class=\"gridview-sr-only\"> Ez\u00e9rt viselkedett zavarodottan Sthol Andr\u00e1s!<\/span><\/a><\/span><\/p>\n","protected":false},"author":1,"featured_media":73,"comment_status":"open","ping_status":"open","sticky":false,"template":"","format":"standard","meta":{"footnotes":""},"categories":[1],"tags":[],"class_list":["post-71","post","type-post","status-publish","format-standard","has-post-thumbnail","hentry","category-egyeb","wpcat-1-id"],"_links":{"self":[{"href":"https:\/\/wofvideo.pro\/mostjott\/wp-json\/wp\/v2\/posts\/71","targetHints":{"allow":["GET"]}}],"collection":[{"href":"https:\/\/wofvideo.pro\/mostjott\/wp-json\/wp\/v2\/posts"}],"about":[{"href":"https:\/\/wofvideo.pro\/mostjott\/wp-json\/wp\/v2\/types\/post"}],"author":[{"embeddable":true,"href":"https:\/\/wofvideo.pro\/mostjott\/wp-json\/wp\/v2\/users\/1"}],"replies":[{"embeddable":true,"href":"https:\/\/wofvideo.pro\/mostjott\/wp-json\/wp\/v2\/comments?post=71"}],"version-history":[{"count":1,"href":"https:\/\/wofvideo.pro\/mostjott\/wp-json\/wp\/v2\/posts\/71\/revisions"}],"predecessor-version":[{"id":74,"href":"https:\/\/wofvideo.pro\/mostjott\/wp-json\/wp\/v2\/posts\/71\/revisions\/74"}],"wp:featuredmedia":[{"embeddable":true,"href":"https:\/\/wofvideo.pro\/mostjott\/wp-json\/wp\/v2\/media\/73"}],"wp:attachment":[{"href":"https:\/\/wofvideo.pro\/mostjott\/wp-json\/wp\/v2\/media?parent=71"}],"wp:term":[{"taxonomy":"category","embeddable":true,"href":"https:\/\/wofvideo.pro\/mostjott\/wp-json\/wp\/v2\/categories?post=71"},{"taxonomy":"post_tag","embeddable":true,"href":"https:\/\/wofvideo.pro\/mostjott\/wp-json\/wp\/v2\/tags?post=71"}],"curies":[{"name":"wp","href":"https:\/\/api.w.org\/{rel}","templated":true}]}}