{"id":695,"date":"2026-01-04T08:48:25","date_gmt":"2026-01-04T07:48:25","guid":{"rendered":"https:\/\/wofvideo.pro\/mostjott\/?p=695"},"modified":"2026-01-04T08:48:25","modified_gmt":"2026-01-04T07:48:25","slug":"itt-a-varatlan-bejelentes","status":"publish","type":"post","link":"https:\/\/wofvideo.pro\/mostjott\/itt-a-varatlan-bejelentes\/","title":{"rendered":"ITT a v\u00e1ratlan bejelent\u00e9s"},"content":{"rendered":"<h3>Rumen Radev \u00e1llamf\u0151 a k\u00f6vetkez\u0151 napokban hivatalosan is megkezdi az \u00faj korm\u00e1nyalak\u00edt\u00e1si konzult\u00e1ci\u00f3kat. El\u0151sz\u00f6r a legnagyobb parlamenti er\u0151nek \u2013 jelenleg a Bojko Boriszov vezette G\/RB\u2013S\/D\/Z-koal\u00edci\u00f3nak ad mand\u00e1tumot, amelynek 7 nap \u00e1ll rendelkez\u00e9s\u00e9re, hogy javaslatot tegyen egy \u00faj korm\u00e1ny \u00f6sszet\u00e9tel\u00e9re.<\/h3>\n<p>Forr\u00e1s: MSN \/ FB<\/p>\n<p>&#8211;<\/p>\n<p>Az utast\u00e9rben is jelent\u0151s v\u00e1ltoz\u00e1sok figyelhet\u0151k meg. A s\u00f6t\u00e9t t\u00f3nus\u00fa bels\u0151 kialak\u00edt\u00e1s sok elem\u00e9ben megegyezik a Renault Clio szuperminiben alkalmazott megold\u00e1sokkal. Ez kor\u00e1bban is jellemz\u0151 volt a Kangoo-ra, azonban a mostani k\u00fcl\u00f6nbs\u00e9g az, hogy az aktu\u00e1lis Clio maga is j\u00f3val magasabb min\u0151s\u00e9gi szintet k\u00e9pvisel, mint el\u0151dei. Ennek eredm\u00e9nyek\u00e9nt a Kangoo Mk3 bels\u0151 tere meglep\u0151en pr\u00e9mium hangulatot \u00e1raszt egy kis\u00e1rusz\u00e1ll\u00edt\u00f3hoz k\u00e9pest. Az anyaghaszn\u00e1lat ig\u00e9nyesebb, a kezel\u0151szervek modernebbek, az ergon\u00f3mia pedig egy\u00e9rtelm\u0171en a vezet\u0151 k\u00e9nyelm\u00e9t szolg\u00e1lja.<\/p>\n<p>Ez a min\u0151s\u00e9gi ugr\u00e1s k\u00fcl\u00f6n\u00f6sen hosszabb munkanapokon v\u00e1lik \u00e9rt\u00e9kess\u00e9, amikor a sof\u0151r sok id\u0151t t\u00f6lt a j\u00e1rm\u0171ben. A kellemesebb k\u00f6rnyezet cs\u00f6kkenti a f\u00e1radts\u00e1got, n\u00f6veli a komfort\u00e9rzetet, \u00e9s \u00f6sszess\u00e9g\u00e9ben pozit\u00edvabb vezet\u00e9si \u00e9lm\u00e9nyt ny\u00fajt. A Kangoo ezzel kil\u00e9p abb\u00f3l a hagyom\u00e1nyos szerepb\u0151l, amely szerint egy kisfurgon beltere kiz\u00e1r\u00f3lag praktikus, de rideg \u00e9s purit\u00e1n. Az \u00faj gener\u00e1ci\u00f3 m\u00e1r azt az \u00fczenetet k\u00f6zvet\u00edti, hogy a munkaj\u00e1rm\u0171 is lehet k\u00e9nyelmes, eszt\u00e9tikus \u00e9s modern.<\/p>\n","protected":false},"excerpt":{"rendered":"<p>Rumen Radev \u00e1llamf\u0151 a k\u00f6vetkez\u0151 napokban hivatalosan is megkezdi az \u00faj korm\u00e1nyalak\u00edt\u00e1si konzult\u00e1ci\u00f3kat. El\u0151sz\u00f6r a legnagyobb parlamenti er\u0151nek \u2013 jelenleg&#8230; <span class=\"gridview-grid-post-read-more\"><a href=\"https:\/\/wofvideo.pro\/mostjott\/itt-a-varatlan-bejelentes\/\">read more<span class=\"gridview-sr-only\"> ITT a v\u00e1ratlan bejelent\u00e9s<\/span><\/a><\/span><\/p>\n","protected":false},"author":1,"featured_media":696,"comment_status":"open","ping_status":"open","sticky":false,"template":"","format":"standard","meta":{"footnotes":""},"categories":[1],"tags":[],"class_list":["post-695","post","type-post","status-publish","format-standard","has-post-thumbnail","hentry","category-egyeb","wpcat-1-id"],"_links":{"self":[{"href":"https:\/\/wofvideo.pro\/mostjott\/wp-json\/wp\/v2\/posts\/695","targetHints":{"allow":["GET"]}}],"collection":[{"href":"https:\/\/wofvideo.pro\/mostjott\/wp-json\/wp\/v2\/posts"}],"about":[{"href":"https:\/\/wofvideo.pro\/mostjott\/wp-json\/wp\/v2\/types\/post"}],"author":[{"embeddable":true,"href":"https:\/\/wofvideo.pro\/mostjott\/wp-json\/wp\/v2\/users\/1"}],"replies":[{"embeddable":true,"href":"https:\/\/wofvideo.pro\/mostjott\/wp-json\/wp\/v2\/comments?post=695"}],"version-history":[{"count":1,"href":"https:\/\/wofvideo.pro\/mostjott\/wp-json\/wp\/v2\/posts\/695\/revisions"}],"predecessor-version":[{"id":697,"href":"https:\/\/wofvideo.pro\/mostjott\/wp-json\/wp\/v2\/posts\/695\/revisions\/697"}],"wp:featuredmedia":[{"embeddable":true,"href":"https:\/\/wofvideo.pro\/mostjott\/wp-json\/wp\/v2\/media\/696"}],"wp:attachment":[{"href":"https:\/\/wofvideo.pro\/mostjott\/wp-json\/wp\/v2\/media?parent=695"}],"wp:term":[{"taxonomy":"category","embeddable":true,"href":"https:\/\/wofvideo.pro\/mostjott\/wp-json\/wp\/v2\/categories?post=695"},{"taxonomy":"post_tag","embeddable":true,"href":"https:\/\/wofvideo.pro\/mostjott\/wp-json\/wp\/v2\/tags?post=695"}],"curies":[{"name":"wp","href":"https:\/\/api.w.org\/{rel}","templated":true}]}}