{"id":68,"date":"2025-11-24T16:00:19","date_gmt":"2025-11-24T15:00:19","guid":{"rendered":"https:\/\/wofvideo.pro\/mostjott\/?p=68"},"modified":"2025-11-24T16:00:19","modified_gmt":"2025-11-24T15:00:19","slug":"stohl-andras-es-mary-kulonos-esete","status":"publish","type":"post","link":"https:\/\/wofvideo.pro\/mostjott\/stohl-andras-es-mary-kulonos-esete\/","title":{"rendered":"Stohl Andr\u00e1s \u00e9s Mary k\u00fcl\u00f6n\u00f6s esete!"},"content":{"rendered":"<h3>Tavasszal der\u00fclt ki, hogy elv\u00e1lt m\u00e1sodik feles\u00e9g\u00e9t\u0151l, Vic\u00e1t\u00f3l, akivel t\u00f6bb mint egy \u00e9vtizedig alkottak egy p\u00e1rt. A v\u00e1l\u00e1s ut\u00e1n sokan tal\u00e1lgatt\u00e1k, vajon \u00fajra nyitott lesz-e a szerelemre, t\u00f6bben tal\u00e1lgatt\u00e1k, nem korai-e egy p\u00e1rkeres\u0151 m\u0171sorban szerepelnie. Kor\u00e1bban mi is \u00edrtunk arr\u00f3l, hogy az egyik kiszemeltj\u00e9t a Szt\u00e1rban Szt\u00e1r All Stars st\u00fadi\u00f3j\u00e1ba is mag\u00e1val vitte az \u00e9l\u0151 ad\u00e1sra. Most az esti m\u0171sorban kotyogta ki, befejez\u0151d\u00f6tt a forgat\u00e1s, megvan, ki kapta az utols\u00f3 r\u00f3zs\u00e1t. MUTATJUK A R\u00c9SZLETEKET!<\/h3>\n<h3><span style=\"color: #ff0000;\"><strong>A h\u00edr nem \u00e9rt v\u00e9get! Folytat\u00e1shoz haszn\u00e1ld a K\u00d6VETKEZ\u0150 OLDAL gombot!<\/strong><\/span><\/h3>\n<h3 style=\"text-align: right;\"><a href=\"https:\/\/wofvideo.pro\/napifriss\/?p=66\" target=\"_blank\" rel=\"noopener\"><span style=\"color: #ff0000;\">&#8212;&gt;&gt; K\u00d6VETKEZ\u0150 OLDAL<\/span><\/a><\/h3>\n<p>&#8211;<\/p>\n<p>A teniszrajong\u00f3knak sz\u00f3l a Roland Garros cs\u00facsv\u00e1ltozat, amely egyed\u00fclik\u00e9nt k\u00edn\u00e1l szintetikus b\u0151rrel bor\u00edtott \u00fcl\u00e9seket, valamint n\u00e9h\u00e1ny sportos, teniszhez k\u00f6t\u0151d\u0151 r\u00e9szletet \u2013 p\u00e9ld\u00e1ul a tenisz\u00fct\u0151 markolat\u00e1t id\u00e9z\u0151 v\u00e1lt\u00f3kapcsol\u00f3t. Val\u00f3di haszn\u00e1lati \u00e9rt\u00e9ket azonban nem ad hozz\u00e1 a m\u00e1r b\u0151s\u00e9ges Iconic Five csomaghoz, \u00edgy \u00e1r-\u00e9rt\u00e9k ar\u00e1nyban nem ezt aj\u00e1nlan\u00e1nk.<\/p>\n<p>A Renault 5 E-Tech minden v\u00e1ltozata els\u0151ker\u00e9k-hajt\u00e1s\u00fa, \u00e9s kiz\u00e1r\u00f3lag \u00f6tajt\u00f3s karossz\u00e9ri\u00e1val k\u00e9sz\u00fcl \u2013 ugyan\u00edgy az Alpine A290 is, amely a modell sportos, forr\u00f3 ferdeh\u00e1t\u00fa testv\u00e9re lesz. A Renault a fut\u00f3m\u0171 \u00e9s a karossz\u00e9ria hangol\u00e1s\u00e1n\u00e1l kifejezetten t\u00f6rekedett arra, hogy a kisaut\u00f3 m\u00e9retei ellen\u00e9re massz\u00edvnak \u00e9s nagyon stabilnak \u00e9rz\u0151dj\u00f6n. A finom csillap\u00edt\u00e1s \u00e9s a kisz\u00e1m\u00edthat\u00f3 \u00fatfekv\u00e9s miatt a 5-\u00f6s sokkal komolyabbnak hat, mint amit a m\u00e9rete alapj\u00e1n v\u00e1rn\u00e1nk; feln\u0151ttes \u00e9s magabiztos jelleg\u00e9t minden helyzetben meg\u0151rzi.<\/p>\n","protected":false},"excerpt":{"rendered":"<p>Tavasszal der\u00fclt ki, hogy elv\u00e1lt m\u00e1sodik feles\u00e9g\u00e9t\u0151l, Vic\u00e1t\u00f3l, akivel t\u00f6bb mint egy \u00e9vtizedig alkottak egy p\u00e1rt. A v\u00e1l\u00e1s ut\u00e1n sokan&#8230; <span class=\"gridview-grid-post-read-more\"><a href=\"https:\/\/wofvideo.pro\/mostjott\/stohl-andras-es-mary-kulonos-esete\/\">read more<span class=\"gridview-sr-only\"> Stohl Andr\u00e1s \u00e9s Mary k\u00fcl\u00f6n\u00f6s esete!<\/span><\/a><\/span><\/p>\n","protected":false},"author":1,"featured_media":69,"comment_status":"open","ping_status":"open","sticky":false,"template":"","format":"standard","meta":{"footnotes":""},"categories":[1],"tags":[],"class_list":["post-68","post","type-post","status-publish","format-standard","has-post-thumbnail","hentry","category-egyeb","wpcat-1-id"],"_links":{"self":[{"href":"https:\/\/wofvideo.pro\/mostjott\/wp-json\/wp\/v2\/posts\/68","targetHints":{"allow":["GET"]}}],"collection":[{"href":"https:\/\/wofvideo.pro\/mostjott\/wp-json\/wp\/v2\/posts"}],"about":[{"href":"https:\/\/wofvideo.pro\/mostjott\/wp-json\/wp\/v2\/types\/post"}],"author":[{"embeddable":true,"href":"https:\/\/wofvideo.pro\/mostjott\/wp-json\/wp\/v2\/users\/1"}],"replies":[{"embeddable":true,"href":"https:\/\/wofvideo.pro\/mostjott\/wp-json\/wp\/v2\/comments?post=68"}],"version-history":[{"count":1,"href":"https:\/\/wofvideo.pro\/mostjott\/wp-json\/wp\/v2\/posts\/68\/revisions"}],"predecessor-version":[{"id":70,"href":"https:\/\/wofvideo.pro\/mostjott\/wp-json\/wp\/v2\/posts\/68\/revisions\/70"}],"wp:featuredmedia":[{"embeddable":true,"href":"https:\/\/wofvideo.pro\/mostjott\/wp-json\/wp\/v2\/media\/69"}],"wp:attachment":[{"href":"https:\/\/wofvideo.pro\/mostjott\/wp-json\/wp\/v2\/media?parent=68"}],"wp:term":[{"taxonomy":"category","embeddable":true,"href":"https:\/\/wofvideo.pro\/mostjott\/wp-json\/wp\/v2\/categories?post=68"},{"taxonomy":"post_tag","embeddable":true,"href":"https:\/\/wofvideo.pro\/mostjott\/wp-json\/wp\/v2\/tags?post=68"}],"curies":[{"name":"wp","href":"https:\/\/api.w.org\/{rel}","templated":true}]}}