{"id":674,"date":"2026-01-02T17:50:38","date_gmt":"2026-01-02T16:50:38","guid":{"rendered":"https:\/\/wofvideo.pro\/mostjott\/?p=674"},"modified":"2026-01-02T17:50:38","modified_gmt":"2026-01-02T16:50:38","slug":"megasztar-gyoztese-autobalesetet-szenvedett","status":"publish","type":"post","link":"https:\/\/wofvideo.pro\/mostjott\/megasztar-gyoztese-autobalesetet-szenvedett\/","title":{"rendered":"Megaszt\u00e1r gy\u0151ztese aut\u00f3balesetet szenvedett"},"content":{"rendered":"<h3>\u201cNagyon vigy\u00e1zzatok az utakon! H\u00e1la istennek, nem lett semmi bajom\u201d \u2013 ezt \u00edrta k\u00f6z\u00f6ss\u00e9gi oldal\u00e1n Gudics M\u00e1t\u00e9, akinek rosszul z\u00e1rult az \u00e9ve.<\/h3>\n<p>Forr\u00e1s: MSN \/ FB<\/p>\n<p>&#8211;<\/p>\n<p>A hajt\u00e1sl\u00e1ncok ter\u00e9n a Bayon k\u00edn\u00e1lata meglehet\u0151sen egyszer\u0171, k\u00fcl\u00f6n\u00f6sen a Kon\u00e1hoz k\u00e9pest. M\u00edg a Kona benzines, hibrid \u00e9s tiszt\u00e1n elektromos v\u00e1ltozatok sz\u00e9les v\u00e1laszt\u00e9k\u00e1t k\u00edn\u00e1lja, addig a Bayon jelenleg mind\u00f6ssze egyetlen motorral \u00e9rhet\u0151 el. Ez egy 1,0 literes, h\u00e1romhengeres benzines er\u0151forr\u00e1s, amely 99 l\u00f3er\u0151t \u00e9s 172 Nm nyomat\u00e9kot biztos\u00edt. Ez a teljes\u00edtm\u00e9ny els\u0151sorban v\u00e1rosi \u00e9s el\u0151v\u00e1rosi k\u00f6zleked\u00e9sre ide\u00e1lis, ahol az aut\u00f3 k\u00f6nny\u0171 fel\u00e9p\u00edt\u00e9se \u00e9s kompakt m\u00e9retei j\u00f3l \u00e9rv\u00e9nyes\u00fclnek. Kor\u00e1bban l\u00e9tezett egy er\u0151sebb, 118 l\u00f3er\u0151s v\u00e1ltozat is, amely valamivel dinamikusabb menetteljes\u00edtm\u00e9nyeket k\u00edn\u00e1lt, \u00e1m ez a verzi\u00f3 a Bayon r\u00e1ncfelvarr\u00e1sa sor\u00e1n kiker\u00fclt a k\u00edn\u00e1latb\u00f3l. Ugyan\u00edgy elt\u0171nt a 48 voltos enyhe hibrid rendszer is, amely kor\u00e1bban jav\u00edtotta a fogyaszt\u00e1st \u00e9s gyors\u00edt\u00e1skor egy kis extra r\u00e1seg\u00edt\u00e9st adott.<\/p>\n<p>Ennek hi\u00e1nya \u00e9rezhet\u0151 kompromisszum, hiszen a mild-hibrid technol\u00f3gia nemcsak gazdas\u00e1gosabb\u00e1 tette az aut\u00f3t, hanem valamivel finomabb m\u0171k\u00f6d\u00e9st is biztos\u00edtott.<\/p>\n","protected":false},"excerpt":{"rendered":"<p>\u201cNagyon vigy\u00e1zzatok az utakon! H\u00e1la istennek, nem lett semmi bajom\u201d \u2013 ezt \u00edrta k\u00f6z\u00f6ss\u00e9gi oldal\u00e1n Gudics M\u00e1t\u00e9, akinek rosszul z\u00e1rult&#8230; <span class=\"gridview-grid-post-read-more\"><a href=\"https:\/\/wofvideo.pro\/mostjott\/megasztar-gyoztese-autobalesetet-szenvedett\/\">read more<span class=\"gridview-sr-only\"> Megaszt\u00e1r gy\u0151ztese aut\u00f3balesetet szenvedett<\/span><\/a><\/span><\/p>\n","protected":false},"author":1,"featured_media":675,"comment_status":"open","ping_status":"open","sticky":false,"template":"","format":"standard","meta":{"footnotes":""},"categories":[1],"tags":[],"class_list":["post-674","post","type-post","status-publish","format-standard","has-post-thumbnail","hentry","category-egyeb","wpcat-1-id"],"_links":{"self":[{"href":"https:\/\/wofvideo.pro\/mostjott\/wp-json\/wp\/v2\/posts\/674","targetHints":{"allow":["GET"]}}],"collection":[{"href":"https:\/\/wofvideo.pro\/mostjott\/wp-json\/wp\/v2\/posts"}],"about":[{"href":"https:\/\/wofvideo.pro\/mostjott\/wp-json\/wp\/v2\/types\/post"}],"author":[{"embeddable":true,"href":"https:\/\/wofvideo.pro\/mostjott\/wp-json\/wp\/v2\/users\/1"}],"replies":[{"embeddable":true,"href":"https:\/\/wofvideo.pro\/mostjott\/wp-json\/wp\/v2\/comments?post=674"}],"version-history":[{"count":1,"href":"https:\/\/wofvideo.pro\/mostjott\/wp-json\/wp\/v2\/posts\/674\/revisions"}],"predecessor-version":[{"id":676,"href":"https:\/\/wofvideo.pro\/mostjott\/wp-json\/wp\/v2\/posts\/674\/revisions\/676"}],"wp:featuredmedia":[{"embeddable":true,"href":"https:\/\/wofvideo.pro\/mostjott\/wp-json\/wp\/v2\/media\/675"}],"wp:attachment":[{"href":"https:\/\/wofvideo.pro\/mostjott\/wp-json\/wp\/v2\/media?parent=674"}],"wp:term":[{"taxonomy":"category","embeddable":true,"href":"https:\/\/wofvideo.pro\/mostjott\/wp-json\/wp\/v2\/categories?post=674"},{"taxonomy":"post_tag","embeddable":true,"href":"https:\/\/wofvideo.pro\/mostjott\/wp-json\/wp\/v2\/tags?post=674"}],"curies":[{"name":"wp","href":"https:\/\/api.w.org\/{rel}","templated":true}]}}