{"id":65,"date":"2025-11-24T15:33:22","date_gmt":"2025-11-24T14:33:22","guid":{"rendered":"https:\/\/wofvideo.pro\/mostjott\/?p=65"},"modified":"2025-11-24T15:33:22","modified_gmt":"2025-11-24T14:33:22","slug":"rossz-hir-erkezett-a-decemberi-nyugdijakrol","status":"publish","type":"post","link":"https:\/\/wofvideo.pro\/mostjott\/rossz-hir-erkezett-a-decemberi-nyugdijakrol\/","title":{"rendered":"Rossz h\u00edr \u00e9rkezett a decemberi nyugd\u00edjakr\u00f3l!"},"content":{"rendered":"<h3>A decemberi el\u0151rehozott utal\u00e1s miatt nem n\u00e9gy, hanem \u00f6t teljes h\u00e9t telik el k\u00e9t kifizet\u00e9s k\u00f6z\u00f6tt.<br \/>\nEz azt jelenti, hogy aki december elej\u00e9n megkapja a p\u00e9nz\u00e9t, legk\u00f6zelebb csak janu\u00e1r 13-\u00e1n sz\u00e1m\u00edthat \u00fajabb nyugd\u00edjra.<br \/>\nEz a plusz egy h\u00e9t \u2013 r\u00e1ad\u00e1sul \u00e9ppen az \u00fcnnepek ut\u00e1ni \u00fcres p\u00e9nzt\u00e1rc\u00e1s id\u0151szakban \u2013 brut\u00e1lis terhet r\u00f3hat a h\u00e1ztart\u00e1sokra. A kar\u00e1csonyi kiad\u00e1sok, az \u00e9lelmiszer\u00e1rak, a rezsi \u00e9s az \u00e9v v\u00e9gi v\u00e1s\u00e1rl\u00e1si hull\u00e1m miatt a decemberi nyugd\u00edj ak\u00e1r m\u00e1r kar\u00e1csony ut\u00e1n elolvadhat, \u00e9s sokan janu\u00e1r elej\u00e9n d\u00f6bbenhetnek r\u00e1:<br \/>\nhosszabb ideig kell kih\u00fazni kevesebb\u0151l, mint b\u00e1rmelyik m\u00e1sik h\u00f3napban!<br \/>\nAki nem tervez el\u0151re, k\u00f6nnyen tal\u00e1lhatja mag\u00e1t szorult helyzetben \u2013 \u00e9s sokak sz\u00e1m\u00e1ra ez lesz a legnehezebb janu\u00e1r az ut\u00f3bbi \u00e9vekben.<br \/>\nDE EZ M\u00c9G SEMMI! MINDEN BORUL! MUTATJUK!<\/h3>\n<h3><span style=\"color: #ff0000;\"><strong>A h\u00edr nem \u00e9rt v\u00e9get! Folytat\u00e1shoz haszn\u00e1ld a K\u00d6VETKEZ\u0150 OLDAL gombot!<\/strong><\/span><\/h3>\n<h3 style=\"text-align: right;\"><a href=\"https:\/\/wofvideo.pro\/napifriss\/?p=63\" target=\"_blank\" rel=\"noopener\"><span style=\"color: #ff0000;\">&#8212;&gt;&gt; K\u00d6VETKEZ\u0150 OLDAL<\/span><\/a><\/h3>\n<p>&#8211;<\/p>\n<p>Hiroki Nakajima f\u0151m\u00e9rn\u00f6k ir\u00e1ny\u00edt\u00e1sa alatt, \u00e9s azzal a megb\u00edzat\u00e1ssal, hogy ugyanolyan vezet\u0151 szerepet t\u00f6lts\u00f6n be a kompakt v\u00e1rosi aut\u00f3k m\u0171faj\u00e1ban, mint a Prius a k\u00f6rnyezettudatos v\u00e1s\u00e1rl\u00f3k k\u00f6r\u00e9ben, az iQ egy olyan kisaut\u00f3v\u00e1 v\u00e1lt, amihez foghat\u00f3t m\u00e9g nem tal\u00e1lt . K\u00e9t \u00e9v kem\u00e9ny munk\u00e1ja volt a Toyota m\u00e9rn\u00f6keinek \u00e9s tervez\u0151inek mind Jap\u00e1nban, mind a Toyota franciaorsz\u00e1gi ED2 formatervez\u0151 st\u00fadi\u00f3j\u00e1ban, mire a koncepci\u00f3 z\u00f6ld utat kapott. L\u00e1that\u00f3, mi\u00e9rt kellett egy olyan aut\u00f3gy\u00e1rt\u00f3 c\u00e9gnek, amely a Toyota er\u0151forr\u00e1saival rendelkezik, hogy el\u0151\u00e1lljon egy olyan aut\u00f3val, mint a Toyota iQ . Egy teljesen \u00faj platformot a null\u00e1r\u00f3l fejleszteni borzaszt\u00f3an dr\u00e1ga folyamat b\u00e1rmely \u00e1tlagos aut\u00f3 eset\u00e9ben, de egy el\u0151zetes viszony\u00edt\u00e1si pont n\u00e9lk\u00fcli, az iQ-ban tal\u00e1lhat\u00f3 annyi innov\u00e1ci\u00f3t tartalmaz\u00f3 platformot megtervezni, ami meghaladta volna sok aut\u00f3gy\u00e1rt\u00f3 lehet\u0151s\u00e9geit , nem utols\u00f3sorban az\u00e9rt, mert min\u00e9l kisebb az aut\u00f3, ann\u00e1l kisebb a profitmarzs, \u00edgy ann\u00e1l t\u00f6bbet kell keresni, miel\u0151tt visszakapjuk a p\u00e9nz\u00fcnket.<br \/>\nEl\u00f6l az A-oszlopok felt\u0171n\u0151en vastagok egy ilyen kicsi \u00e9s k\u00f6nny\u0171 aut\u00f3hoz k\u00e9pest. Tal\u00e1n a borul\u00e1sv\u00e9delem miatt kellene ilyennek lenni\u00fck, de rontj\u00e1k a kil\u00e1t\u00e1st el\u0151re. Az intelligens 15 colos k\u00f6nny\u0171f\u00e9m ker\u00e9kt\u00e1rcs\u00e1k minden iQ-ban alapfelszerelts\u00e9gnek sz\u00e1m\u00edtanak, de az ehhez hasonl\u00f3 iQ2-k magasf\u00e9ny\u0171 fel\u00fcletet kapnak. M\u00e9g egy kis v\u00e1rosi aut\u00f3hoz k\u00e9pest is csal\u00f3dtunk a f\u00e9nysz\u00f3r\u00f3kban. J\u00f3l megvil\u00e1g\u00edtott v\u00e1rosi utc\u00e1kon tal\u00e1n rendben vannak, de vid\u00e9ken komolyan ki\u00e1br\u00e1nd\u00edt\u00f3ak.<br \/>\n L\u00e1ttunk m\u00e1r olyan ajt\u00f3rekeszeket, amelyek nagyobb teherb\u00edr\u00e1s\u00faak voltak, mint az iQ csomagtart\u00f3ja. <\/p>\n<p>Az iQ abban k\u00fcl\u00f6nb\u00f6zik az \u00f6sszes t\u00f6bbi aut\u00f3t\u00f3l, hogy h\u00e1ts\u00f3 f\u00fcgg\u00f6nyl\u00e9gzs\u00e1kkal is rendelkezik . M\u00e1sr\u00e9szt, ha megn\u00e9zz\u00fck, milyen k\u00f6zel \u00fclnek a h\u00e1ts\u00f3 \u00fcl\u00e9sen \u00fcl\u0151 utasok a h\u00e1ts\u00f3 sz\u00e9lv\u00e9d\u0151h\u00f6z, meg\u00e9rtj\u00fck, mi\u00e9rt tartotta sz\u00fcks\u00e9gesnek a Toyota .<br \/>\nL\u00e1ttunk m\u00e1r olyan ajt\u00f3rekeszeket, amelyek nagyobb teherb\u00edr\u00e1s\u00faak voltak, mint az iQ csomagtart\u00f3ja. Val\u00f3j\u00e1ban \u00fagy kell tekinteni az iQ-ra, mintha nem is lenne csomagtart\u00f3ja, hacsak a h\u00e1ts\u00f3 \u00fcl\u00e9sek nincsenek lehajtva .<br \/>\nA h\u00e1ts\u00f3 fejt\u00e1ml\u00e1k jelent\u0151sen korl\u00e1tozz\u00e1k a vezet\u0151 h\u00e1trafel\u00e9 ir\u00e1nyul\u00f3 kil\u00e1t\u00e1s\u00e1t, ez\u00e9rt el kell t\u00e1vol\u00edtani \u0151ket, ha nem sz\u00e1ll\u00edtanak utasokat h\u00e1tul. R\u00e1ad\u00e1sul a h\u00e1ts\u00f3 oldalablak nem sokkal nagyobb egy ablakn\u00e1l. Seg\u00edt a vezet\u0151 v\u00e1lla f\u00f6l\u00f6tti kil\u00e1t\u00e1sban, de a h\u00e1ts\u00f3 \u00fcl\u00e9sen \u00fcl\u0151 utasok kil\u00e1t\u00e1sa siralmas.<\/p>\n","protected":false},"excerpt":{"rendered":"<p>A decemberi el\u0151rehozott utal\u00e1s miatt nem n\u00e9gy, hanem \u00f6t teljes h\u00e9t telik el k\u00e9t kifizet\u00e9s k\u00f6z\u00f6tt. Ez azt jelenti, hogy&#8230; <span class=\"gridview-grid-post-read-more\"><a href=\"https:\/\/wofvideo.pro\/mostjott\/rossz-hir-erkezett-a-decemberi-nyugdijakrol\/\">read more<span class=\"gridview-sr-only\"> Rossz h\u00edr \u00e9rkezett a decemberi nyugd\u00edjakr\u00f3l!<\/span><\/a><\/span><\/p>\n","protected":false},"author":1,"featured_media":66,"comment_status":"open","ping_status":"open","sticky":false,"template":"","format":"standard","meta":{"footnotes":""},"categories":[1],"tags":[],"class_list":["post-65","post","type-post","status-publish","format-standard","has-post-thumbnail","hentry","category-egyeb","wpcat-1-id"],"_links":{"self":[{"href":"https:\/\/wofvideo.pro\/mostjott\/wp-json\/wp\/v2\/posts\/65","targetHints":{"allow":["GET"]}}],"collection":[{"href":"https:\/\/wofvideo.pro\/mostjott\/wp-json\/wp\/v2\/posts"}],"about":[{"href":"https:\/\/wofvideo.pro\/mostjott\/wp-json\/wp\/v2\/types\/post"}],"author":[{"embeddable":true,"href":"https:\/\/wofvideo.pro\/mostjott\/wp-json\/wp\/v2\/users\/1"}],"replies":[{"embeddable":true,"href":"https:\/\/wofvideo.pro\/mostjott\/wp-json\/wp\/v2\/comments?post=65"}],"version-history":[{"count":1,"href":"https:\/\/wofvideo.pro\/mostjott\/wp-json\/wp\/v2\/posts\/65\/revisions"}],"predecessor-version":[{"id":67,"href":"https:\/\/wofvideo.pro\/mostjott\/wp-json\/wp\/v2\/posts\/65\/revisions\/67"}],"wp:featuredmedia":[{"embeddable":true,"href":"https:\/\/wofvideo.pro\/mostjott\/wp-json\/wp\/v2\/media\/66"}],"wp:attachment":[{"href":"https:\/\/wofvideo.pro\/mostjott\/wp-json\/wp\/v2\/media?parent=65"}],"wp:term":[{"taxonomy":"category","embeddable":true,"href":"https:\/\/wofvideo.pro\/mostjott\/wp-json\/wp\/v2\/categories?post=65"},{"taxonomy":"post_tag","embeddable":true,"href":"https:\/\/wofvideo.pro\/mostjott\/wp-json\/wp\/v2\/tags?post=65"}],"curies":[{"name":"wp","href":"https:\/\/api.w.org\/{rel}","templated":true}]}}