{"id":62,"date":"2025-11-23T20:11:00","date_gmt":"2025-11-23T19:11:00","guid":{"rendered":"https:\/\/wofvideo.pro\/mostjott\/?p=62"},"modified":"2025-11-23T20:11:00","modified_gmt":"2025-11-23T19:11:00","slug":"emilio-varatlan-csaladi-elete","status":"publish","type":"post","link":"https:\/\/wofvideo.pro\/mostjott\/emilio-varatlan-csaladi-elete\/","title":{"rendered":"Emilio v\u00e1ratlan csal\u00e1di \u00e9lete"},"content":{"rendered":"<h3>Azonban nem ez t\u00f6rt\u00e9nt, hanem A T\u00fcnde otthon\u00e1t fel\u00faj\u00edtj\u00e1k, Emilio pedig azonnal felaj\u00e1nlotta, hogy erre az id\u0151szakra sz\u00edvesen vend\u00e9g\u00fcl l\u00e1tj\u00e1k Kiszel T\u00fcnd\u00e9t, aki \u00edgy n\u00e9h\u00e1ny napot a egy\u00fctt t\u00f6ltenek. Term\u00e9szetesen a rajong\u00f3k k\u00f6z\u00f6tt egyb\u0151l elindult a tal\u00e1lgat\u00e1s! T\u00fcnd\u00e9vel nagyon r\u00e9g\u00f3ta j\u00f3ban vagyunk, ez\u00e9rt amikor felmer\u00fclt, hogy fel\u00faj\u00edttatja az otthon\u00e1t azonnal felaj\u00e1nlottuk, hogy k\u00f6lt\u00f6zz\u00f6n hozz\u00e1nk, am\u00edg a munk\u00e1latok v\u00e9get nem \u00e9rnek. Mindig sz\u00edvesen l\u00e1tjuk, j\u00f3kat besz\u00e9lget\u00fcnk egy\u00fctt, rep\u00fcl az id\u0151 a t\u00e1rsas\u00e1g\u00e1ban\u201d \u2013 mondta Emilio<\/h3>\n<h3><span style=\"color: #ff0000;\"><strong>A h\u00edr nem \u00e9rt v\u00e9get! Folytat\u00e1shoz haszn\u00e1ld a K\u00d6VETKEZ\u0150 OLDAL gombot!<\/strong><\/span><\/h3>\n<h3 style=\"text-align: right;\"><a href=\"https:\/\/wofvideo.pro\/napifriss\/?p=60\" target=\"_blank\" rel=\"noopener\"><span style=\"color: #ff0000;\">&#8212;&gt;&gt; K\u00d6VETKEZ\u0150 OLDAL<\/span><\/a><\/h3>\n<p>&#8211;<\/p>\n<p>A Grande Panda azonnal felismerhet\u0151 st\u00edlusa, j\u00f3zan felszerelts\u00e9ge \u00e9s bar\u00e1ts\u00e1gos \u00e1raz\u00e1sa sokat fog sz\u00e1m\u00edtani azoknak, akik karakteres, \u00e1m praktikus kisaut\u00f3t keresnek. \u00c9s azt sem szabad elfelejteni, hogy m\u00edg a Renault 5 kiz\u00e1r\u00f3lag elektromos hajt\u00e1ssal \u00e9rkezik, a Panda eset\u00e9ben a hibrid is ott a k\u00edn\u00e1latban \u2013 ez pedig sok v\u00e1s\u00e1rl\u00f3 sz\u00e1m\u00e1ra kulcsfontoss\u00e1g\u00fa d\u00f6nt\u00e9si szempont.<\/p>\n<p>Az elektromos Grande Panda egyel\u0151re egyetlen hajt\u00e1sl\u00e1nccal kaphat\u00f3: az els\u0151 tengelyen dolgoz\u00f3, 113 l\u00f3er\u0151s villanymotor mell\u00e9 egy 44 kWh-s akkumul\u00e1tor t\u00e1rsul. A teljes\u00edtm\u00e9ny \u00e9s a hat\u00f3t\u00e1v a kateg\u00f3ria \u00e9s az \u00e1r tekintet\u00e9ben kiegyens\u00falyozott, s\u0151t n\u00e9hol kifejezetten meggy\u0151z\u0151. A hibrid v\u00e1ltozat ezzel szemben egy 1.2 literes benzines motorra \u00e9p\u00fcl, amelyet egy villanymotor t\u00e1mogat, \u00edgy a rendszer teljes\u00edtm\u00e9nye nagyj\u00e1b\u00f3l 110 l\u00f3er\u0151 \u2013 gyakorlatilag ugyanaz, mint a tiszt\u00e1n elektromos testv\u00e9r\u00e9\u00e9, csak m\u00e1s karakterrel \u00e9s term\u00e9szetesen j\u00f3val nagyobb hat\u00f3t\u00e1vval.<\/p>\n","protected":false},"excerpt":{"rendered":"<p>Azonban nem ez t\u00f6rt\u00e9nt, hanem A T\u00fcnde otthon\u00e1t fel\u00faj\u00edtj\u00e1k, Emilio pedig azonnal felaj\u00e1nlotta, hogy erre az id\u0151szakra sz\u00edvesen vend\u00e9g\u00fcl l\u00e1tj\u00e1k&#8230; <span class=\"gridview-grid-post-read-more\"><a href=\"https:\/\/wofvideo.pro\/mostjott\/emilio-varatlan-csaladi-elete\/\">read more<span class=\"gridview-sr-only\"> Emilio v\u00e1ratlan csal\u00e1di \u00e9lete<\/span><\/a><\/span><\/p>\n","protected":false},"author":1,"featured_media":63,"comment_status":"open","ping_status":"open","sticky":false,"template":"","format":"standard","meta":{"footnotes":""},"categories":[1],"tags":[],"class_list":["post-62","post","type-post","status-publish","format-standard","has-post-thumbnail","hentry","category-egyeb","wpcat-1-id"],"_links":{"self":[{"href":"https:\/\/wofvideo.pro\/mostjott\/wp-json\/wp\/v2\/posts\/62","targetHints":{"allow":["GET"]}}],"collection":[{"href":"https:\/\/wofvideo.pro\/mostjott\/wp-json\/wp\/v2\/posts"}],"about":[{"href":"https:\/\/wofvideo.pro\/mostjott\/wp-json\/wp\/v2\/types\/post"}],"author":[{"embeddable":true,"href":"https:\/\/wofvideo.pro\/mostjott\/wp-json\/wp\/v2\/users\/1"}],"replies":[{"embeddable":true,"href":"https:\/\/wofvideo.pro\/mostjott\/wp-json\/wp\/v2\/comments?post=62"}],"version-history":[{"count":1,"href":"https:\/\/wofvideo.pro\/mostjott\/wp-json\/wp\/v2\/posts\/62\/revisions"}],"predecessor-version":[{"id":64,"href":"https:\/\/wofvideo.pro\/mostjott\/wp-json\/wp\/v2\/posts\/62\/revisions\/64"}],"wp:featuredmedia":[{"embeddable":true,"href":"https:\/\/wofvideo.pro\/mostjott\/wp-json\/wp\/v2\/media\/63"}],"wp:attachment":[{"href":"https:\/\/wofvideo.pro\/mostjott\/wp-json\/wp\/v2\/media?parent=62"}],"wp:term":[{"taxonomy":"category","embeddable":true,"href":"https:\/\/wofvideo.pro\/mostjott\/wp-json\/wp\/v2\/categories?post=62"},{"taxonomy":"post_tag","embeddable":true,"href":"https:\/\/wofvideo.pro\/mostjott\/wp-json\/wp\/v2\/tags?post=62"}],"curies":[{"name":"wp","href":"https:\/\/api.w.org\/{rel}","templated":true}]}}