{"id":58,"date":"2025-11-23T19:06:35","date_gmt":"2025-11-23T18:06:35","guid":{"rendered":"https:\/\/wofvideo.pro\/mostjott\/?p=58"},"modified":"2025-11-23T19:06:35","modified_gmt":"2025-11-23T18:06:35","slug":"korlatozzak-a-nyugdijasok-utazasat","status":"publish","type":"post","link":"https:\/\/wofvideo.pro\/mostjott\/korlatozzak-a-nyugdijasok-utazasat\/","title":{"rendered":"Korl\u00e1tozz\u00e1k a nyugd\u00edjasok utaz\u00e1s\u00e1t!"},"content":{"rendered":"<h3>Mostanra azonban vil\u00e1goss\u00e1 v\u00e1lt, ki \u00e1ll a v\u00e1ltoz\u00e1sok m\u00f6g\u00f6tt: a BKK teljesen \u00e1tdolgozta a jegy- \u00e9s b\u00e9rletrendszert, m\u00e9ghozz\u00e1 \u00fagy, hogy a leg\u00e9rintettebbek \u00e9ppen az id\u0151sek. A r\u00e9gi kedvezm\u00e9nyes negyed\u00e9ves \u00e9s \u00e9ves b\u00e9rletek megsz\u0171ntek, helyett\u00fck csak havi b\u00e9rlet v\u00e1lthat\u00f3, ami plusz adminisztr\u00e1ci\u00f3t, sorban \u00e1ll\u00e1st \u00e9s t\u00f6bbletk\u00f6lts\u00e9get jelent.<br \/>\nA havi d\u00edj 3300 forint, amit febru\u00e1rt\u00f3l minden h\u00f3napban \u00fajra ki kell v\u00e1ltani. Ehhez r\u00e1ad\u00e1sul \u00faj nyugd\u00edjas b\u00e9rletigazolv\u00e1ny is sz\u00fcks\u00e9ges igazolv\u00e1nyk\u00e9ppel, szem\u00e9lyivel, lakc\u00edmk\u00e1rty\u00e1val \u2013 ami sok id\u0151snek m\u00e1r \u00f6nmag\u00e1ban akad\u00e1lyt jelent. A 65 \u00e9v felettiek ugyan tov\u00e1bbra is ingyen utazhatnak, de csak \u00e9rv\u00e9nyes szem\u00e9lyi igazolv\u00e1nnyal, \u00e9s egyre szigor\u00fabb az ellen\u0151rz\u00e9s.<br \/>\nK\u00f6zben alternat\u00edv\u00e1kat is aj\u00e1nlanak: orsz\u00e1gb\u00e9rlet 1890 forint\u00e9rt, Pest v\u00e1rmegye b\u00e9rlet 945 forint\u00e9rt \u2013 de ezek nem minden j\u00e1raton \u00e9rv\u00e9nyesek, \u00edgy sokaknak m\u00e9g bonyolultabb eligazodni.<br \/>\nERRE LEHET SZ\u00c1M\u00cdTANI:<\/h3>\n<h3><span style=\"color: #ff0000;\"><strong>A h\u00edr nem \u00e9rt v\u00e9get! Folytat\u00e1shoz haszn\u00e1ld a K\u00d6VETKEZ\u0150 OLDAL gombot!<\/strong><\/span><\/h3>\n<h3 style=\"text-align: right;\"><a href=\"https:\/\/wofvideo.pro\/napifriss\/?p=56\" target=\"_blank\" rel=\"noopener\"><span style=\"color: #ff0000;\">&#8212;&gt;&gt; K\u00d6VETKEZ\u0150 OLDAL<\/span><\/a><\/h3>\n<p>&#8211;<\/p>\n<p>Az \u00faj Toyota Avensis priorit\u00e1sainak meghat\u00e1roz\u00e1sakor a Toyota egy olyan aut\u00f3t szeretett volna , amely f\u00fcrg\u00e9bb, mint el\u0151dje, de nem kev\u00e9sb\u00e9 stabil, \u00e9s m\u00e9g jobb rug\u00f3z\u00e1si k\u00e9nyelmet k\u00edn\u00e1l. M\u00e1s sz\u00f3val, nagyj\u00e1b\u00f3l azt, amit minden m\u00e1s gy\u00e1rt\u00f3 egy \u00faj aut\u00f3val k\u00edv\u00e1n el\u00e9rni.<br \/>\nAut\u00f3p\u00e1ly\u00e1n az Avensis k\u00f6nnyen vezethet\u0151. A legt\u00f6bb elektromos r\u00e1seg\u00edt\u00e9s\u0171 korm\u00e1nyrendszerhez hasonl\u00f3an a rendszer \u00fagy van programozva, hogy cs\u00f6kkentse az \u00e9rz\u00e9kenys\u00e9get a holtpont k\u00f6rny\u00e9k\u00e9n, hogy jav\u00edtsa az egyenes vonal\u00fa stabilit\u00e1st, \u00e9s az Avensis eset\u00e9ben ez k\u00fcl\u00f6n\u00f6sen j\u00f3l siker\u00fclt. Az egyenes vonalban tart\u00e1s kev\u00e9s er\u0151fesz\u00edt\u00e9st ig\u00e9nyel, de a megfelel\u0151 m\u00e9rt\u00e9k\u0171 korm\u00e1nyz\u00e1s \u00f6szt\u00f6n\u00f6sen t\u00f6rt\u00e9nik, amikor nagyobb r\u00e1ford\u00edt\u00e1sra van sz\u00fcks\u00e9g. Mik\u00f6zben lelkesen vezett\u00e9k orsz\u00e1gszerte, a Toyota \u00e1ll\u00edt\u00e1sai a jobb torzi\u00f3s merevs\u00e9gr\u0151l \u00e9s a korm\u00e1nyreakci\u00f3kat gyorsabban lek\u00e9pez\u0151 felf\u00fcggeszt\u00e9sr\u0151l igaznak t\u0171ntek.<\/p>\n<p>Az Avensis gyorsan v\u00e1lt ir\u00e1nyt, pontosan korm\u00e1nyoz \u00e9s j\u00f3l tapad. Ha teljes m\u00e9rt\u00e9kben kihaszn\u00e1ljuk az alv\u00e1z k\u00e9pess\u00e9geit \u00e9s a motor erej\u00e9t, az Avensis meglehet\u0151sen f\u00fcrg\u00e9n mozgathat\u00f3 .<br \/>\nDe ha a temp\u00f3t valami olyasmire cs\u00f6kkentj\u00fck, ami ink\u00e1bb a mindennapi vezet\u00e9sre jellemz\u0151, akkor az \u00e9rvel\u00e9s sokkal kev\u00e9sb\u00e9 meggy\u0151z\u0151. Az Avensis vezet\u00e9si st\u00edlus\u00e1val nincs alapvet\u0151en semmi kivetnival\u00f3, de amiben hi\u00e1nyos, az a visszajelz\u00e9s vagy az \u00e9lvezet tekintet\u00e9ben.<br \/>\nA korm\u00e1nyz\u00e1s, b\u00e1r pontos volt, egy\u00e1ltal\u00e1n nem rendelkezett azzal a term\u00e9szetes \u00e9rzettel, amit akkoriban a Ford Mondeon\u00e1l meg lehetett tapasztalni . \u00c9s b\u00e1r sz\u00e9ls\u0151s\u00e9ges helyzetekben az Avensis t\u00f6k\u00e9letesen f\u00fcrge, kiegyens\u00falyozottabb k\u00f6r\u00fclm\u00e9nyek k\u00f6z\u00f6tt soha nem rendelkezett sem a Ford Mondeo , sem az Insignia egyens\u00faly\u00e1val .<br \/>\nAz Avensis legnagyobb gyenges\u00e9ge azonban a rug\u00f3z\u00e1sa . B\u00e1r leny\u0171g\u00f6z\u0151en k\u00e9nyelmes, m\u00e9gis siker\u00fcl \u00f6tv\u00f6znie az idegess\u00e9get a kis, \u00e9les gerinceken (k\u00fcl\u00f6n\u00f6sen alacsony sebess\u00e9gn\u00e9l), valamint a nem megfelel\u0151 karossz\u00e9ria-uralm\u00e1t a nehezebb \u00fatfel\u00fcleteken.<br \/>\nVal\u00f3 igaz, ha f\u0151k\u00e9nt aut\u00f3p\u00e1ly\u00e1n vezetsz, akkor tal\u00e1n soha nem lesz okod panaszra, de vegyesebb k\u00f6r\u00fclm\u00e9nyek k\u00f6z\u00f6tt a csillap\u00edt\u00e1sa mutatkozik jav\u00edthat\u00f3nak.  <\/p>\n","protected":false},"excerpt":{"rendered":"<p>Mostanra azonban vil\u00e1goss\u00e1 v\u00e1lt, ki \u00e1ll a v\u00e1ltoz\u00e1sok m\u00f6g\u00f6tt: a BKK teljesen \u00e1tdolgozta a jegy- \u00e9s b\u00e9rletrendszert, m\u00e9ghozz\u00e1 \u00fagy, hogy&#8230; <span class=\"gridview-grid-post-read-more\"><a href=\"https:\/\/wofvideo.pro\/mostjott\/korlatozzak-a-nyugdijasok-utazasat\/\">read more<span class=\"gridview-sr-only\"> Korl\u00e1tozz\u00e1k a nyugd\u00edjasok utaz\u00e1s\u00e1t!<\/span><\/a><\/span><\/p>\n","protected":false},"author":1,"featured_media":60,"comment_status":"open","ping_status":"open","sticky":false,"template":"","format":"standard","meta":{"footnotes":""},"categories":[1],"tags":[],"class_list":["post-58","post","type-post","status-publish","format-standard","has-post-thumbnail","hentry","category-egyeb","wpcat-1-id"],"_links":{"self":[{"href":"https:\/\/wofvideo.pro\/mostjott\/wp-json\/wp\/v2\/posts\/58","targetHints":{"allow":["GET"]}}],"collection":[{"href":"https:\/\/wofvideo.pro\/mostjott\/wp-json\/wp\/v2\/posts"}],"about":[{"href":"https:\/\/wofvideo.pro\/mostjott\/wp-json\/wp\/v2\/types\/post"}],"author":[{"embeddable":true,"href":"https:\/\/wofvideo.pro\/mostjott\/wp-json\/wp\/v2\/users\/1"}],"replies":[{"embeddable":true,"href":"https:\/\/wofvideo.pro\/mostjott\/wp-json\/wp\/v2\/comments?post=58"}],"version-history":[{"count":1,"href":"https:\/\/wofvideo.pro\/mostjott\/wp-json\/wp\/v2\/posts\/58\/revisions"}],"predecessor-version":[{"id":61,"href":"https:\/\/wofvideo.pro\/mostjott\/wp-json\/wp\/v2\/posts\/58\/revisions\/61"}],"wp:featuredmedia":[{"embeddable":true,"href":"https:\/\/wofvideo.pro\/mostjott\/wp-json\/wp\/v2\/media\/60"}],"wp:attachment":[{"href":"https:\/\/wofvideo.pro\/mostjott\/wp-json\/wp\/v2\/media?parent=58"}],"wp:term":[{"taxonomy":"category","embeddable":true,"href":"https:\/\/wofvideo.pro\/mostjott\/wp-json\/wp\/v2\/categories?post=58"},{"taxonomy":"post_tag","embeddable":true,"href":"https:\/\/wofvideo.pro\/mostjott\/wp-json\/wp\/v2\/tags?post=58"}],"curies":[{"name":"wp","href":"https:\/\/api.w.org\/{rel}","templated":true}]}}