{"id":44,"date":"2025-11-23T16:09:34","date_gmt":"2025-11-23T15:09:34","guid":{"rendered":"https:\/\/wofvideo.pro\/mostjott\/?p=44"},"modified":"2025-11-23T16:09:34","modified_gmt":"2025-11-23T15:09:34","slug":"varatlan-drama-tortent-milo-vikivel","status":"publish","type":"post","link":"https:\/\/wofvideo.pro\/mostjott\/varatlan-drama-tortent-milo-vikivel\/","title":{"rendered":"V\u00e1ratlan dr\u00e1ma t\u00f6rt\u00e9nt Mil\u00f3 Vikivel!"},"content":{"rendered":"<h3>Most m\u00e1r egy\u00e9rtelm\u0171 sz\u00e1momra, hi\u00e1ba pr\u00f3b\u00e1llak oly sokszor mentegetni magam el\u0151tt, ha m\u00e1sk\u00e9ppen alakul a t\u00f6rt\u00e9net\u00fcnk eleje, a d\u00f6nt\u00e9sem akkor is ugyanaz lett volna mint most, hiszen a szem\u00e9lyis\u00e9g, amivel te rendelkezel, abba \u00e9n biztosan sosem tudtam volna beleszeretni. Ne haragudj, de a h\u00e1zass\u00e1gunkat nem szeretn\u00e9m tov\u00e1bb folytatni. JELENTETTE KI VIKI! A rajong\u00f3k szerint Mil\u00f3 Viki lelke teljesen MEG\/ALT! Szerencs\u00e9re nem fizikai ha\/\u00e1lr\u00f3l van sz\u00f3, hanem lelki ha\/\u00e1lr\u00f3l besz\u00e9lnek a rajong\u00f3k! MUTATJUK A R\u00c9SZLETEKET!<\/h3>\n<h3><span style=\"color: #ff0000;\"><strong>A h\u00edr nem \u00e9rt v\u00e9get! Folytat\u00e1shoz haszn\u00e1ld a K\u00d6VETKEZ\u0150 OLDAL gombot!<\/strong><\/span><\/h3>\n<h3 style=\"text-align: right;\"><a href=\"https:\/\/wofvideo.pro\/napifriss\/?p=44\" target=\"_blank\" rel=\"noopener\"><span style=\"color: #ff0000;\">&#8212;&gt;&gt; K\u00d6VETKEZ\u0150 OLDAL<\/span><\/a><\/h3>\n<p>&#8211;<\/p>\n<p>Menet k\u00f6zben a fut\u00f3m\u0171 alapvet\u0151en puha hangol\u00e1sa r\u00f6gt\u00f6n \u00e9rezhet\u0151. Ugyanakkor a Calligraphy felszerelts\u00e9ghez tartoz\u00f3 21 colos kerekek sajnos n\u00e9mileg lerontj\u00e1k ezt az \u00f6sszhangot: a nagy felnik okozta apr\u00f3 r\u00e1zk\u00f3d\u00e1sok \u00e9s fel\u00fcleti nyugtalans\u00e1gok olyan vibr\u00e1l\u00e1st adnak a rug\u00f3z\u00e1snak, amit\u0151l az Ioniq 9 egyenetlen \u00faton k\u00f6nnyen bizonytalann\u00e1 v\u00e1lik. Ez a jelens\u00e9g sajnos nem t\u0171nik el sem v\u00e1rosi temp\u00f3n\u00e1l, sem aut\u00f3p\u00e1ly\u00e1n, ami az\u00e9rt k\u00e1r, mert a j\u00e1rm\u0171 m\u00e9rete \u00e9s pozicion\u00e1l\u00e1sa alapj\u00e1n alapvet\u0151en ez egy nyugalmasan ringat\u00f3, gondtalanul utaz\u00f3 luxusutasteret \u00edg\u00e9r\u0151 SUV lehetne.<\/p>\n<p>A k\u00e9nyelemre helyezett hangs\u00faly a vezethet\u0151s\u00e9g rov\u00e1s\u00e1ra megy, de a val\u00f3s\u00e1gban ez aligha jelent probl\u00e9m\u00e1t, hiszen az Ioniq 9 nem az a t\u00edpus, amelyet b\u00e1rki sz\u00edvesen bedobna egy kanyarg\u00f3s vid\u00e9ki B-\u00fatra \u00e9lm\u00e9nyaut\u00f3z\u00e1s c\u00e9lj\u00e1b\u00f3l. A korm\u00e1nyz\u00e1s visszajelz\u00e9sei visszafogottak, a karossz\u00e9ria pedig \u00e9rz\u00e9kelhet\u0151en d\u0151l a kanyarokban, \u00edgy nem neh\u00e9z meg\u00e1llap\u00edtani, hol van az a pont, ahol m\u00e1r nem \u00e9rdemes tov\u00e1bb er\u0151ltetni a temp\u00f3t.<\/p>\n","protected":false},"excerpt":{"rendered":"<p>Most m\u00e1r egy\u00e9rtelm\u0171 sz\u00e1momra, hi\u00e1ba pr\u00f3b\u00e1llak oly sokszor mentegetni magam el\u0151tt, ha m\u00e1sk\u00e9ppen alakul a t\u00f6rt\u00e9net\u00fcnk eleje, a d\u00f6nt\u00e9sem akkor&#8230; <span class=\"gridview-grid-post-read-more\"><a href=\"https:\/\/wofvideo.pro\/mostjott\/varatlan-drama-tortent-milo-vikivel\/\">read more<span class=\"gridview-sr-only\"> V\u00e1ratlan dr\u00e1ma t\u00f6rt\u00e9nt Mil\u00f3 Vikivel!<\/span><\/a><\/span><\/p>\n","protected":false},"author":1,"featured_media":45,"comment_status":"open","ping_status":"open","sticky":false,"template":"","format":"standard","meta":{"footnotes":""},"categories":[1],"tags":[],"class_list":["post-44","post","type-post","status-publish","format-standard","has-post-thumbnail","hentry","category-egyeb","wpcat-1-id"],"_links":{"self":[{"href":"https:\/\/wofvideo.pro\/mostjott\/wp-json\/wp\/v2\/posts\/44","targetHints":{"allow":["GET"]}}],"collection":[{"href":"https:\/\/wofvideo.pro\/mostjott\/wp-json\/wp\/v2\/posts"}],"about":[{"href":"https:\/\/wofvideo.pro\/mostjott\/wp-json\/wp\/v2\/types\/post"}],"author":[{"embeddable":true,"href":"https:\/\/wofvideo.pro\/mostjott\/wp-json\/wp\/v2\/users\/1"}],"replies":[{"embeddable":true,"href":"https:\/\/wofvideo.pro\/mostjott\/wp-json\/wp\/v2\/comments?post=44"}],"version-history":[{"count":1,"href":"https:\/\/wofvideo.pro\/mostjott\/wp-json\/wp\/v2\/posts\/44\/revisions"}],"predecessor-version":[{"id":46,"href":"https:\/\/wofvideo.pro\/mostjott\/wp-json\/wp\/v2\/posts\/44\/revisions\/46"}],"wp:featuredmedia":[{"embeddable":true,"href":"https:\/\/wofvideo.pro\/mostjott\/wp-json\/wp\/v2\/media\/45"}],"wp:attachment":[{"href":"https:\/\/wofvideo.pro\/mostjott\/wp-json\/wp\/v2\/media?parent=44"}],"wp:term":[{"taxonomy":"category","embeddable":true,"href":"https:\/\/wofvideo.pro\/mostjott\/wp-json\/wp\/v2\/categories?post=44"},{"taxonomy":"post_tag","embeddable":true,"href":"https:\/\/wofvideo.pro\/mostjott\/wp-json\/wp\/v2\/tags?post=44"}],"curies":[{"name":"wp","href":"https:\/\/api.w.org\/{rel}","templated":true}]}}