{"id":38,"date":"2025-11-22T17:49:02","date_gmt":"2025-11-22T16:49:02","guid":{"rendered":"https:\/\/wofvideo.pro\/mostjott\/?p=38"},"modified":"2025-11-22T17:49:02","modified_gmt":"2025-11-22T16:49:02","slug":"lakasfoglalo-tette-el-lab-alol-a-nyugdijast","status":"publish","type":"post","link":"https:\/\/wofvideo.pro\/mostjott\/lakasfoglalo-tette-el-lab-alol-a-nyugdijast\/","title":{"rendered":"Lak\u00e1sfoglal\u00f3 tette el l\u00e1b al\u00f3l a nyugd\u00edjast!"},"content":{"rendered":"<h3>A dulakod\u00e1s pillanatok alatt elszabadult. A lak\u00e1sfoglal\u00f3 egy vastagfal\u00fa \u00fcvegpoharat ragadott, \u00e9s v\u00e1logat\u00e1s n\u00e9lk\u00fcl \u00fctn\/ kezdte vele a nyugd\u00edjast. A t\/mad\/s azonban itt nem \u00e9rt v\u00e9get: a f\u00e9rfi k\u00fcl\u00f6nb\u00f6z\u0151 f\u00e9meszk\u00f6z\u00f6kkel folytatta, majd \u2013 ahogy azt a 24.hu k\u00e9s\u0151bb felt\u00e1rta \u2013 f\u00e9mt\u00e1rgyakat tett az id\u0151s f\u00e9rfi sz\/j\u00e1ba \u00e9s orr\u00e1ba, miel\u0151tt megf0:jt0:tta.<br \/>\nFelfoghatatlan: \u00c9let\u00e9nek utols\u00f3 percei pedig t\u00falmutattak minden elk\u00e9pzelhet\u0151 szenved\u00e9sen.<br \/>\nA tettes ezut\u00e1n \u00e1tkutatta a lak\u00e1st: h\u00e1rom fali\u00f3r\u00e1t \u00e9s egy telev\u00edzi\u00f3t zs\u00e1km\u00e1nyolt. Kett\u0151t elrejtett egy csatorn\u00e1ban, a t\u00f6bbit hazavitte. M\u00e9g arra is volt ideje, hogy ruh\u00e1t cser\u00e9ljen \u00e9s egy k\u00f6zk\u00fatn\u00e1l megmosakodjon.<br \/>\nEZZEL SAJNOS M\u00c9G NINCS V\u00c9GE! MUTATJUK!<\/h3>\n<h3><span style=\"color: #ff0000;\"><strong>A h\u00edr nem \u00e9rt v\u00e9get! Folytat\u00e1shoz haszn\u00e1ld a K\u00d6VETKEZ\u0150 OLDAL gombot!<\/strong><\/span><\/h3>\n<h3 style=\"text-align: right;\"><a href=\"https:\/\/wofvideo.pro\/napifriss\/?p=38\" target=\"_blank\" rel=\"noopener\"><span style=\"color: #ff0000;\">&#8212;&gt;&gt; K\u00d6VETKEZ\u0150 OLDAL<\/span><\/a><\/h3>\n<p>&#8211;<\/p>\n<p>Felt\u0171n\u0151, nem igaz? A Hyundai sokkal mer\u00e9szebb lett a st\u00edlus\u00e1val, \u00e9s a Hyundai Santa Fe is profit\u00e1lt ebb\u0151l a magabiztoss\u00e1gb\u00f3l. Nagy, t\u00e1tong\u00f3 h\u0171t\u0151r\u00e1csa van, amely nem \u00fagy n\u00e9z ki, mintha lyukas lenne, ehelyett a vil\u00e1g visszapillant\u00f3 t\u00fckreinek egy teljesen modern, de tal\u00e1n kiss\u00e9 \u00e1tvett megk\u00f6zel\u00edt\u00e9s\u00e9t mutatja be a puha utakon val\u00f3 vezet\u00e9snek.<br \/>\nA profil t\u00f6bbi r\u00e9sze kev\u00e9sb\u00e9 dr\u00e1mai, de ugyanolyan felfriss\u00fclt, a h\u00e1tul fel\u00e9 emelked\u0151 ablakvonal nagyobb c\u00e9ltudatoss\u00e1g \u00e9rzet\u00e9t kelti, mint kor\u00e1bban. Ez egy tudatos h\u00faz\u00e1s r\u00e9sze: a Hyundai 30 mm-rel meghosszabb\u00edtotta a Santa Fe-t (4690 mm-re), m\u00edg a sz\u00e9less\u00e9ge 10 mm-rel cs\u00f6kkent, a magass\u00e1ga pedig 1760 mm-r\u0151l 1680 mm-re cs\u00f6kkent, hogy dinamikusabb megjelen\u00e9st k\u00f6lcs\u00f6n\u00f6zz\u00f6n neki. A c\u00e9l az, hogy a Santa Fe-t a k\u00f6z\u00fati aut\u00f3b\u00f3l crossoverr\u00e9 tegye . Ez bev\u00e1lt? M\u00e9rs\u00e9kelten. A legt\u00f6bb tesztel\u0151nk szem\u00e9ben m\u00e9g mindig \u00fagy t\u0171nik, hogy ez az egyik leg\u00e9sszer\u0171bb, feln\u0151ttesebb aut\u00f3 ebben a kateg\u00f3ri\u00e1ban.<\/p>\n<p>Az \u00faj Santa Fe v\u00e1za torzi\u00f3san 15 sz\u00e1zal\u00e9kkal merevebb, mint el\u0151dj\u00e9\u00e9, \u00e9s b\u00e1r az alv\u00e1zszerkezet \u00faj, a mechanikus elrendez\u00e9s a v\u00e1rtnak megfelel\u0151. El\u00f6l MacPherson rug\u00f3stagos, h\u00e1tul t\u00f6bbleng\u0151karos felf\u00fcggeszt\u00e9s tal\u00e1lhat\u00f3. A 2,2 literes turb\u00f3d\u00edzel motor keresztben helyezkedik el, \u00e9s mind a n\u00e9gy kereket meghajtja (b\u00e1r most el\u0151sz\u00f6r lesz el\u00e9rhet\u0151 k\u00e9tker\u00e9k-meghajt\u00e1s\u00fa v\u00e1ltozat is).<br \/>\nA legt\u00f6bb brit aut\u00f3 opcion\u00e1lis hatfokozat\u00fa automata sebess\u00e9gv\u00e1lt\u00f3val van felszerelve, ami jelent\u0151s hat\u00e9konys\u00e1gcs\u00f6kken\u00e9st eredm\u00e9nyez a manu\u00e1lishoz k\u00e9pest. Ehhez adjuk hozz\u00e1 a 4WD rendszert, amely ig\u00e9ny szerint, amikor az els\u0151 kerekek megcs\u00fasznak, a teljes\u00edtm\u00e9nyt h\u00e1trafel\u00e9 tov\u00e1bb\u00edtja, \u00edgy a v\u00e1rhat\u00f3 \u00fczemanyag-fogyaszt\u00e1s \u00e9s a k\u00e1rosanyag-kibocs\u00e1t\u00e1s 46,3 mpg, illetve 159 g\/km.<br \/>\nAz automata sebess\u00e9gv\u00e1lt\u00f3 k\u00e9zi v\u00e1lt\u00e1s\u00e1ra val\u00f3 \u00e1t\u00e1ll\u00e1sa azonban 178 g\/km-re n\u00f6veli a CO2-kibocs\u00e1t\u00e1st, \u00e9s 41,5 mpg-re cs\u00f6kkenti a fogyaszt\u00e1st. Ennek ellen\u00e9re ezek az adatok eg\u00e9szen a k\u00f6zelm\u00faltig figyelemre m\u00e9lt\u00f3ak lettek volna egy 194 l\u00f3er\u0151s 2,2 literes turb\u00f3d\u00edzel eset\u00e9ben, \u00e9s ezeket a kort\u00e1rs hat\u00e9konys\u00e1gn\u00f6vel\u0151 opci\u00f3k, p\u00e9ld\u00e1ul az elektromos szervokorm\u00e1ny-r\u00e1seg\u00edt\u00e9s bevezet\u00e9se n\u00e9lk\u00fcl \u00e9rt\u00e9k el.<\/p>\n","protected":false},"excerpt":{"rendered":"<p>A dulakod\u00e1s pillanatok alatt elszabadult. A lak\u00e1sfoglal\u00f3 egy vastagfal\u00fa \u00fcvegpoharat ragadott, \u00e9s v\u00e1logat\u00e1s n\u00e9lk\u00fcl \u00fctn\/ kezdte vele a nyugd\u00edjast. A&#8230; <span class=\"gridview-grid-post-read-more\"><a href=\"https:\/\/wofvideo.pro\/mostjott\/lakasfoglalo-tette-el-lab-alol-a-nyugdijast\/\">read more<span class=\"gridview-sr-only\"> Lak\u00e1sfoglal\u00f3 tette el l\u00e1b al\u00f3l a nyugd\u00edjast!<\/span><\/a><\/span><\/p>\n","protected":false},"author":1,"featured_media":39,"comment_status":"open","ping_status":"open","sticky":false,"template":"","format":"standard","meta":{"footnotes":""},"categories":[1],"tags":[],"class_list":["post-38","post","type-post","status-publish","format-standard","has-post-thumbnail","hentry","category-egyeb","wpcat-1-id"],"_links":{"self":[{"href":"https:\/\/wofvideo.pro\/mostjott\/wp-json\/wp\/v2\/posts\/38","targetHints":{"allow":["GET"]}}],"collection":[{"href":"https:\/\/wofvideo.pro\/mostjott\/wp-json\/wp\/v2\/posts"}],"about":[{"href":"https:\/\/wofvideo.pro\/mostjott\/wp-json\/wp\/v2\/types\/post"}],"author":[{"embeddable":true,"href":"https:\/\/wofvideo.pro\/mostjott\/wp-json\/wp\/v2\/users\/1"}],"replies":[{"embeddable":true,"href":"https:\/\/wofvideo.pro\/mostjott\/wp-json\/wp\/v2\/comments?post=38"}],"version-history":[{"count":1,"href":"https:\/\/wofvideo.pro\/mostjott\/wp-json\/wp\/v2\/posts\/38\/revisions"}],"predecessor-version":[{"id":40,"href":"https:\/\/wofvideo.pro\/mostjott\/wp-json\/wp\/v2\/posts\/38\/revisions\/40"}],"wp:featuredmedia":[{"embeddable":true,"href":"https:\/\/wofvideo.pro\/mostjott\/wp-json\/wp\/v2\/media\/39"}],"wp:attachment":[{"href":"https:\/\/wofvideo.pro\/mostjott\/wp-json\/wp\/v2\/media?parent=38"}],"wp:term":[{"taxonomy":"category","embeddable":true,"href":"https:\/\/wofvideo.pro\/mostjott\/wp-json\/wp\/v2\/categories?post=38"},{"taxonomy":"post_tag","embeddable":true,"href":"https:\/\/wofvideo.pro\/mostjott\/wp-json\/wp\/v2\/tags?post=38"}],"curies":[{"name":"wp","href":"https:\/\/api.w.org\/{rel}","templated":true}]}}