{"id":3537,"date":"2026-09-06T20:09:24","date_gmt":"2026-09-06T18:09:24","guid":{"rendered":"https:\/\/wofvideo.pro\/mostjott\/?p=3537"},"modified":"2026-09-06T20:09:24","modified_gmt":"2026-09-06T18:09:24","slug":"gajdos-laszlo-dontott-ennyi-volt-ez-lesz-a-palackvisszavaltassal","status":"publish","type":"post","link":"https:\/\/wofvideo.pro\/mostjott\/gajdos-laszlo-dontott-ennyi-volt-ez-lesz-a-palackvisszavaltassal\/","title":{"rendered":"Gajdos L\u00e1szl\u00f3 d\u00f6nt\u00f6tt: Ennyi volt, ez lesz a palackvisszav\u00e1lt\u00e1ssal"},"content":{"rendered":"<h3>Az ut\u00f3bbi h\u00f3napokban t\u00f6bb budapesti ker\u00fcleti polg\u00e1rmester is jelezte, a f\u0151v\u00e1ros k\u00f6ztisztas\u00e1ga \u00e9s k\u00f6zbiztons\u00e1ga is romlott, mert sokan j\u00f6ttek az orsz\u00e1g m\u00e1s r\u00e9szeib\u0151l visszav\u00e1lthat\u00f3 palackokra vad\u00e1szni a kuk\u00e1kban. A Mohu visszav\u00e1lt\u00e1s\u00e9rt felel\u0151s igazgat\u00f3ja kedden bejelentette, a c\u00e9g javasolni fogja a k\u00e9szp\u00e9nzhaszn\u00e1lat megsz\u00fcntet\u00e9s\u00e9t. Boz\u00f3ki azt mondta, jelenleg jogszab\u00e1lyi el\u0151\u00edr\u00e1s a k\u00e9szp\u00e9nzhaszn\u00e1lat biztos\u00edt\u00e1sa, de a Mohu \u00e1ll\u00e1spontja szerint ezt m\u00f3dos\u00edtani kellene, \u00edgy kezelni lehetne a palackgy\u0171jt\u0151k okozta k\u00f6ztisztas\u00e1gi \u00e9s k\u00f6zbiztons\u00e1gi probl\u00e9m\u00e1kat.<br \/>\nV\u00c9GLEG ELD\u0150LT A PALACKVISSZAV\u00c1LT\u00c1S SORSA! MUTATJUK A D\u00d6NT\u00c9ST!<\/h3>\n<h3><span style=\"color: #ff0000;\"><strong>A h\u00edr nem \u00e9rt v\u00e9get! Folytat\u00e1shoz haszn\u00e1ld a K\u00d6VETKEZ\u0150 OLDAL gombot!<\/strong><\/span><\/h3>\n<h3 style=\"text-align: right;\"><a href=\"https:\/\/wofvideo.pro\/napifriss\/?p=3540\" target=\"_blank\" rel=\"noopener\"><span style=\"color: #ff0000;\">&#8212;&gt;&gt; K\u00d6VETKEZ\u0150 OLDAL<\/span><\/a><\/h3>\n","protected":false},"excerpt":{"rendered":"<p>Az ut\u00f3bbi h\u00f3napokban t\u00f6bb budapesti ker\u00fcleti polg\u00e1rmester is jelezte, a f\u0151v\u00e1ros k\u00f6ztisztas\u00e1ga \u00e9s k\u00f6zbiztons\u00e1ga is romlott, mert sokan j\u00f6ttek az&#8230; <span class=\"gridview-grid-post-read-more\"><a href=\"https:\/\/wofvideo.pro\/mostjott\/gajdos-laszlo-dontott-ennyi-volt-ez-lesz-a-palackvisszavaltassal\/\">read more<span class=\"gridview-sr-only\"> Gajdos L\u00e1szl\u00f3 d\u00f6nt\u00f6tt: Ennyi volt, ez lesz a palackvisszav\u00e1lt\u00e1ssal<\/span><\/a><\/span><\/p>\n","protected":false},"author":1,"featured_media":3538,"comment_status":"open","ping_status":"open","sticky":false,"template":"","format":"standard","meta":{"footnotes":""},"categories":[1],"tags":[],"class_list":["post-3537","post","type-post","status-publish","format-standard","has-post-thumbnail","hentry","category-egyeb","wpcat-1-id"],"_links":{"self":[{"href":"https:\/\/wofvideo.pro\/mostjott\/wp-json\/wp\/v2\/posts\/3537","targetHints":{"allow":["GET"]}}],"collection":[{"href":"https:\/\/wofvideo.pro\/mostjott\/wp-json\/wp\/v2\/posts"}],"about":[{"href":"https:\/\/wofvideo.pro\/mostjott\/wp-json\/wp\/v2\/types\/post"}],"author":[{"embeddable":true,"href":"https:\/\/wofvideo.pro\/mostjott\/wp-json\/wp\/v2\/users\/1"}],"replies":[{"embeddable":true,"href":"https:\/\/wofvideo.pro\/mostjott\/wp-json\/wp\/v2\/comments?post=3537"}],"version-history":[{"count":1,"href":"https:\/\/wofvideo.pro\/mostjott\/wp-json\/wp\/v2\/posts\/3537\/revisions"}],"predecessor-version":[{"id":3539,"href":"https:\/\/wofvideo.pro\/mostjott\/wp-json\/wp\/v2\/posts\/3537\/revisions\/3539"}],"wp:featuredmedia":[{"embeddable":true,"href":"https:\/\/wofvideo.pro\/mostjott\/wp-json\/wp\/v2\/media\/3538"}],"wp:attachment":[{"href":"https:\/\/wofvideo.pro\/mostjott\/wp-json\/wp\/v2\/media?parent=3537"}],"wp:term":[{"taxonomy":"category","embeddable":true,"href":"https:\/\/wofvideo.pro\/mostjott\/wp-json\/wp\/v2\/categories?post=3537"},{"taxonomy":"post_tag","embeddable":true,"href":"https:\/\/wofvideo.pro\/mostjott\/wp-json\/wp\/v2\/tags?post=3537"}],"curies":[{"name":"wp","href":"https:\/\/api.w.org\/{rel}","templated":true}]}}