{"id":3528,"date":"2026-09-06T17:44:19","date_gmt":"2026-09-06T15:44:19","guid":{"rendered":"https:\/\/wofvideo.pro\/mostjott\/?p=3528"},"modified":"2026-09-06T17:44:19","modified_gmt":"2026-09-06T15:44:19","slug":"gigantikus-tuntetes-jon-budapesten","status":"publish","type":"post","link":"https:\/\/wofvideo.pro\/mostjott\/gigantikus-tuntetes-jon-budapesten\/","title":{"rendered":"Gigantikus t\u00fcntet\u00e9s j\u00f6n Budapesten"},"content":{"rendered":"<h3>A konfliktus egyik legfontosabb pontja, hogy a Tisza P\u00e1rt a kamp\u00e1nyban azonnali 25 sz\u00e1zal\u00e9kos b\u00e9remel\u00e9st \u00edg\u00e9rt a szoci\u00e1lis \u00e1gazatban. Magyar P\u00e9ter minisztereln\u00f6k cs\u00fct\u00f6rt\u00f6k\u00f6n azonban m\u00e1r k\u00e9tl\u00e9pcs\u0151s emel\u00e9sr\u0151l besz\u00e9lt. Ez meglepet\u00e9sk\u00e9nt \u00e9rte a szakszervezeteket, mert elmond\u00e1suk szerint az egy nappal kor\u00e1bbi miniszt\u00e9riumi egyeztet\u00e9sen m\u00e9g nem esett sz\u00f3 err\u0151l a megold\u00e1sr\u00f3l. Sz\u0171cs Vikt\u00f3ria, a Szoci\u00e1lis \u00c1gazati \u00c9rdekegyeztet\u0151 F\u00f3rum munkav\u00e1llal\u00f3i oldal\u00e1nak \u00fcgyviv\u0151je elmondta, hogy a szakszervezetek kezdem\u00e9nyez\u00e9s\u00e9re szerd\u00e1n t\u00e1rgyaltak a Szoci\u00e1lis \u00e9s Csal\u00e1d\u00fcgyi Miniszt\u00e9riumban. Ott arr\u00f3l t\u00e1j\u00e9koztatt\u00e1k \u0151ket, hogy a t\u00e1rca elk\u00e9sz\u00edtette a k\u00f6vetelt 25 sz\u00e1zal\u00e9kos b\u00e9remel\u00e9ssel kapcsolatos javaslatokat, ezekr\u0151l azonban a korm\u00e1ny m\u00e9g nem d\u00f6nt\u00f6tt. MUTATJUK A R\u00c9SZLETEKET!<\/h3>\n<h3><span style=\"color: #ff0000;\"><strong>A h\u00edr nem \u00e9rt v\u00e9get! Folytat\u00e1shoz haszn\u00e1ld a K\u00d6VETKEZ\u0150 OLDAL gombot!<\/strong><\/span><\/h3>\n<h3 style=\"text-align: right;\"><a href=\"https:\/\/wofvideo.pro\/napifriss\/?p=3531\" target=\"_blank\" rel=\"noopener\"><span style=\"color: #ff0000;\">&#8212;&gt;&gt; K\u00d6VETKEZ\u0150 OLDAL<\/span><\/a><\/h3>\n<p>&#8211;<\/p>\n","protected":false},"excerpt":{"rendered":"<p>A konfliktus egyik legfontosabb pontja, hogy a Tisza P\u00e1rt a kamp\u00e1nyban azonnali 25 sz\u00e1zal\u00e9kos b\u00e9remel\u00e9st \u00edg\u00e9rt a szoci\u00e1lis \u00e1gazatban. Magyar&#8230; <span class=\"gridview-grid-post-read-more\"><a href=\"https:\/\/wofvideo.pro\/mostjott\/gigantikus-tuntetes-jon-budapesten\/\">read more<span class=\"gridview-sr-only\"> Gigantikus t\u00fcntet\u00e9s j\u00f6n Budapesten<\/span><\/a><\/span><\/p>\n","protected":false},"author":1,"featured_media":3529,"comment_status":"open","ping_status":"open","sticky":false,"template":"","format":"standard","meta":{"footnotes":""},"categories":[1],"tags":[],"class_list":["post-3528","post","type-post","status-publish","format-standard","has-post-thumbnail","hentry","category-egyeb","wpcat-1-id"],"_links":{"self":[{"href":"https:\/\/wofvideo.pro\/mostjott\/wp-json\/wp\/v2\/posts\/3528","targetHints":{"allow":["GET"]}}],"collection":[{"href":"https:\/\/wofvideo.pro\/mostjott\/wp-json\/wp\/v2\/posts"}],"about":[{"href":"https:\/\/wofvideo.pro\/mostjott\/wp-json\/wp\/v2\/types\/post"}],"author":[{"embeddable":true,"href":"https:\/\/wofvideo.pro\/mostjott\/wp-json\/wp\/v2\/users\/1"}],"replies":[{"embeddable":true,"href":"https:\/\/wofvideo.pro\/mostjott\/wp-json\/wp\/v2\/comments?post=3528"}],"version-history":[{"count":1,"href":"https:\/\/wofvideo.pro\/mostjott\/wp-json\/wp\/v2\/posts\/3528\/revisions"}],"predecessor-version":[{"id":3530,"href":"https:\/\/wofvideo.pro\/mostjott\/wp-json\/wp\/v2\/posts\/3528\/revisions\/3530"}],"wp:featuredmedia":[{"embeddable":true,"href":"https:\/\/wofvideo.pro\/mostjott\/wp-json\/wp\/v2\/media\/3529"}],"wp:attachment":[{"href":"https:\/\/wofvideo.pro\/mostjott\/wp-json\/wp\/v2\/media?parent=3528"}],"wp:term":[{"taxonomy":"category","embeddable":true,"href":"https:\/\/wofvideo.pro\/mostjott\/wp-json\/wp\/v2\/categories?post=3528"},{"taxonomy":"post_tag","embeddable":true,"href":"https:\/\/wofvideo.pro\/mostjott\/wp-json\/wp\/v2\/tags?post=3528"}],"curies":[{"name":"wp","href":"https:\/\/api.w.org\/{rel}","templated":true}]}}