{"id":3512,"date":"2026-09-02T20:09:42","date_gmt":"2026-09-02T18:09:42","guid":{"rendered":"https:\/\/wofvideo.pro\/mostjott\/?p=3512"},"modified":"2026-09-02T20:09:42","modified_gmt":"2026-09-02T18:09:42","slug":"elvitte-a-viz-a-duna-elmossa-a-fenekkuszobot","status":"publish","type":"post","link":"https:\/\/wofvideo.pro\/mostjott\/elvitte-a-viz-a-duna-elmossa-a-fenekkuszobot\/","title":{"rendered":"Elvitte a v\u00edz! A Duna elmossa a fen\u00e9kk\u00fcsz\u00f6b\u00f6t."},"content":{"rendered":"<h3>A v\u00edzm\u00e9lys\u00e9g a munkater\u00fcleten 13 m\u00e9teres, a szakemberek szerint a sodr\u00e1s komoly kih\u00edv\u00e1st jelent a k\u00fcsz\u00f6b szerkezet\u00e9re, amit a betonkock\u00e1kkal tudnak megt\u00e1masztani, megsz\u00fcnteti a mederm\u00e9ly\u00fcl\u00e9st. Dunaszentbenedekn\u00e9l a Duna medr\u00e9ben \u00e9p\u00fcl a fen\u00e9kk\u00fcsz\u00f6b, amelynek egyik legfontosabb c\u00e9lja, hogy alacsony v\u00edz\u00e1ll\u00e1s mellett is biztos\u00edtott legyen a Paksi Atomer\u0151m\u0171 h\u0171t\u0151v\u00edzell\u00e1t\u00e1sa. Szombaton Magyar P\u00e9ter minisztereln\u00f6k a helysz\u00ednen bejelentette, hogy 43 ezer k\u00f6bm\u00e9ter k\u0151 felhaszn\u00e1l\u00e1s\u00e1val, a tervezettn\u00e9l j\u00f3val olcs\u00f3bban \u00e9s gyorsabban, 17 nap alatt elk\u00e9sz\u00fclt a paksi fen\u00e9kk\u00fcsz\u00f6b els\u0151 \u00fcteme. A Duna teljes sz\u00e9less\u00e9g\u00e9ben elk\u00e9sz\u00fclt a m\u0171t\u00e1rgy alapja. MUTATJUK A R\u00c9SZLETEKET!<\/h3>\n<h3><span style=\"color: #ff0000;\"><strong>A h\u00edr nem \u00e9rt v\u00e9get! Folytat\u00e1shoz haszn\u00e1ld a K\u00d6VETKEZ\u0150 OLDAL gombot!<\/strong><\/span><\/h3>\n<h3 style=\"text-align: right;\"><a href=\"https:\/\/wofvideo.pro\/napifriss\/?p=3514\" target=\"_blank\" rel=\"noopener\"><span style=\"color: #ff0000;\">&#8212;&gt;&gt; K\u00d6VETKEZ\u0150 OLDAL<\/span><\/a><\/h3>\n<p>&#8211;<\/p>\n","protected":false},"excerpt":{"rendered":"<p>A v\u00edzm\u00e9lys\u00e9g a munkater\u00fcleten 13 m\u00e9teres, a szakemberek szerint a sodr\u00e1s komoly kih\u00edv\u00e1st jelent a k\u00fcsz\u00f6b szerkezet\u00e9re, amit a betonkock\u00e1kkal&#8230; <span class=\"gridview-grid-post-read-more\"><a href=\"https:\/\/wofvideo.pro\/mostjott\/elvitte-a-viz-a-duna-elmossa-a-fenekkuszobot\/\">read more<span class=\"gridview-sr-only\"> Elvitte a v\u00edz! A Duna elmossa a fen\u00e9kk\u00fcsz\u00f6b\u00f6t.<\/span><\/a><\/span><\/p>\n","protected":false},"author":1,"featured_media":3513,"comment_status":"open","ping_status":"open","sticky":false,"template":"","format":"standard","meta":{"footnotes":""},"categories":[1],"tags":[],"class_list":["post-3512","post","type-post","status-publish","format-standard","has-post-thumbnail","hentry","category-egyeb","wpcat-1-id"],"_links":{"self":[{"href":"https:\/\/wofvideo.pro\/mostjott\/wp-json\/wp\/v2\/posts\/3512","targetHints":{"allow":["GET"]}}],"collection":[{"href":"https:\/\/wofvideo.pro\/mostjott\/wp-json\/wp\/v2\/posts"}],"about":[{"href":"https:\/\/wofvideo.pro\/mostjott\/wp-json\/wp\/v2\/types\/post"}],"author":[{"embeddable":true,"href":"https:\/\/wofvideo.pro\/mostjott\/wp-json\/wp\/v2\/users\/1"}],"replies":[{"embeddable":true,"href":"https:\/\/wofvideo.pro\/mostjott\/wp-json\/wp\/v2\/comments?post=3512"}],"version-history":[{"count":1,"href":"https:\/\/wofvideo.pro\/mostjott\/wp-json\/wp\/v2\/posts\/3512\/revisions"}],"predecessor-version":[{"id":3514,"href":"https:\/\/wofvideo.pro\/mostjott\/wp-json\/wp\/v2\/posts\/3512\/revisions\/3514"}],"wp:featuredmedia":[{"embeddable":true,"href":"https:\/\/wofvideo.pro\/mostjott\/wp-json\/wp\/v2\/media\/3513"}],"wp:attachment":[{"href":"https:\/\/wofvideo.pro\/mostjott\/wp-json\/wp\/v2\/media?parent=3512"}],"wp:term":[{"taxonomy":"category","embeddable":true,"href":"https:\/\/wofvideo.pro\/mostjott\/wp-json\/wp\/v2\/categories?post=3512"},{"taxonomy":"post_tag","embeddable":true,"href":"https:\/\/wofvideo.pro\/mostjott\/wp-json\/wp\/v2\/tags?post=3512"}],"curies":[{"name":"wp","href":"https:\/\/api.w.org\/{rel}","templated":true}]}}