{"id":3503,"date":"2026-09-02T13:13:11","date_gmt":"2026-09-02T11:13:11","guid":{"rendered":"https:\/\/wofvideo.pro\/mostjott\/?p=3503"},"modified":"2026-09-02T13:13:11","modified_gmt":"2026-09-02T11:13:11","slug":"ujabb-akkumulatoripari-gyar-epul","status":"publish","type":"post","link":"https:\/\/wofvideo.pro\/mostjott\/ujabb-akkumulatoripari-gyar-epul\/","title":{"rendered":"\u00dajabb akkumul\u00e1toripari gy\u00e1r \u00e9p\u00fcl"},"content":{"rendered":"<h3>A t\u00e1j\u00e9koztat\u00f3 szerint a folyamatok nem v\u00e1ltoztatj\u00e1k meg az akkumul\u00e1torok elektrok\u00e9miai m\u0171k\u00f6d\u00e9s\u00e9t, \u00e9s nem j\u00e1rnak elektr\u00f3dagy\u00e1rt\u00e1ssal, elektrolitkezel\u00e9ssel vagy cellagy\u00e1rt\u00e1ssal. A tev\u00e9kenys\u00e9get kiz\u00e1r\u00f3lag fizikai \u00e9s logisztikai jelleg\u0171k\u00e9nt \u00edrj\u00e1k le. A tervek ellentmondani l\u00e1tszanak Szijj\u00e1rt\u00f3 P\u00e9ter kor\u00e1bbi kijelent\u00e9s\u00e9nek. Az akkori k\u00fclgazdas\u00e1gi \u00e9s k\u00fcl\u00fcgyminiszter febru\u00e1r 17-\u00e9n azt mondta, nem lesz Debrecenben olyan \u00fajabb akkumul\u00e1toripari beruh\u00e1z\u00e1s, amelyet kor\u00e1bban nem jelentettek be. MUTATJUK A R\u00c9SZLETEKET!<\/h3>\n<h3><span style=\"color: #ff0000;\"><strong>A h\u00edr nem \u00e9rt v\u00e9get! Folytat\u00e1shoz haszn\u00e1ld a K\u00d6VETKEZ\u0150 OLDAL gombot!<\/strong><\/span><\/h3>\n<h3 style=\"text-align: right;\"><a href=\"https:\/\/wofvideo.pro\/napifriss\/?p=3505\" target=\"_blank\" rel=\"noopener\"><span style=\"color: #ff0000;\">&#8212;&gt;&gt; K\u00d6VETKEZ\u0150 OLDAL<\/span><\/a><\/h3>\n<p>&#8211;<\/p>\n","protected":false},"excerpt":{"rendered":"<p>A t\u00e1j\u00e9koztat\u00f3 szerint a folyamatok nem v\u00e1ltoztatj\u00e1k meg az akkumul\u00e1torok elektrok\u00e9miai m\u0171k\u00f6d\u00e9s\u00e9t, \u00e9s nem j\u00e1rnak elektr\u00f3dagy\u00e1rt\u00e1ssal, elektrolitkezel\u00e9ssel vagy cellagy\u00e1rt\u00e1ssal. A&#8230; <span class=\"gridview-grid-post-read-more\"><a href=\"https:\/\/wofvideo.pro\/mostjott\/ujabb-akkumulatoripari-gyar-epul\/\">read more<span class=\"gridview-sr-only\"> \u00dajabb akkumul\u00e1toripari gy\u00e1r \u00e9p\u00fcl<\/span><\/a><\/span><\/p>\n","protected":false},"author":1,"featured_media":3504,"comment_status":"open","ping_status":"open","sticky":false,"template":"","format":"standard","meta":{"footnotes":""},"categories":[1],"tags":[],"class_list":["post-3503","post","type-post","status-publish","format-standard","has-post-thumbnail","hentry","category-egyeb","wpcat-1-id"],"_links":{"self":[{"href":"https:\/\/wofvideo.pro\/mostjott\/wp-json\/wp\/v2\/posts\/3503","targetHints":{"allow":["GET"]}}],"collection":[{"href":"https:\/\/wofvideo.pro\/mostjott\/wp-json\/wp\/v2\/posts"}],"about":[{"href":"https:\/\/wofvideo.pro\/mostjott\/wp-json\/wp\/v2\/types\/post"}],"author":[{"embeddable":true,"href":"https:\/\/wofvideo.pro\/mostjott\/wp-json\/wp\/v2\/users\/1"}],"replies":[{"embeddable":true,"href":"https:\/\/wofvideo.pro\/mostjott\/wp-json\/wp\/v2\/comments?post=3503"}],"version-history":[{"count":1,"href":"https:\/\/wofvideo.pro\/mostjott\/wp-json\/wp\/v2\/posts\/3503\/revisions"}],"predecessor-version":[{"id":3505,"href":"https:\/\/wofvideo.pro\/mostjott\/wp-json\/wp\/v2\/posts\/3503\/revisions\/3505"}],"wp:featuredmedia":[{"embeddable":true,"href":"https:\/\/wofvideo.pro\/mostjott\/wp-json\/wp\/v2\/media\/3504"}],"wp:attachment":[{"href":"https:\/\/wofvideo.pro\/mostjott\/wp-json\/wp\/v2\/media?parent=3503"}],"wp:term":[{"taxonomy":"category","embeddable":true,"href":"https:\/\/wofvideo.pro\/mostjott\/wp-json\/wp\/v2\/categories?post=3503"},{"taxonomy":"post_tag","embeddable":true,"href":"https:\/\/wofvideo.pro\/mostjott\/wp-json\/wp\/v2\/tags?post=3503"}],"curies":[{"name":"wp","href":"https:\/\/api.w.org\/{rel}","templated":true}]}}