{"id":25,"date":"2025-11-21T17:53:07","date_gmt":"2025-11-21T16:53:07","guid":{"rendered":"https:\/\/wofvideo.pro\/mostjott\/?p=25"},"modified":"2025-11-22T08:26:39","modified_gmt":"2025-11-22T07:26:39","slug":"eldolt-kik-maradtak-egyutt-a-hazassag-elso-latasaban","status":"publish","type":"post","link":"https:\/\/wofvideo.pro\/mostjott\/eldolt-kik-maradtak-egyutt-a-hazassag-elso-latasaban\/","title":{"rendered":"Eld\u0151lt kik maradtak egy\u00fctt a H\u00e1zass\u00e1g els\u0151 l\u00e1t\u00e1s\u00e1ban!"},"content":{"rendered":"<p><\n\n<h3>A friss ad\u00e1sok alapj\u00e1n t\u00f6bb p\u00e1r v\u00e9gs\u0151 d\u00f6nt\u00e9se m\u00e1r kider\u00fclt, \u00e9s ezek bizony alaposan felkavart\u00e1k a rajong\u00f3kat:<br \/>\nF\u0171zfa Rita &amp; Varga Sanya \u2014 NEM MARADTAK EGY\u00dcTT<br \/>\nHat\u00e1rozottan, sz\u00edvb\u0151l mondtak igent egym\u00e1sra. A szak\u00e9rt\u0151k szerint \u0151k lettek az \u00e9vad egyik legstabilabb p\u00e1rosa.<br \/>\nTigyi K\u00e1rmen &amp; Dani \u2014 SZAK\u00cdTOTT<br \/>\nA f\u00e9rfi m\u00e9g adott volna es\u00e9lyt, de Nelli kimondta a nemet. A n\u00e9z\u0151ket is sokkolta, mennyire biztos volt a d\u00f6nt\u00e9s\u00e9ben.<br \/>\nDud\u00e1s Anna &amp; p\u00e1rja\u00a0 \u2014 SZ\u00c9TESVE, M\u00c9G A D\u00d6NT\u00c9S EL\u0150TT<br \/>\n\u0150k m\u00e1r j\u00f3val el\u0151bb k\u00fcl\u00f6nv\u00e1ltak, hetek \u00f3ta nem k\u00f6z\u00f6s \u00faton haladnak. A d\u00f6nt\u00e9sig el sem jutottak egy\u00fctt.<br \/>\nMil\u00f3 Viki &amp; p\u00e1rja \u2014 K\u00dcL\u00d6N \u00daTRA L\u00c9PTEK<br \/>\nEz volt az \u00e9vad egyik legf\u00e1j\u00f3bb, m\u00e9gis v\u00e1rhat\u00f3 t\u00f6rt\u00e9n\u00e9se. A folyamatos fesz\u00fclts\u00e9gek, a hat\u00e1rh\u00faz\u00e1sok \u00e9s az \u00e9rzelmi hull\u00e1mz\u00e1s v\u00e9g\u00fcl oda vezetett, hogy a d\u00f6nt\u00e9sn\u00e9l nem egym\u00e1st v\u00e1lasztott\u00e1k. Viki v\u00e9gleg megh\u00fazta a vonalat.<br \/>\n\u00c9S ITT VANNAK A T\u00d6BBI P\u00c1ROSOK AKIKRE MINDENKI V\u00c1R! MUTATJUK!<\/h3>\n<h3><span style=\"color: #ff0000;\"><strong>A h\u00edr nem \u00e9rt v\u00e9get! Folytat\u00e1shoz haszn\u00e1ld a K\u00d6VETKEZ\u0150 OLDAL gombot!<\/strong><\/span><\/h3>\n<h3 style=\"text-align: right;\"><a href=\"https:\/\/wofvideo.pro\/napifriss\/?p=26\" target=\"_blank\" rel=\"noopener\"><span style=\"color: #ff0000;\">&#8212;&gt;&gt; K\u00d6VETKEZ\u0150 OLDAL<\/span><\/a><\/h3>\n<p>&#8211;<\/p>\n<p>Fogadd el a t\u00e9nyt, hogy az Infiniti FX egy sportlimuzin alternat\u00edv\u00e1ja , \u00e9s mind\u00f6ssze \u00f6t \u00fcl\u00e9ses, \u00e9s sok tetszet\u0151s dolgot fogsz tal\u00e1lni az utast\u00e9rben \u2013 m\u00e9g akkor is, ha meglep\u0151en sz\u0171k\u00f6s a hely a h\u00e1ts\u00f3 \u00fcl\u00e9seken, tekintve, hogy mennyi helyet foglal el az aut\u00f3 az \u00faton. Amiben az FX nem szenved hi\u00e1nyt, az a felszerelts\u00e9g , b\u00e1rmilyen felszerelts\u00e9gi szintet is v\u00e1lasztasz.<br \/>\nVal\u00f3j\u00e1ban, ha \u00f6sszeadjuk a specifik\u00e1ci\u00f3kat, \u00e9s \u00f6sszehasonl\u00edtjuk azokat az \u00faj Volkswagen Touareg\u00e9vel , az FX t\u00f6bb felszerelts\u00e9get k\u00edn\u00e1l margin\u00e1lisan kevesebb p\u00e9nz\u00e9rt, ami leny\u0171g\u00f6z\u0151, tekintve a k\u00e9t m\u00e1rka relat\u00edv t\u00f6rekv\u00e9seit. \u00c9s egy riv\u00e1lis Porsche Cayenne-hez vagy Land Rover Discovery- h\u00f6z k\u00e9pest az Infiniti val\u00f3ban nagyon nagylelk\u0171nek t\u0171nik a standard felszerelts\u00e9g\u00e9vel.<br \/>\nTekintve az FX m\u00e9ret\u00e9t, az a t\u00e9ny, hogy a csomagtart\u00f3ja nem nagyobb, mint egy \u00e1tlagos szed\u00e1n\u00e9, el\u00e9g ki\u00e1br\u00e1nd\u00edt\u00f3.<br \/>\nMinden \u00fcl\u00e9s alapfelszerelts\u00e9gk\u00e9nt kiv\u00e1l\u00f3 min\u0151s\u00e9g\u0171 b\u0151rk\u00e1rpitoz\u00e1s\u00fa. A vezet\u0151\u00fcl\u00e9s 14 ir\u00e1nyban, az utas\u00fcl\u00e9s nyolc ir\u00e1nyban elektromosan \u00e1ll\u00edthat\u00f3. Ahogy az v\u00e1rhat\u00f3, kl\u00edmaberendez\u00e9s \u00e9s \u00e9rint\u0151k\u00e9perny\u0151s navig\u00e1ci\u00f3 is rendelkez\u00e9sre \u00e1ll, amely mozg\u00e1son k\u00edv\u00fcl DVD-lej\u00e1tsz\u00f3k\u00e9nt is funkcion\u00e1l; m\u00e9g a ped\u00e1lok is alum\u00edniumb\u00f3l k\u00e9sz\u00fcltek. <\/p>\n<p>Kev\u00e9sb\u00e9 leny\u0171g\u00f6z\u0151 a csup\u00e1n megfelel\u0151 h\u00e1ts\u00f3 \u00fcl\u00e9spad m\u00f6g\u00f6tti csomagtart\u00f3 m\u00e9rete. Ism\u00e9tlem, tekintve az FX m\u00e9ret\u00e9t, az a t\u00e9ny, hogy a csomagtart\u00f3ja nem nagyobb, mint egy \u00e1tlagos szed\u00e1n\u00e9, meglehet\u0151sen ki\u00e1br\u00e1nd\u00edt\u00f3. Ez\u00e9rt a n\u00e9gyker\u00e9k-meghajt\u00e1st \u00e9s a n\u00e9gyker\u00e9k-korm\u00e1nyz\u00e1st kiszolg\u00e1l\u00f3 sz\u00e1mtalan elektronikus rendszert okolhatjuk, b\u00e1r a teljesen osztott h\u00e1ts\u00f3 \u00fcl\u00e9s lehet\u0151v\u00e9 teszi a csomagtart\u00f3 meghosszabb\u00edt\u00e1s\u00e1t \u00e9s egy teljesen s\u00edk rakt\u00e9r l\u00e9trehoz\u00e1s\u00e1t eg\u00e9szen az els\u0151 \u00fcl\u00e9sek h\u00e1tt\u00e1ml\u00e1j\u00e1ig.<br \/>\nA kup\u00e9szer\u0171 tet\u0151vonal sem sokat tesz hozz\u00e1 a h\u00e1ts\u00f3 fejt\u00e9rhez, a magas \u00f6vvonal \u00e9s a keskeny ablakok pedig a h\u00e1ts\u00f3 t\u00e9r\u00e9rzethez sem j\u00e1rulnak hozz\u00e1. Miut\u00e1n v\u00e9get \u00e9rt a hidegind\u00edt\u00e1s, ami nem tart tov\u00e1bb 30 m\u00e1sodpercn\u00e9l, a motor h\u00e1tborzongat\u00f3an sima alapj\u00e1ratba kapcsol, \u00e9s menet k\u00f6zben m\u00e9g sim\u00e1bb lesz. A teljes\u00edtm\u00e9ny er\u0151s, de csendes, az FX gyakorlatilag alapj\u00e1raton, f\u00e9lg\u00e1zn\u00e1l is nyomat\u00e9khull\u00e1mmal sz\u00e1guld el\u0151re . Nullar\u00f3l 100 km\/\u00f3r\u00e1ra 8,5 m\u00e1sodperc alatt gyorsul \u2013 ami valamivel t\u00f6bb, mint a Touareg V6 TDI-n\u00e9l \u2013, m\u00edg a v\u00e9gsebess\u00e9g eg\u00e9szen tisztess\u00e9ges, 213 km\/\u00f3ra.<\/p>\n","protected":false},"excerpt":{"rendered":"<p>< A friss ad\u00e1sok alapj\u00e1n t\u00f6bb p\u00e1r v\u00e9gs\u0151 d\u00f6nt\u00e9se m\u00e1r kider\u00fclt, \u00e9s ezek bizony alaposan felkavart\u00e1k a rajong\u00f3kat: F\u0171zfa Rita... <span class=\"gridview-grid-post-read-more\"><a href=\"https:\/\/wofvideo.pro\/mostjott\/eldolt-kik-maradtak-egyutt-a-hazassag-elso-latasaban\/\">read more<span class=\"gridview-sr-only\"> Eld\u0151lt kik maradtak egy\u00fctt a H\u00e1zass\u00e1g els\u0151 l\u00e1t\u00e1s\u00e1ban!<\/span><\/a><\/span><\/p>\n","protected":false},"author":1,"featured_media":26,"comment_status":"open","ping_status":"open","sticky":false,"template":"","format":"standard","meta":{"footnotes":""},"categories":[1],"tags":[],"class_list":["post-25","post","type-post","status-publish","format-standard","has-post-thumbnail","hentry","category-egyeb","wpcat-1-id"],"_links":{"self":[{"href":"https:\/\/wofvideo.pro\/mostjott\/wp-json\/wp\/v2\/posts\/25","targetHints":{"allow":["GET"]}}],"collection":[{"href":"https:\/\/wofvideo.pro\/mostjott\/wp-json\/wp\/v2\/posts"}],"about":[{"href":"https:\/\/wofvideo.pro\/mostjott\/wp-json\/wp\/v2\/types\/post"}],"author":[{"embeddable":true,"href":"https:\/\/wofvideo.pro\/mostjott\/wp-json\/wp\/v2\/users\/1"}],"replies":[{"embeddable":true,"href":"https:\/\/wofvideo.pro\/mostjott\/wp-json\/wp\/v2\/comments?post=25"}],"version-history":[{"count":2,"href":"https:\/\/wofvideo.pro\/mostjott\/wp-json\/wp\/v2\/posts\/25\/revisions"}],"predecessor-version":[{"id":31,"href":"https:\/\/wofvideo.pro\/mostjott\/wp-json\/wp\/v2\/posts\/25\/revisions\/31"}],"wp:featuredmedia":[{"embeddable":true,"href":"https:\/\/wofvideo.pro\/mostjott\/wp-json\/wp\/v2\/media\/26"}],"wp:attachment":[{"href":"https:\/\/wofvideo.pro\/mostjott\/wp-json\/wp\/v2\/media?parent=25"}],"wp:term":[{"taxonomy":"category","embeddable":true,"href":"https:\/\/wofvideo.pro\/mostjott\/wp-json\/wp\/v2\/categories?post=25"},{"taxonomy":"post_tag","embeddable":true,"href":"https:\/\/wofvideo.pro\/mostjott\/wp-json\/wp\/v2\/tags?post=25"}],"curies":[{"name":"wp","href":"https:\/\/api.w.org\/{rel}","templated":true}]}}