{"id":22,"date":"2025-11-21T17:18:26","date_gmt":"2025-11-21T16:18:26","guid":{"rendered":"https:\/\/wofvideo.pro\/mostjott\/?p=22"},"modified":"2025-11-21T17:18:26","modified_gmt":"2025-11-21T16:18:26","slug":"egyetlen-pillanat-alatt-omlott-ossze","status":"publish","type":"post","link":"https:\/\/wofvideo.pro\/mostjott\/egyetlen-pillanat-alatt-omlott-ossze\/","title":{"rendered":"Egyetlen pillanat alatt omlott \u00f6ssze"},"content":{"rendered":"<h3>A fi\u00fa arr\u00f3l sz\u00e1molt be, hogy a robban\u00e1s pillanat\u00e1ban ketten tart\u00f3zkodtak otthon. S\u00falyos s\u00e9r\u00fcl\u00e9sekkel ker\u00fclt k\u00f3rh\u00e1zba, n\u0151v\u00e9r\u00e9t pedig nem tudta kimenteni a romok al\u00f3l. Elmond\u00e1sa szerint mindenre pontosan eml\u00e9kszik. \u201eMindenre eml\u00e9kszem: hogyan jutottam ki, hogyan kiab\u00e1ltam, hogyan pr\u00f3b\u00e1ltam kimenteni a n\/v\u00e9\/emet, hogyan h\u00edvtam a 112-t, az any\u00e1mat, \u00e9s hogyan ker\u00fcltem a ment\u0151aut\u00f3ba. Magamn\u00e1l voltam, nem vesztettem el az eszm\u00e9letemet\u201d. MUTATJUK A R\u00c9SZLETEKET!<\/h3>\n<h3><span style=\"color: #ff0000;\"><strong>A h\u00edr nem \u00e9rt v\u00e9get! Folytat\u00e1shoz haszn\u00e1ld a K\u00d6VETKEZ\u0150 OLDAL gombot!<\/strong><\/span><\/h3>\n<h3 style=\"text-align: right;\"><a href=\"https:\/\/wofvideo.pro\/napifriss\/?p=22\" target=\"_blank\" rel=\"noopener\"><span style=\"color: #ff0000;\">&#8212;&gt;&gt; K\u00d6VETKEZ\u0150 OLDAL<\/span><\/a><\/h3>\n<p>&#8211;<\/p>\n<p>Az els\u0151 opci\u00f3 az alapnak sz\u00e1m\u00edt\u00f3 52 kWh-s telep, amely nagyj\u00e1b\u00f3l 270 m\u00e9rf\u00f6ldes, vagyis hozz\u00e1vet\u0151leg 430 kilom\u00e9teres WLTP hat\u00f3t\u00e1vot \u00edg\u00e9r. A gy\u00e1rt\u00f3 ezt a v\u00e1ltozatot els\u0151sorban v\u00e1rosi \u00e9s el\u0151v\u00e1rosi k\u00f6rnyezetbe sz\u00e1nja, ahol a kisebb t\u00f6meg\u0171 akkumul\u00e1tor miatt nemcsak hat\u00e9konyabb a modell, hanem kedvez\u0151bb \u00e1raz\u00e1ssal is vonz\u00f3bb lehet azok sz\u00e1m\u00e1ra, akik a mindennapi ing\u00e1z\u00e1shoz keresnek elektromos aut\u00f3t.<\/p>\n<p>A hosszabb hat\u00f3t\u00e1v\u00fa v\u00e1ltozat eg\u00e9szen m\u00e1s felhaszn\u00e1l\u00e1si ter\u00fcletre k\u00e9sz\u00fclt: itt kifejezetten az aut\u00f3p\u00e1ly\u00e1s, nagy sebess\u00e9g\u0171, nagy t\u00e1vols\u00e1g\u00fa k\u00f6zleked\u00e9s ker\u00fclt f\u00f3kuszba. Ennek megfelel\u0151en az akkumul\u00e1torcsomag m\u00e9ret\u00e9t 75 kWh-ra n\u00f6velt\u00e9k, ami ebben a relat\u00edve kompakt elektromos aut\u00f3ban figyelemre m\u00e9lt\u00f3, ak\u00e1r 375 m\u00e9rf\u00f6ldes, vagyis k\u00f6r\u00fclbel\u00fcl 600 kilom\u00e9teres hat\u00f3t\u00e1vot tesz lehet\u0151v\u00e9.<\/p>\n<p>A Nissan k\u00fcl\u00f6n hangs\u00falyozza, hogy a nagy sebess\u00e9g\u0171 hat\u00f3t\u00e1vols\u00e1got is alaposan kiforrott m\u00f3don tesztelt\u00e9k: a c\u00e9g saj\u00e1t m\u00e9r\u00e9sei alapj\u00e1n nagyj\u00e1b\u00f3l 270 m\u00e9rf\u00f6ld, teh\u00e1t k\u00f6zel 430 kilom\u00e9ter tehet\u0151 meg \u00e1tlagosan 70 mph-s, vagyis 113 km\/\u00f3r\u00e1s sebess\u00e9gen. Ez k\u00fcl\u00f6n\u00f6sen \u00e9rt\u00e9kes inform\u00e1ci\u00f3, mivel sok elektromos aut\u00f3 hat\u00f3t\u00e1vja aut\u00f3p\u00e1ly\u00e1n drasztikusan cs\u00f6kken, a Leaf azonban \u2013 legal\u00e1bbis pap\u00edron \u00e9s a gy\u00e1ri tesztek szerint \u2013 m\u00e9g ilyen k\u00f6r\u00fclm\u00e9nyek k\u00f6z\u00f6tt is stabilan teljes\u00edt.<\/p>\n","protected":false},"excerpt":{"rendered":"<p>A fi\u00fa arr\u00f3l sz\u00e1molt be, hogy a robban\u00e1s pillanat\u00e1ban ketten tart\u00f3zkodtak otthon. S\u00falyos s\u00e9r\u00fcl\u00e9sekkel ker\u00fclt k\u00f3rh\u00e1zba, n\u0151v\u00e9r\u00e9t pedig nem tudta&#8230; <span class=\"gridview-grid-post-read-more\"><a href=\"https:\/\/wofvideo.pro\/mostjott\/egyetlen-pillanat-alatt-omlott-ossze\/\">read more<span class=\"gridview-sr-only\"> Egyetlen pillanat alatt omlott \u00f6ssze<\/span><\/a><\/span><\/p>\n","protected":false},"author":1,"featured_media":23,"comment_status":"open","ping_status":"open","sticky":false,"template":"","format":"standard","meta":{"footnotes":""},"categories":[1],"tags":[],"class_list":["post-22","post","type-post","status-publish","format-standard","has-post-thumbnail","hentry","category-egyeb","wpcat-1-id"],"_links":{"self":[{"href":"https:\/\/wofvideo.pro\/mostjott\/wp-json\/wp\/v2\/posts\/22","targetHints":{"allow":["GET"]}}],"collection":[{"href":"https:\/\/wofvideo.pro\/mostjott\/wp-json\/wp\/v2\/posts"}],"about":[{"href":"https:\/\/wofvideo.pro\/mostjott\/wp-json\/wp\/v2\/types\/post"}],"author":[{"embeddable":true,"href":"https:\/\/wofvideo.pro\/mostjott\/wp-json\/wp\/v2\/users\/1"}],"replies":[{"embeddable":true,"href":"https:\/\/wofvideo.pro\/mostjott\/wp-json\/wp\/v2\/comments?post=22"}],"version-history":[{"count":1,"href":"https:\/\/wofvideo.pro\/mostjott\/wp-json\/wp\/v2\/posts\/22\/revisions"}],"predecessor-version":[{"id":24,"href":"https:\/\/wofvideo.pro\/mostjott\/wp-json\/wp\/v2\/posts\/22\/revisions\/24"}],"wp:featuredmedia":[{"embeddable":true,"href":"https:\/\/wofvideo.pro\/mostjott\/wp-json\/wp\/v2\/media\/23"}],"wp:attachment":[{"href":"https:\/\/wofvideo.pro\/mostjott\/wp-json\/wp\/v2\/media?parent=22"}],"wp:term":[{"taxonomy":"category","embeddable":true,"href":"https:\/\/wofvideo.pro\/mostjott\/wp-json\/wp\/v2\/categories?post=22"},{"taxonomy":"post_tag","embeddable":true,"href":"https:\/\/wofvideo.pro\/mostjott\/wp-json\/wp\/v2\/tags?post=22"}],"curies":[{"name":"wp","href":"https:\/\/api.w.org\/{rel}","templated":true}]}}