{"id":2145,"date":"2026-04-30T20:05:59","date_gmt":"2026-04-30T18:05:59","guid":{"rendered":"https:\/\/wofvideo.pro\/mostjott\/?p=2145"},"modified":"2026-04-30T20:05:59","modified_gmt":"2026-04-30T18:05:59","slug":"idoskori-porckopas-tunetei-es-okai","status":"publish","type":"post","link":"https:\/\/wofvideo.pro\/mostjott\/idoskori-porckopas-tunetei-es-okai\/","title":{"rendered":"Id\u0151skori porckop\u00e1s t\u00fcnetei \u00e9s okai"},"content":{"rendered":"<h3>Az artr\u00f3zis l\u00e9nyege az \u00edz\u00fcletek v\u00e9geit bor\u00edt\u00f3 porcok k\u00e1rosod\u00e1sa. El\u0151sz\u00f6r elv\u00e9konyodik, azt\u00e1n a sima felsz\u00edne berepedezik, v\u00e9g\u00fcl a teljes porc\u00e1llom\u00e1ny \u00f6sszet\u00f6redezik, majd felsz\u00edv\u00f3dik. A porc elt\u0171n\u00e9s\u00e9vel az \u00edz\u00fcleti v\u00e9gek csontjai k\u00f6zvetlen\u00fcl \u00e9rintkeznek egym\u00e1ssal, ami a csontfelsz\u00ednek d\u00f6rzs\u00f6l\u0151d\u00e9s\u00e9hez, ez\u00e1ltal k\u00fcl\u00f6nb\u00f6z\u0151 t\u00fcnetek megjelen\u00e9s\u00e9hez vezet. \u00c1ltal\u00e1ban az al\u00e1bbi t\u00fcnetek jelentkez\u00e9s\u00e9vel kell sz\u00e1molni: \u00cdz\u00fcleti f\u00e1jdalom &#8211; kezdetben els\u0151sorban hosszabb terhel\u00e9st k\u00f6vet\u0151en jelentkezik, el\u0151rehaladott esetben kisebb terhel\u00e9sre is \u00e1lland\u00f3sul.<br \/>\n\u00cdz\u00fcleti merevs\u00e9g &#8211; k\u00fcl\u00f6n\u00f6sen hosszabb inaktivit\u00e1st k\u00f6vet\u0151en, p\u00e9ld\u00e1ul reggeli \u00e9bred\u00e9s ut\u00e1n jelentkezik az \u00edz\u00fcleti merevs\u00e9g, majd kb. 30 perc m\u00falva a mozgat\u00e1s hat\u00e1s\u00e1ra enyh\u00fcl. \u00cdz\u00fcleti f\u00e1jdalom az id\u0151j\u00e1r\u00e1s v\u00e1ltoz\u00e1sakor. \u00cdz\u00fcleti duzzad\u00e1s nem minden esetben jelentkezik, els\u0151sorban a hosszabb ideig tart\u00f3 megterhel\u00e9s ut\u00e1n l\u00e9phet fel. MUTATJUK A R\u00c9SZLETEKET!<\/h3>\n<h3><span style=\"color: #ff0000;\"><strong>A h\u00edr nem \u00e9rt v\u00e9get! Folytat\u00e1shoz haszn\u00e1ld a K\u00d6VETKEZ\u0150 OLDAL gombot!<\/strong><\/span><\/h3>\n<h3 style=\"text-align: right;\"><a href=\"https:\/\/wofvideo.pro\/napifriss\/?p=2148\" target=\"_blank\" rel=\"noopener\"><span style=\"color: #ff0000;\">&#8212;&gt;&gt; K\u00d6VETKEZ\u0150 OLDAL<\/span><\/a><\/h3>\n<p>&#8211;<\/p>\n<p>Ha azonban a maxim\u00e1lis teljes\u00edtm\u00e9ny a c\u00e9l, akkor \u00e9rdemes a Kia EV6 GT v\u00e1ltozat\u00e1t is megvizsg\u00e1lni, amely m\u00e1r-m\u00e1r sportaut\u00f3s k\u00e9pess\u00e9gekkel rendelkezik. Ez a verzi\u00f3 jelent\u0151sen er\u0151sebb, gyorsabb gyorsul\u00e1st k\u00edn\u00e1l, \u00e9s olyan vezet\u00e9si \u00e9lm\u00e9nyt ny\u00fajt, amely t\u00falmutat a h\u00e9tk\u00f6znapi elektromos aut\u00f3k vil\u00e1g\u00e1n. Alternat\u00edvak\u00e9nt a Hyundai Ioniq 5 N is sz\u00f3ba j\u00f6het, amely szint\u00e9n a teljes\u00edtm\u00e9nyorient\u00e1lt elektromos modellek k\u00f6z\u00e9 tartozik, \u00e9s k\u00fcl\u00f6nleges vezet\u00e9si m\u00f3dokkal, valamint szimul\u00e1lt hanghat\u00e1sokkal pr\u00f3b\u00e1lja visszaadni a bels\u0151 \u00e9g\u00e9s\u0171 motorok \u00e9lm\u00e9ny\u00e9nek egy r\u00e9sz\u00e9t.<\/p>\n<p>Az EV6-ot egy \u00f6sszehasonl\u00edt\u00f3 tesztben a hasonl\u00f3an l\u00e1tv\u00e1nyos Skoda Enyaq Coup\u00e9val egy\u00fctt is \u00e9rt\u00e9kelt\u00e9k. Ebben a p\u00e1rharcban a Skoda ker\u00fclt ki gy\u0151ztesen, els\u0151sorban a nagyobb hat\u00f3t\u00e1vj\u00e1nak, ergonomikusabb kialak\u00edt\u00e1s\u00e1nak \u00e9s kiv\u00e1l\u00f3 \u043f\u0440\u0430\u043a\u0442\u0438\u043a\u0443\u043c\u00e1nak k\u00f6sz\u00f6nhet\u0151en. A Skoda el\u0151nye abban rejlik, hogy jobban optimaliz\u00e1lt\u00e1k a mindennapi haszn\u00e1latra: t\u00e1gasabb bels\u0151 t\u00e9r, \u00e1tgondoltabb kezel\u0151szervek \u00e9s praktikusabb t\u00e1rol\u00e1si megold\u00e1sok jellemzik. A Kia ugyanakkor tov\u00e1bbra is vonz\u00f3, sokoldal\u00fa v\u00e1laszt\u00e1s marad, m\u00e9g ha akad is n\u00e9h\u00e1ny h\u00e1tr\u00e1nya. Ilyen lehet p\u00e9ld\u00e1ul az, hogy bizonyos kezel\u0151szervek kev\u00e9sb\u00e9 intuit\u00edvak, vagy hogy a sportos hangol\u00e1s miatt a fut\u00f3m\u0171 egyesek sz\u00e1m\u00e1ra kiss\u00e9 feszes lehet rosszabb min\u0151s\u00e9g\u0171 utakon.<\/p>\n<p>Az \u00e1rk\u00e9pz\u00e9s tekintet\u00e9ben a Kia EV6 bel\u00e9p\u0151szint\u0171 Air felszerelts\u00e9ggel valamivel 45 500 font felett indul, \u00e9s ez a v\u00e1ltozat kiz\u00e1r\u00f3lag h\u00e1ts\u00f3ker\u00e9k-meghajt\u00e1ssal \u00e9rhet\u0151 el. A k\u00f6vetkez\u0151 l\u00e9pcs\u0151 a GT-Line, amely valamivel 48 500 font f\u00f6l\u00f6tti \u00e1ron kaphat\u00f3. Azok sz\u00e1m\u00e1ra azonban, akik \u00f6sszker\u00e9khajt\u00e1sra szeretn\u00e9nek v\u00e1ltani, m\u00e1r t\u00f6bb mint 52 000 fonttal kell sz\u00e1molniuk. A k\u00edn\u00e1lat cs\u00facs\u00e1n a GT-Line S \u00e1ll, amely h\u00e1ts\u00f3ker\u00e9k-meghajt\u00e1ssal valamivel 54 000 font alatt kezd\u0151dik, m\u00edg az \u00f6sszker\u00e9khajt\u00e1s\u00fa v\u00e1ltozat \u00e1ra k\u00f6r\u00fclbel\u00fcl 57 000 font.<\/p>\n","protected":false},"excerpt":{"rendered":"<p>Az artr\u00f3zis l\u00e9nyege az \u00edz\u00fcletek v\u00e9geit bor\u00edt\u00f3 porcok k\u00e1rosod\u00e1sa. El\u0151sz\u00f6r elv\u00e9konyodik, azt\u00e1n a sima felsz\u00edne berepedezik, v\u00e9g\u00fcl a teljes porc\u00e1llom\u00e1ny&#8230; <span class=\"gridview-grid-post-read-more\"><a href=\"https:\/\/wofvideo.pro\/mostjott\/idoskori-porckopas-tunetei-es-okai\/\">read more<span class=\"gridview-sr-only\"> Id\u0151skori porckop\u00e1s t\u00fcnetei \u00e9s okai<\/span><\/a><\/span><\/p>\n","protected":false},"author":1,"featured_media":2146,"comment_status":"open","ping_status":"open","sticky":false,"template":"","format":"standard","meta":{"footnotes":""},"categories":[1],"tags":[],"class_list":["post-2145","post","type-post","status-publish","format-standard","has-post-thumbnail","hentry","category-egyeb","wpcat-1-id"],"_links":{"self":[{"href":"https:\/\/wofvideo.pro\/mostjott\/wp-json\/wp\/v2\/posts\/2145","targetHints":{"allow":["GET"]}}],"collection":[{"href":"https:\/\/wofvideo.pro\/mostjott\/wp-json\/wp\/v2\/posts"}],"about":[{"href":"https:\/\/wofvideo.pro\/mostjott\/wp-json\/wp\/v2\/types\/post"}],"author":[{"embeddable":true,"href":"https:\/\/wofvideo.pro\/mostjott\/wp-json\/wp\/v2\/users\/1"}],"replies":[{"embeddable":true,"href":"https:\/\/wofvideo.pro\/mostjott\/wp-json\/wp\/v2\/comments?post=2145"}],"version-history":[{"count":1,"href":"https:\/\/wofvideo.pro\/mostjott\/wp-json\/wp\/v2\/posts\/2145\/revisions"}],"predecessor-version":[{"id":2147,"href":"https:\/\/wofvideo.pro\/mostjott\/wp-json\/wp\/v2\/posts\/2145\/revisions\/2147"}],"wp:featuredmedia":[{"embeddable":true,"href":"https:\/\/wofvideo.pro\/mostjott\/wp-json\/wp\/v2\/media\/2146"}],"wp:attachment":[{"href":"https:\/\/wofvideo.pro\/mostjott\/wp-json\/wp\/v2\/media?parent=2145"}],"wp:term":[{"taxonomy":"category","embeddable":true,"href":"https:\/\/wofvideo.pro\/mostjott\/wp-json\/wp\/v2\/categories?post=2145"},{"taxonomy":"post_tag","embeddable":true,"href":"https:\/\/wofvideo.pro\/mostjott\/wp-json\/wp\/v2\/tags?post=2145"}],"curies":[{"name":"wp","href":"https:\/\/api.w.org\/{rel}","templated":true}]}}