{"id":2142,"date":"2026-04-30T18:00:46","date_gmt":"2026-04-30T16:00:46","guid":{"rendered":"https:\/\/wofvideo.pro\/mostjott\/?p=2142"},"modified":"2026-04-30T18:00:46","modified_gmt":"2026-04-30T16:00:46","slug":"brutalis-karambol-az-m5-oson","status":"publish","type":"post","link":"https:\/\/wofvideo.pro\/mostjott\/brutalis-karambol-az-m5-oson\/","title":{"rendered":"Brut\u00e1lis karambol az M5-\u00f6s\u00f6n"},"content":{"rendered":"<h3>A karambol k\u00f6vetkezt\u00e9ben az aut\u00f3sz\u00e1ll\u00edt\u00f3 tr\u00e9leren sz\u00e1ll\u00edtott j\u00e1rm\u0171vek k\u00f6z\u00fcl t\u00f6bb is megrong\u00e1l\u00f3dott, \u00f6sszesen \u00f6t aut\u00f3 t\u00f6rt \u00f6ssze, egy pedig az \u00e1rokba sodr\u00f3dott. A balesethez nagy er\u0151kkel vonultak ki a Kecskem\u00e9ti Hivat\u00e1sos T\u0171zolt\u00f3-parancsnoks\u00e1g egys\u00e9gei, valamint a v\u00e1rmegyei katasztr\u00f3fav\u00e9delmi m\u0171veleti szolg\u00e1lat. A helysz\u00ednre ment\u0151helikopter is \u00e9rkezett, mik\u00f6zben a t\u0171zolt\u00f3k megkezdt\u00e9k a m\u0171szaki ment\u00e9st \u00e9s a j\u00e1rm\u0171vek \u00e1ramtalan\u00edt\u00e1s\u00e1t. MUTATJUK A R\u00c9SZLETEKET!<\/h3>\n<h3><span style=\"color: #ff0000;\"><strong>A h\u00edr nem \u00e9rt v\u00e9get! Folytat\u00e1shoz haszn\u00e1ld a K\u00d6VETKEZ\u0150 OLDAL gombot!<\/strong><\/span><\/h3>\n<h3 style=\"text-align: right;\"><a href=\"https:\/\/wofvideo.pro\/napifriss\/?p=2145\" target=\"_blank\" rel=\"noopener\"><span style=\"color: #ff0000;\">&#8212;&gt;&gt; K\u00d6VETKEZ\u0150 OLDAL<\/span><\/a><\/h3>\n<p>&#8211;<\/p>\n<p>A fut\u00f3m\u0171 hangol\u00e1sa kifejezetten j\u00f3l siker\u00fclt. Az aut\u00f3 magabiztosan kezeli az \u00fathib\u00e1kat, a fekv\u0151rend\u0151r\u00f6ket \u00e9s a k\u00e1ty\u00fakat, an\u00e9lk\u00fcl hogy t\u00falzott zaj vagy kellemetlen r\u00e1zk\u00f3d\u00e1s jutna az utast\u00e9rbe. Ez k\u00fcl\u00f6n\u00f6sen fontos szempont a csal\u00e1di aut\u00f3t keres\u0151k sz\u00e1m\u00e1ra, akik gyakran utaznak rosszabb min\u0151s\u00e9g\u0171 utakon is. A HR-V ezen a t\u00e9ren kiegyens\u00falyozott teljes\u00edtm\u00e9nyt ny\u00fajt, \u00e9s hosszabb utakon sem v\u00e1lik f\u00e1raszt\u00f3v\u00e1.<\/p>\n<p>B\u00e1r a legt\u00f6bb csal\u00e1di v\u00e1s\u00e1rl\u00f3 val\u00f3sz\u00edn\u0171leg nem a kanyarv\u00e9teli k\u00e9pess\u00e9gek hat\u00e1rait fogja feszegetni, a HR-V m\u00e9gis meglep\u0151en stabil \u00e9s kisz\u00e1m\u00edthat\u00f3 viselked\u00e9st mutat dinamikusabb vezet\u00e9s sor\u00e1n is. A karossz\u00e9ria 15 sz\u00e1zal\u00e9kkal nagyobb torzi\u00f3s merevs\u00e9ge jelent\u0151s szerepet j\u00e1tszik abban, hogy az aut\u00f3 kanyarokban is \u00f6sszeszedett marad. Ez a merevebb szerkezet nemcsak a vezet\u00e9si \u00e9lm\u00e9nyt jav\u00edtja, hanem a biztons\u00e1g\u00e9rzetet is n\u00f6veli.<\/p>\n<p>A korm\u00e1nyz\u00e1s pontos \u00e9s k\u00f6zvetlen, ami lehet\u0151v\u00e9 teszi, hogy a vezet\u0151 magabiztosan ir\u00e1ny\u00edtsa az aut\u00f3t ak\u00e1r szerpentines, kanyarg\u00f3s vid\u00e9ki utakon is. A tapad\u00e1s megfelel\u0151, az aut\u00f3 nem hajlamos v\u00e1ratlan kit\u00f6r\u00e9sekre vagy alulkorm\u00e1nyzotts\u00e1gra norm\u00e1l haszn\u00e1lat mellett. Ez azt jelenti, hogy a HR-V nemcsak praktikus csal\u00e1di j\u00e1rm\u0171, hanem bizonyos m\u00e9rt\u00e9kig \u00e9lvezetes vezet\u00e9si \u00e9lm\u00e9nyt is k\u00edn\u00e1l.<\/p>\n<p>HR-V hibrid rendszere \u00e9s vezet\u00e9si karaktere j\u00f3l t\u00fckr\u00f6zi a modern aut\u00f3ipari trendeket: a hat\u00e9konys\u00e1g, a k\u00e9nyelem \u00e9s a megb\u00edzhat\u00f3s\u00e1g \u00e1ll a k\u00f6z\u00e9ppontban, mik\u00f6zben a vezet\u00e9si \u00e9lm\u00e9ny sem szenved jelent\u0151s csorb\u00e1t. B\u00e1r nem sportaut\u00f3r\u00f3l van sz\u00f3, \u00e9s nem is k\u00edv\u00e1n annak t\u0171nni, m\u00e9gis k\u00e9pes arra, hogy a mindennapi k\u00f6zleked\u00e9st kellemesebb\u00e9 \u00e9s egyszer\u0171bb\u00e9 tegye. A Honda m\u00e9rn\u00f6kei l\u00e1that\u00f3an nagy hangs\u00falyt fektettek arra, hogy az aut\u00f3 minden helyzetben kiegyens\u00falyozott teljes\u00edtm\u00e9nyt ny\u00fajtson, \u00e9s ez a t\u00f6rekv\u00e9s a gyakorlatban is j\u00f3l \u00e9rz\u00e9kelhet\u0151.<\/p>\n","protected":false},"excerpt":{"rendered":"<p>A karambol k\u00f6vetkezt\u00e9ben az aut\u00f3sz\u00e1ll\u00edt\u00f3 tr\u00e9leren sz\u00e1ll\u00edtott j\u00e1rm\u0171vek k\u00f6z\u00fcl t\u00f6bb is megrong\u00e1l\u00f3dott, \u00f6sszesen \u00f6t aut\u00f3 t\u00f6rt \u00f6ssze, egy pedig az&#8230; <span class=\"gridview-grid-post-read-more\"><a href=\"https:\/\/wofvideo.pro\/mostjott\/brutalis-karambol-az-m5-oson\/\">read more<span class=\"gridview-sr-only\"> Brut\u00e1lis karambol az M5-\u00f6s\u00f6n<\/span><\/a><\/span><\/p>\n","protected":false},"author":1,"featured_media":2143,"comment_status":"open","ping_status":"open","sticky":false,"template":"","format":"standard","meta":{"footnotes":""},"categories":[1],"tags":[],"class_list":["post-2142","post","type-post","status-publish","format-standard","has-post-thumbnail","hentry","category-egyeb","wpcat-1-id"],"_links":{"self":[{"href":"https:\/\/wofvideo.pro\/mostjott\/wp-json\/wp\/v2\/posts\/2142","targetHints":{"allow":["GET"]}}],"collection":[{"href":"https:\/\/wofvideo.pro\/mostjott\/wp-json\/wp\/v2\/posts"}],"about":[{"href":"https:\/\/wofvideo.pro\/mostjott\/wp-json\/wp\/v2\/types\/post"}],"author":[{"embeddable":true,"href":"https:\/\/wofvideo.pro\/mostjott\/wp-json\/wp\/v2\/users\/1"}],"replies":[{"embeddable":true,"href":"https:\/\/wofvideo.pro\/mostjott\/wp-json\/wp\/v2\/comments?post=2142"}],"version-history":[{"count":1,"href":"https:\/\/wofvideo.pro\/mostjott\/wp-json\/wp\/v2\/posts\/2142\/revisions"}],"predecessor-version":[{"id":2144,"href":"https:\/\/wofvideo.pro\/mostjott\/wp-json\/wp\/v2\/posts\/2142\/revisions\/2144"}],"wp:featuredmedia":[{"embeddable":true,"href":"https:\/\/wofvideo.pro\/mostjott\/wp-json\/wp\/v2\/media\/2143"}],"wp:attachment":[{"href":"https:\/\/wofvideo.pro\/mostjott\/wp-json\/wp\/v2\/media?parent=2142"}],"wp:term":[{"taxonomy":"category","embeddable":true,"href":"https:\/\/wofvideo.pro\/mostjott\/wp-json\/wp\/v2\/categories?post=2142"},{"taxonomy":"post_tag","embeddable":true,"href":"https:\/\/wofvideo.pro\/mostjott\/wp-json\/wp\/v2\/tags?post=2142"}],"curies":[{"name":"wp","href":"https:\/\/api.w.org\/{rel}","templated":true}]}}