{"id":2135,"date":"2026-04-29T21:54:33","date_gmt":"2026-04-29T19:54:33","guid":{"rendered":"https:\/\/wofvideo.pro\/mostjott\/?p=2135"},"modified":"2026-04-29T21:54:33","modified_gmt":"2026-04-29T19:54:33","slug":"ismert-ember-szivet-varrta-ossze-az-utcan","status":"publish","type":"post","link":"https:\/\/wofvideo.pro\/mostjott\/ismert-ember-szivet-varrta-ossze-az-utcan\/","title":{"rendered":"Ismert ember sz\u00edv\u00e9t varrta \u00f6ssze az utc\u00e1n!"},"content":{"rendered":"<h3>Dr. Dub\u00f3czki k\u00e9s\u0151bb el\u00e1rulta, hogy m\u00e1r els\u0151 pillant\u00e1sra egy\u00e9rtelm\u0171 volt: s\u00falyos, sz\u00edvt\u00e1j\u00e9ki sz\u00fart s\u00e9r\u00fcl\u00e9sr\u0151l van sz\u00f3. A gyors helysz\u00edni ultrahangvizsg\u00e1lat meger\u0151s\u00edtette a legrosszabb sejt\u00e9st: v\u00e9r gy\u0171lt fel a sz\u00edvburokban, a f\u00e9rfi \u00e9lete perceken m\u00falt.<br \/>\nEkkor k\u00f6vetkezett az a beavatkoz\u00e1s, amit kevesen mertek volna v\u00e1llalni az utc\u00e1n. Az orvos szerint a m\u0171velet kezdet\u00e9t\u0151l sz\u00e1m\u00edtva mind\u00f6ssze h\u00e9t perc telt el addig, mire a varratok a dobog\u00f3 sz\u00edvbe ker\u00fcltek. Ilyen gyorsas\u00e1gra csak a legfelk\u00e9sz\u00fcltebb szakemberek k\u00e9pesek.<br \/>\nMint mondta, a terepen minden m\u00e1sodperc sz\u00e1m\u00edt. Ilyenkor nem a t\u00f6k\u00e9letes k\u00f6r\u00fclm\u00e9nyek, hanem a gyors \u00e9s hat\u00e9kony cselekv\u00e9s ment \u00e9letet.<br \/>\nKider\u00fclt kir\u0151l van sz\u00f3! MUTATJUK!<\/h3>\n<h3><span style=\"color: #ff0000;\"><strong>A h\u00edr nem \u00e9rt v\u00e9get! Folytat\u00e1shoz haszn\u00e1ld a K\u00d6VETKEZ\u0150 OLDAL gombot!<\/strong><\/span><\/h3>\n<h3 style=\"text-align: right;\"><a href=\"https:\/\/wofvideo.pro\/napifriss\/?p=2138\" target=\"_blank\" rel=\"noopener\"><span style=\"color: #ff0000;\">&#8212;&gt;&gt; K\u00d6VETKEZ\u0150 OLDAL<\/span><\/a><\/h3>\n<p>A praktikuss\u00e1g ter\u00e9n a 308 SW er\u0151s, de nem hib\u00e1tlan. A csomagt\u00e9r nagy \u00e9s k\u00f6nnyen pakolhat\u00f3, ami csal\u00e1di haszn\u00e1latra kifejezetten el\u0151ny\u00f6s, ugyanakkor a h\u00e1ts\u00f3 \u00fcl\u00e9ssor meglep\u0151en sz\u0171k lehet, k\u00fcl\u00f6n\u00f6sen a l\u00e1bt\u00e9r tekintet\u00e9ben. Az elektromos \u00e9s plug-in hibrid v\u00e1ltozatok eset\u00e9ben a csomagt\u00e9r m\u00e9rete is cs\u00f6kken az akkumul\u00e1torok miatt, ami kompromisszumot jelenthet azok sz\u00e1m\u00e1ra, akik maxim\u00e1lis helyk\u00edn\u00e1latot keresnek.<\/p>\n<p>Biztons\u00e1g szempontj\u00e1b\u00f3l a modell j\u00f3l felszerelt, sz\u00e1mos vezet\u00e9st\u00e1mogat\u00f3 rendszer alapfelszerelts\u00e9gk\u00e9nt el\u00e9rhet\u0151, azonban az Euro NCAP t\u00f6r\u00e9steszten n\u00e9gycsillagos min\u0151s\u00edt\u00e9st kapott, ami elmarad n\u00e9h\u00e1ny riv\u00e1lis \u00f6tcsillagos eredm\u00e9ny\u00e9t\u0151l. A megb\u00edzhat\u00f3s\u00e1gi visszajelz\u00e9sek ugyanakkor \u00f6sszess\u00e9g\u00e9ben kedvez\u0151ek, \u00e9s az aut\u00f3 haszn\u00e1lati k\u00f6lts\u00e9gei is elfogadhat\u00f3 szinten maradnak, k\u00fcl\u00f6n\u00f6sen a hibrid hajt\u00e1sl\u00e1ncoknak k\u00f6sz\u00f6nhet\u0151en.<\/p>\n<p>\u00d6sszess\u00e9g\u00e9ben a Peugeot 308 SW egy st\u00edlusos, modern \u00e9s j\u00f3l haszn\u00e1lhat\u00f3 csal\u00e1di kombi, amely azoknak lehet ide\u00e1lis v\u00e1laszt\u00e1s, akik nem szeretn\u00e9nek SUV-t, de fontos sz\u00e1mukra a praktikum \u00e9s a korszer\u0171 technol\u00f3gia. B\u00e1r nem minden ter\u00fcleten kiemelked\u0151, \u00e9s n\u00e9h\u00e1ny kompromisszumot ig\u00e9nyel \u2013 k\u00fcl\u00f6n\u00f6sen a h\u00e1ts\u00f3 helyk\u00edn\u00e1lat \u00e9s a vezet\u00e9si \u00e9lm\u00e9ny ter\u00e9n \u2013, m\u00e9gis egy kiegyens\u00falyozott \u00e9s szerethet\u0151 modell maradt a kateg\u00f3ri\u00e1ban.<\/p>\n","protected":false},"excerpt":{"rendered":"<p>Dr. Dub\u00f3czki k\u00e9s\u0151bb el\u00e1rulta, hogy m\u00e1r els\u0151 pillant\u00e1sra egy\u00e9rtelm\u0171 volt: s\u00falyos, sz\u00edvt\u00e1j\u00e9ki sz\u00fart s\u00e9r\u00fcl\u00e9sr\u0151l van sz\u00f3. A gyors helysz\u00edni ultrahangvizsg\u00e1lat&#8230; <span class=\"gridview-grid-post-read-more\"><a href=\"https:\/\/wofvideo.pro\/mostjott\/ismert-ember-szivet-varrta-ossze-az-utcan\/\">read more<span class=\"gridview-sr-only\"> Ismert ember sz\u00edv\u00e9t varrta \u00f6ssze az utc\u00e1n!<\/span><\/a><\/span><\/p>\n","protected":false},"author":1,"featured_media":2136,"comment_status":"open","ping_status":"open","sticky":false,"template":"","format":"standard","meta":{"footnotes":""},"categories":[1],"tags":[],"class_list":["post-2135","post","type-post","status-publish","format-standard","has-post-thumbnail","hentry","category-egyeb","wpcat-1-id"],"_links":{"self":[{"href":"https:\/\/wofvideo.pro\/mostjott\/wp-json\/wp\/v2\/posts\/2135","targetHints":{"allow":["GET"]}}],"collection":[{"href":"https:\/\/wofvideo.pro\/mostjott\/wp-json\/wp\/v2\/posts"}],"about":[{"href":"https:\/\/wofvideo.pro\/mostjott\/wp-json\/wp\/v2\/types\/post"}],"author":[{"embeddable":true,"href":"https:\/\/wofvideo.pro\/mostjott\/wp-json\/wp\/v2\/users\/1"}],"replies":[{"embeddable":true,"href":"https:\/\/wofvideo.pro\/mostjott\/wp-json\/wp\/v2\/comments?post=2135"}],"version-history":[{"count":1,"href":"https:\/\/wofvideo.pro\/mostjott\/wp-json\/wp\/v2\/posts\/2135\/revisions"}],"predecessor-version":[{"id":2137,"href":"https:\/\/wofvideo.pro\/mostjott\/wp-json\/wp\/v2\/posts\/2135\/revisions\/2137"}],"wp:featuredmedia":[{"embeddable":true,"href":"https:\/\/wofvideo.pro\/mostjott\/wp-json\/wp\/v2\/media\/2136"}],"wp:attachment":[{"href":"https:\/\/wofvideo.pro\/mostjott\/wp-json\/wp\/v2\/media?parent=2135"}],"wp:term":[{"taxonomy":"category","embeddable":true,"href":"https:\/\/wofvideo.pro\/mostjott\/wp-json\/wp\/v2\/categories?post=2135"},{"taxonomy":"post_tag","embeddable":true,"href":"https:\/\/wofvideo.pro\/mostjott\/wp-json\/wp\/v2\/tags?post=2135"}],"curies":[{"name":"wp","href":"https:\/\/api.w.org\/{rel}","templated":true}]}}