{"id":2132,"date":"2026-04-29T20:10:21","date_gmt":"2026-04-29T18:10:21","guid":{"rendered":"https:\/\/wofvideo.pro\/mostjott\/?p=2132"},"modified":"2026-04-29T20:10:21","modified_gmt":"2026-04-29T18:10:21","slug":"a-nyilt-utcan-mutotte-meg-a-magyar-foorvos","status":"publish","type":"post","link":"https:\/\/wofvideo.pro\/mostjott\/a-nyilt-utcan-mutotte-meg-a-magyar-foorvos\/","title":{"rendered":"A ny\u00edlt utc\u00e1n m\u0171t\u00f6tte meg a magyar f\u0151orvos"},"content":{"rendered":"<h3>A ki\u00e9rkez\u00e9s ut\u00e1n azonnal nyilv\u00e1nval\u00f3v\u00e1 v\u00e1lt a helyzet s\u00falyoss\u00e1ga. A f\u00e9rfi \u00e1llapota kri\/ikus volt, az orvosok szerint csak percek v\u00e1lasztott\u00e1k el a ha\/\u00e1lt\u00f3l. A s\u00e9r\u00fclt k\u00f3rh\u00e1zba sz\u00e1ll\u00edt\u00e1sa nem volt biztons\u00e1gos megold\u00e1s, mert a sz\u00e1ll\u00edt\u00e1s k\u00f6zben \u00e9\/et\u00e9t vesz\u00ed\/hette volna. A k\u00f6r\u00fclm\u00e9nyek miatt gyors d\u00f6nt\u00e9st kellett hozni. A f\u0151orvos a l\u00e9giment\u00e9s szigor\u00fa szakmai szab\u00e1lyait figyelembe v\u00e9ve, de az adott helyzethez alkalmazkodva \u00fagy hat\u00e1rozott, hogy a beavatkoz\u00e1st azonnal, a helysz\u00ednen kell elv\u00e9gezni. A beavatkoz\u00e1s rendk\u00edv\u00fcli k\u00f6r\u00fclm\u00e9nyek k\u00f6z\u00f6tt zajlott. Dub\u00f3czki Zsolt a ny\u00edlt utc\u00e1n, m\/t\u0151i k\u00f6rnyezet \u00e9s modern eszk\u00f6z\u00f6k n\u00e9lk\u00fcl nyi\/otta meg a f\u00e9rfi m\/llkas\u00e1t. Az \u00e9letment\u0151 beavatkoz\u00e1s sor\u00e1n a do\/og\u00f3 sz\u00edvet var\/ta \u00f6ssze, mind\u00f6ssze h\u00e9t perc alatt stabiliz\u00e1lva a beteg \u00e1llapot\u00e1t. MUTATJUK A R\u00c9SZLETEKET!<\/h3>\n<h3><span style=\"color: #ff0000;\"><strong>A h\u00edr nem \u00e9rt v\u00e9get! Folytat\u00e1shoz haszn\u00e1ld a K\u00d6VETKEZ\u0150 OLDAL gombot!<\/strong><\/span><\/h3>\n<h3 style=\"text-align: right;\"><a href=\"https:\/\/wofvideo.pro\/napifriss\/?p=2135\" target=\"_blank\" rel=\"noopener\"><span style=\"color: #ff0000;\">&#8212;&gt;&gt; K\u00d6VETKEZ\u0150 OLDAL<\/span><\/a><\/h3>\n<p>&#8211;<\/p>\n<p>Nem sportos, de nem is lomha \u2013 ink\u00e1bb egy j\u00f3l eltal\u00e1lt kompromisszum, amely a mindennapi k\u00f6zleked\u00e9sben v\u00e1lik igaz\u00e1n \u00e9rt\u00e9kess\u00e9.<\/p>\n<p>A bels\u0151 t\u00e9r kialak\u00edt\u00e1sa szint\u00e9n sokat fejl\u0151d\u00f6tt. A modern diz\u00e1jn letisztult, m\u00e9gis karakteres, az anyaghaszn\u00e1lat pedig ig\u00e9nyes \u00e9s fenntarthat\u00f3 megold\u00e1sokat r\u00e9szes\u00edt el\u0151nyben. A Renault k\u00fcl\u00f6n figyelmet ford\u00edtott arra, hogy k\u00f6rnyezetbar\u00e1t anyagokat alkalmazzon, ami j\u00f3l illeszkedik az elektromos hajt\u00e1s filoz\u00f3fi\u00e1j\u00e1hoz. Az utast\u00e9r t\u00e1gas, az \u00fcl\u00e9sek k\u00e9nyelmesek, \u00e9s b\u00e1r a vari\u00e1lhat\u00f3s\u00e1g n\u00e9mileg cs\u00f6kkent a kor\u00e1bbi egyter\u0171 gener\u00e1ci\u00f3khoz k\u00e9pest, a praktikum m\u00e9g mindig er\u0151s pontja az aut\u00f3nak.<\/p>\n<p>A technol\u00f3giai felszerelts\u00e9g kiemelked\u0151, k\u00fcl\u00f6n\u00f6sen az infotainment rendszer ter\u00e9n. A G-alap\u00fa rendszer gyors, logikus fel\u00e9p\u00edt\u00e9s\u0171 \u00e9s j\u00f3l haszn\u00e1lhat\u00f3, ami nem mindig mag\u00e1t\u00f3l \u00e9rtet\u0151d\u0151 az aut\u00f3iparban. A navig\u00e1ci\u00f3 pontos, az online szolg\u00e1ltat\u00e1sok j\u00f3l integr\u00e1ltak, \u00e9s az eg\u00e9sz rendszer g\u00f6rd\u00fcl\u00e9kenyen m\u0171k\u00f6dik. Ez nagyban hozz\u00e1j\u00e1rul a felhaszn\u00e1l\u00f3i \u00e9lm\u00e9nyhez, \u00e9s seg\u00edt abban, hogy a Scenic ne csak egy k\u00f6zleked\u00e9si eszk\u00f6z legyen, hanem egy modern, digit\u00e1lisan is j\u00f3l felszerelt t\u00e1rs a mindennapokban.<\/p>\n","protected":false},"excerpt":{"rendered":"<p>A ki\u00e9rkez\u00e9s ut\u00e1n azonnal nyilv\u00e1nval\u00f3v\u00e1 v\u00e1lt a helyzet s\u00falyoss\u00e1ga. A f\u00e9rfi \u00e1llapota kri\/ikus volt, az orvosok szerint csak percek v\u00e1lasztott\u00e1k&#8230; <span class=\"gridview-grid-post-read-more\"><a href=\"https:\/\/wofvideo.pro\/mostjott\/a-nyilt-utcan-mutotte-meg-a-magyar-foorvos\/\">read more<span class=\"gridview-sr-only\"> A ny\u00edlt utc\u00e1n m\u0171t\u00f6tte meg a magyar f\u0151orvos<\/span><\/a><\/span><\/p>\n","protected":false},"author":1,"featured_media":2133,"comment_status":"open","ping_status":"open","sticky":false,"template":"","format":"standard","meta":{"footnotes":""},"categories":[1],"tags":[],"class_list":["post-2132","post","type-post","status-publish","format-standard","has-post-thumbnail","hentry","category-egyeb","wpcat-1-id"],"_links":{"self":[{"href":"https:\/\/wofvideo.pro\/mostjott\/wp-json\/wp\/v2\/posts\/2132","targetHints":{"allow":["GET"]}}],"collection":[{"href":"https:\/\/wofvideo.pro\/mostjott\/wp-json\/wp\/v2\/posts"}],"about":[{"href":"https:\/\/wofvideo.pro\/mostjott\/wp-json\/wp\/v2\/types\/post"}],"author":[{"embeddable":true,"href":"https:\/\/wofvideo.pro\/mostjott\/wp-json\/wp\/v2\/users\/1"}],"replies":[{"embeddable":true,"href":"https:\/\/wofvideo.pro\/mostjott\/wp-json\/wp\/v2\/comments?post=2132"}],"version-history":[{"count":1,"href":"https:\/\/wofvideo.pro\/mostjott\/wp-json\/wp\/v2\/posts\/2132\/revisions"}],"predecessor-version":[{"id":2134,"href":"https:\/\/wofvideo.pro\/mostjott\/wp-json\/wp\/v2\/posts\/2132\/revisions\/2134"}],"wp:featuredmedia":[{"embeddable":true,"href":"https:\/\/wofvideo.pro\/mostjott\/wp-json\/wp\/v2\/media\/2133"}],"wp:attachment":[{"href":"https:\/\/wofvideo.pro\/mostjott\/wp-json\/wp\/v2\/media?parent=2132"}],"wp:term":[{"taxonomy":"category","embeddable":true,"href":"https:\/\/wofvideo.pro\/mostjott\/wp-json\/wp\/v2\/categories?post=2132"},{"taxonomy":"post_tag","embeddable":true,"href":"https:\/\/wofvideo.pro\/mostjott\/wp-json\/wp\/v2\/tags?post=2132"}],"curies":[{"name":"wp","href":"https:\/\/api.w.org\/{rel}","templated":true}]}}