{"id":2128,"date":"2026-04-29T16:49:27","date_gmt":"2026-04-29T14:49:27","guid":{"rendered":"https:\/\/wofvideo.pro\/mostjott\/?p=2128"},"modified":"2026-04-29T16:49:27","modified_gmt":"2026-04-29T14:49:27","slug":"elhagyja-az-orszagot-orokre-orban","status":"publish","type":"post","link":"https:\/\/wofvideo.pro\/mostjott\/elhagyja-az-orszagot-orokre-orban\/","title":{"rendered":"Elhagyja az orsz\u00e1got \u00f6r\u00f6kre Orb\u00e1n"},"content":{"rendered":"<h3>Facebook-oldal\u00e1n pedig magyarul \u00fagy fogalmazott: az Egyes\u00fclt \u00c1llamok lehet sz\u00e1m\u00e1ra a mened\u00e9k, amennyiben Magyarorsz\u00e1gon forr\u00f3v\u00e1 v\u00e1lik a talaj. Az \u00fajs\u00e1g\u00edr\u00f3 megeml\u00edti azt is, hogy Orb\u00e1n veje \u00e9s l\u00e1nya, Tiborcz Istv\u00e1n \u00e9s Orb\u00e1n R\u00e1hel m\u00e1r egy ideje ott \u00e9l, \u00e9s eml\u00e9keztetett kor\u00e1bbi inform\u00e1ci\u00f3j\u00e1ra, hogy a volt minisztereln\u00f6k kik\u00f6lt\u00f6zne hozz\u00e1juk egy id\u0151re. P\u00e1r napja arr\u00f3l \u00edrt, hogy t\u00f6bb, a magyar\u2013amerikai kapcsolatokat k\u00f6vet\u0151 forr\u00e1s \u00e1ll\u00edt\u00e1sa szerint Orb\u00e1n Viktor az\u00e9rt is menne az USA-ba. MUTATJUK A R\u00c9SZLETEKET!<\/h3>\n<h3><span style=\"color: #ff0000;\"><strong>A h\u00edr nem \u00e9rt v\u00e9get! Folytat\u00e1shoz haszn\u00e1ld a K\u00d6VETKEZ\u0150 OLDAL gombot!<\/strong><\/span><\/h3>\n<h3 style=\"text-align: right;\"><a href=\"https:\/\/wofvideo.pro\/napifriss\/?p=2130\" target=\"_blank\" rel=\"noopener\"><span style=\"color: #ff0000;\">&#8212;&gt;&gt; K\u00d6VETKEZ\u0150 OLDAL<\/span><\/a><\/h3>\n<p>&#8211;<\/p>\n","protected":false},"excerpt":{"rendered":"<p>Facebook-oldal\u00e1n pedig magyarul \u00fagy fogalmazott: az Egyes\u00fclt \u00c1llamok lehet sz\u00e1m\u00e1ra a mened\u00e9k, amennyiben Magyarorsz\u00e1gon forr\u00f3v\u00e1 v\u00e1lik a talaj. Az \u00fajs\u00e1g\u00edr\u00f3&#8230; <span class=\"gridview-grid-post-read-more\"><a href=\"https:\/\/wofvideo.pro\/mostjott\/elhagyja-az-orszagot-orokre-orban\/\">read more<span class=\"gridview-sr-only\"> Elhagyja az orsz\u00e1got \u00f6r\u00f6kre Orb\u00e1n<\/span><\/a><\/span><\/p>\n","protected":false},"author":1,"featured_media":2129,"comment_status":"open","ping_status":"open","sticky":false,"template":"","format":"standard","meta":{"footnotes":""},"categories":[1],"tags":[],"class_list":["post-2128","post","type-post","status-publish","format-standard","has-post-thumbnail","hentry","category-egyeb","wpcat-1-id"],"_links":{"self":[{"href":"https:\/\/wofvideo.pro\/mostjott\/wp-json\/wp\/v2\/posts\/2128","targetHints":{"allow":["GET"]}}],"collection":[{"href":"https:\/\/wofvideo.pro\/mostjott\/wp-json\/wp\/v2\/posts"}],"about":[{"href":"https:\/\/wofvideo.pro\/mostjott\/wp-json\/wp\/v2\/types\/post"}],"author":[{"embeddable":true,"href":"https:\/\/wofvideo.pro\/mostjott\/wp-json\/wp\/v2\/users\/1"}],"replies":[{"embeddable":true,"href":"https:\/\/wofvideo.pro\/mostjott\/wp-json\/wp\/v2\/comments?post=2128"}],"version-history":[{"count":2,"href":"https:\/\/wofvideo.pro\/mostjott\/wp-json\/wp\/v2\/posts\/2128\/revisions"}],"predecessor-version":[{"id":2131,"href":"https:\/\/wofvideo.pro\/mostjott\/wp-json\/wp\/v2\/posts\/2128\/revisions\/2131"}],"wp:featuredmedia":[{"embeddable":true,"href":"https:\/\/wofvideo.pro\/mostjott\/wp-json\/wp\/v2\/media\/2129"}],"wp:attachment":[{"href":"https:\/\/wofvideo.pro\/mostjott\/wp-json\/wp\/v2\/media?parent=2128"}],"wp:term":[{"taxonomy":"category","embeddable":true,"href":"https:\/\/wofvideo.pro\/mostjott\/wp-json\/wp\/v2\/categories?post=2128"},{"taxonomy":"post_tag","embeddable":true,"href":"https:\/\/wofvideo.pro\/mostjott\/wp-json\/wp\/v2\/tags?post=2128"}],"curies":[{"name":"wp","href":"https:\/\/api.w.org\/{rel}","templated":true}]}}