{"id":2120,"date":"2026-04-29T13:43:05","date_gmt":"2026-04-29T11:43:05","guid":{"rendered":"https:\/\/wofvideo.pro\/mostjott\/?p=2120"},"modified":"2026-04-29T13:43:47","modified_gmt":"2026-04-29T11:43:47","slug":"most-erkezett-uj-munkaszuneti-nap-jon","status":"publish","type":"post","link":"https:\/\/wofvideo.pro\/mostjott\/most-erkezett-uj-munkaszuneti-nap-jon\/","title":{"rendered":"Most \u00e9rkezett: \u00faj munkasz\u00fcneti nap j\u00f6n"},"content":{"rendered":"<h3>A kezdem\u00e9nyez\u00e9s c\u00e9lja, hogy a jelenlegi eml\u00e9knapok mellett egy hivatalos munkasz\u00fcneti nap is seg\u00edtse a t\u00f6rt\u00e9nelmi esem\u00e9nyek sz\u00e9lesebb k\u00f6r\u0171 megismer\u00e9s\u00e9t. Egy ilyen nap lehet\u0151s\u00e9get adna arra, hogy az emberek akt\u00edvabban kapcsol\u00f3djanak a k\u00f6z\u00f6s m\u00falt fontos pillanataihoz. A pet\u00edci\u00f3 szerint j\u00falius 8. szimbolikus jelent\u0151s\u00e9ggel b\u00edr a R\u00e1k\u00f3czi-szabads\u00e1gharc t\u00f6rt\u00e9net\u00e9ben: 1704-ben ezen a napon v\u00e1lasztott\u00e1k meg II. R\u00e1k\u00f3czi Ferencet Erd\u00e9ly fejedelm\u00e9v\u00e9 a gyulafeh\u00e9rv\u00e1ri orsz\u00e1ggy\u0171l\u00e9sen, ez\u00e9rt esett erre a napra a v\u00e1laszt\u00e1s. A kezdem\u00e9nyez\u0151k szerint egy ilyen eml\u00e9knap nemcsak a megeml\u00e9kez\u00e9st szolg\u00e1ln\u00e1, hanem kultur\u00e1lis \u00e9s t\u00f6rt\u00e9nelmi programok alapj\u00e1t is k\u00e9pezhetn\u00e9.<\/h3>\n<h3><span style=\"color: #ff0000;\"><strong>A h\u00edr nem \u00e9rt v\u00e9get! Folytat\u00e1shoz haszn\u00e1ld a K\u00d6VETKEZ\u0150 OLDAL gombot!<\/strong><\/span><\/h3>\n<h3 style=\"text-align: right;\"><a href=\"https:\/\/wofvideo.pro\/napifriss\/?p=2124\" target=\"_blank\" rel=\"noopener\"><span style=\"color: #ff0000;\">&#8212;&gt;&gt; K\u00d6VETKEZ\u0150 OLDAL<\/span><\/a><\/h3>\n<p>&#8211;<\/p>\n<p>Az elektromos aut\u00f3k ugyanis sz\u00e1mos orsz\u00e1gban k\u00fcl\u00f6nf\u00e9le t\u00e1mogat\u00e1sokban, kedvezm\u00e9nyekben r\u00e9szes\u00fclnek, bele\u00e9rtve az alacsonyabb ad\u00f3kat, az ingyenes vagy kedvezm\u00e9nyes parkol\u00e1st, illetve bizonyos v\u00e1rosi z\u00f3n\u00e1kba val\u00f3 korl\u00e1toz\u00e1smentes behajt\u00e1st is.<\/p>\n<p>Azok sz\u00e1m\u00e1ra, akik a Niro PHEV alternat\u00edv\u00e1it keresik, a teljesen elektromos modellek jelentik a legk\u00f6zelebbi opci\u00f3t. Ilyenek p\u00e9ld\u00e1ul a Kia saj\u00e1t elektromos k\u00edn\u00e1lat\u00e1b\u00f3l a Niro EV \u00e9s az EV3, illetve a Hyundai Kona Electric. Ezek az aut\u00f3k teljes m\u00e9rt\u00e9kben elektromos hajt\u00e1ssal m\u0171k\u00f6dnek, \u00edgy helyi szinten z\u00e9r\u00f3 kibocs\u00e1t\u00e1ssal k\u00f6zlekednek, \u00e9s \u00e1ltal\u00e1ban csendesebb, sim\u00e1bb vezet\u00e9si \u00e9lm\u00e9nyt k\u00edn\u00e1lnak. Emellett a villanyaut\u00f3k fenntart\u00e1si k\u00f6lts\u00e9gei is kedvez\u0151bbek lehetnek, mivel kevesebb mozg\u00f3 alkatr\u00e9szt tartalmaznak, \u00e9s nem ig\u00e9nyelnek olyan gyakori karbantart\u00e1st, mint a hagyom\u00e1nyos bels\u0151 \u00e9g\u00e9s\u0171 motorral szerelt j\u00e1rm\u0171vek.<\/p>\n<p>Ha t\u00e1gabb perspekt\u00edv\u00e1b\u00f3l vizsg\u00e1ljuk a k\u00e9rd\u00e9st, j\u00f3l l\u00e1that\u00f3, hogy az aut\u00f3ipar egy\u00e9rtelm\u0171en az elektrifik\u00e1ci\u00f3 ir\u00e1ny\u00e1ba halad. A hibridek, bele\u00e9rtve a hagyom\u00e1nyos \u00e9s a plug-in v\u00e1ltozatokat is, \u00e1tmeneti megold\u00e1st jelentenek azok sz\u00e1m\u00e1ra, akik m\u00e9g nem \u00e1llnak k\u00e9szen a teljesen elektromos aut\u00f3z\u00e1sra, de szeretn\u00e9k cs\u00f6kkenteni \u00fczemanyag-fogyaszt\u00e1sukat \u00e9s k\u00e1rosanyag-kibocs\u00e1t\u00e1sukat. A plug-in hibridek k\u00fcl\u00f6n\u00f6sen azoknak ide\u00e1lisak, akik napi szinten r\u00f6videbb t\u00e1vokat tesznek meg, \u00e9s rendszeresen hozz\u00e1f\u00e9rnek t\u00f6lt\u00e9si lehet\u0151s\u00e9ghez, ugyanakkor alkalmank\u00e9nt hosszabb utakra is sz\u00fcks\u00e9g\u00fck van, ahol j\u00f3l j\u00f6n a bels\u0151 \u00e9g\u00e9s\u0171 motor ny\u00fajtotta rugalmass\u00e1g.<\/p>\n","protected":false},"excerpt":{"rendered":"<p>A kezdem\u00e9nyez\u00e9s c\u00e9lja, hogy a jelenlegi eml\u00e9knapok mellett egy hivatalos munkasz\u00fcneti nap is seg\u00edtse a t\u00f6rt\u00e9nelmi esem\u00e9nyek sz\u00e9lesebb k\u00f6r\u0171 megismer\u00e9s\u00e9t&#8230;. <span class=\"gridview-grid-post-read-more\"><a href=\"https:\/\/wofvideo.pro\/mostjott\/most-erkezett-uj-munkaszuneti-nap-jon\/\">read more<span class=\"gridview-sr-only\"> Most \u00e9rkezett: \u00faj munkasz\u00fcneti nap j\u00f6n<\/span><\/a><\/span><\/p>\n","protected":false},"author":1,"featured_media":2124,"comment_status":"open","ping_status":"open","sticky":false,"template":"","format":"standard","meta":{"footnotes":""},"categories":[1],"tags":[],"class_list":["post-2120","post","type-post","status-publish","format-standard","has-post-thumbnail","hentry","category-egyeb","wpcat-1-id"],"_links":{"self":[{"href":"https:\/\/wofvideo.pro\/mostjott\/wp-json\/wp\/v2\/posts\/2120","targetHints":{"allow":["GET"]}}],"collection":[{"href":"https:\/\/wofvideo.pro\/mostjott\/wp-json\/wp\/v2\/posts"}],"about":[{"href":"https:\/\/wofvideo.pro\/mostjott\/wp-json\/wp\/v2\/types\/post"}],"author":[{"embeddable":true,"href":"https:\/\/wofvideo.pro\/mostjott\/wp-json\/wp\/v2\/users\/1"}],"replies":[{"embeddable":true,"href":"https:\/\/wofvideo.pro\/mostjott\/wp-json\/wp\/v2\/comments?post=2120"}],"version-history":[{"count":2,"href":"https:\/\/wofvideo.pro\/mostjott\/wp-json\/wp\/v2\/posts\/2120\/revisions"}],"predecessor-version":[{"id":2122,"href":"https:\/\/wofvideo.pro\/mostjott\/wp-json\/wp\/v2\/posts\/2120\/revisions\/2122"}],"wp:featuredmedia":[{"embeddable":true,"href":"https:\/\/wofvideo.pro\/mostjott\/wp-json\/wp\/v2\/media\/2124"}],"wp:attachment":[{"href":"https:\/\/wofvideo.pro\/mostjott\/wp-json\/wp\/v2\/media?parent=2120"}],"wp:term":[{"taxonomy":"category","embeddable":true,"href":"https:\/\/wofvideo.pro\/mostjott\/wp-json\/wp\/v2\/categories?post=2120"},{"taxonomy":"post_tag","embeddable":true,"href":"https:\/\/wofvideo.pro\/mostjott\/wp-json\/wp\/v2\/tags?post=2120"}],"curies":[{"name":"wp","href":"https:\/\/api.w.org\/{rel}","templated":true}]}}