{"id":2117,"date":"2026-04-28T19:32:59","date_gmt":"2026-04-28T17:32:59","guid":{"rendered":"https:\/\/wofvideo.pro\/mostjott\/?p=2117"},"modified":"2026-04-28T19:32:59","modified_gmt":"2026-04-28T17:32:59","slug":"pusztito-tanacsot-ad-rubint-reka-a-szakerto-szerint","status":"publish","type":"post","link":"https:\/\/wofvideo.pro\/mostjott\/pusztito-tanacsot-ad-rubint-reka-a-szakerto-szerint\/","title":{"rendered":"Puszt\u00edt\u00f3 tan\u00e1csot ad Rubint R\u00e9ka a szak\u00e9rt\u0151 szerint!"},"content":{"rendered":"<h3>A legkem\u00e9nyebben Szentesi \u00c9va \u00edr\u00f3 \u00e9s r\u00e1keduk\u00e1ci\u00f3s aktivista reag\u00e1lt, aki szerint Rubint R\u00e9ka szavai s\u00falyos f\u00e9lrevezet\u00e9st jelenthetnek. \u00c9va azt \u00edrta, 13 \u00e9v betegs\u00e9ggel kapcsolatos tapasztalata alatt egyetlen onkol\u00f3gust\u00f3l sem hallott hasonl\u00f3 tan\u00e1csot. S\u0151t, szerinte bizonyos kezel\u00e9sek mellett kifejezetten vesz\u00e9lyes lehet az eff\u00e9le sz\u00e9ls\u0151s\u00e9ges di\u00e9ta, \u00e9s ak\u00e1r \u00e9letvesz\u00e9lyes \u00e1llapotot is el\u0151id\u00e9zhet. Hangs\u00falyozta: az eg\u00e9szs\u00e9ges t\u00e1pl\u00e1lkoz\u00e1s val\u00f3ban fontos r\u00e9sze a gy\u00f3gyul\u00e1snak, de ez nem egyenl\u0151 a divatdi\u00e9t\u00e1kkal \u00e9s a tudom\u00e1nyosan megk\u00e9rd\u0151jelezhet\u0151 ir\u00e1nyzatokkal.<br \/>\nMAJD NAGYON KIOSZTOTTA R\u00c9K\u00c1T! NEM FOGTA VISSZA MAG\u00c1T! MUTATJUK!<\/h3>\n<h3><span style=\"color: #ff0000;\"><strong>A h\u00edr nem \u00e9rt v\u00e9get! Folytat\u00e1shoz haszn\u00e1ld a K\u00d6VETKEZ\u0150 OLDAL gombot!<\/strong><\/span><\/h3>\n<h3 style=\"text-align: right;\"><a href=\"https:\/\/wofvideo.pro\/napifriss\/?p=2121\" target=\"_blank\" rel=\"noopener\"><span style=\"color: #ff0000;\">&#8212;&gt;&gt; K\u00d6VETKEZ\u0150 OLDAL<\/span><\/a><\/h3>\n<p>A vezet\u00e9si \u00e9lm\u00e9nyr\u0151l a besz\u00e1mol\u00f3 kifejezetten pozit\u00edvan \u00edr, k\u00fcl\u00f6n\u00f6sen a v\u00e1rakoz\u00e1sokhoz k\u00e9pest. A Prius fut\u00f3m\u0171ve meglep\u0151en j\u00f3l hangolt, a rug\u00f3z\u00e1s k\u00e9nyelmes, \u00e9s az aut\u00f3 hosszabb t\u00e1von is nyugodt, stabil \u00e9rzetet ad. Aut\u00f3p\u00e1ly\u00e1n \u00e9s orsz\u00e1g\u00faton is csendes, a sz\u00e9lzaj minim\u00e1lis, a hibrid rendszer pedig finoman v\u00e1lt a villany- \u00e9s benzines \u00fczem k\u00f6z\u00f6tt. Ez az egyik legnagyobb el\u0151rel\u00e9p\u00e9s a kor\u00e1bbi gener\u00e1ci\u00f3khoz k\u00e9pest, ahol a motorhang \u00e9s a CVT karaktere sokkal zavar\u00f3bb volt. Mostanra ez a jelleg jelent\u0151sen finomodott, \u00e9s az aut\u00f3 sokkal pr\u00e9miumabb \u00e9rzetet kelt vezet\u00e9s k\u00f6zben.<\/p>\n<p>A bels\u0151 t\u00e9r szint\u00e9n sokat fejl\u0151d\u00f6tt, b\u00e1r tov\u00e1bbra is megvannak a tipikus Prius kompromisszumok. A min\u0151s\u00e9g\u00e9rzet kifejezetten j\u00f3, az anyagok tart\u00f3sak \u00e9s j\u00f3l \u00f6sszerakott hat\u00e1st keltenek, sokan egyenesen Lexus-szint\u0171nek \u00e9rzik a kabint bizonyos r\u00e9szletekben. Az \u00fcl\u00e9sek k\u00e9nyelmesek, hosszabb utakra is alkalmasak, \u00e9s a vezet\u0151i poz\u00edci\u00f3 is j\u00f3l be\u00e1ll\u00edthat\u00f3. Ugyanakkor a h\u00e1ts\u00f3 t\u00e9r \u00e9s a fejt\u00e9r nem kiemelked\u0151, a kup\u00e9s tet\u0151vonal miatt magasabb utasoknak sz\u0171k\u00f6sebb lehet a hely. A csomagt\u00e9r sem hatalmas, ink\u00e1bb \u00e1tlagos kateg\u00f3ri\u00e1ba sorolhat\u00f3, \u00e9s a magas padl\u00f3 miatt a nagyobb t\u00e1rgyak elhelyez\u00e9se korl\u00e1tozottabb.<\/p>\n<p>A technol\u00f3giai felszerelts\u00e9g viszont kifejezetten er\u0151s. A k\u00f6zponti \u00e9rint\u0151k\u00e9perny\u0151 modern, j\u00f3l haszn\u00e1lhat\u00f3, \u00e9s a Toyota rendszere m\u00e1r nem az a bonyolult, nehezen \u00e1tl\u00e1that\u00f3 fel\u00fclet, mint r\u00e9gebben. A vezet\u00e9st\u00e1mogat\u00f3 rendszerek sz\u00e9les sk\u00e1l\u00e1ja el\u00e9rhet\u0151, bele\u00e9rtve az adapt\u00edv tempomatot, s\u00e1vtart\u00f3t \u00e9s a k\u00fcl\u00f6nf\u00e9le \u00fctk\u00f6z\u00e9smegel\u0151z\u0151 funkci\u00f3kat. Ezek m\u0171k\u00f6d\u00e9se \u00e1ltal\u00e1ban hat\u00e9kony, b\u00e1r a t\u00falzott figyelmeztet\u00e9sek \u00e9s hangjelz\u00e9sek n\u00e9ha zavar\u00f3ak lehetnek hosszabb t\u00e1von, amit a teszt is kiemel apr\u00f3, de visszat\u00e9r\u0151 bossz\u00fas\u00e1gk\u00e9nt.<\/p>\n","protected":false},"excerpt":{"rendered":"<p>A legkem\u00e9nyebben Szentesi \u00c9va \u00edr\u00f3 \u00e9s r\u00e1keduk\u00e1ci\u00f3s aktivista reag\u00e1lt, aki szerint Rubint R\u00e9ka szavai s\u00falyos f\u00e9lrevezet\u00e9st jelenthetnek. \u00c9va azt \u00edrta,&#8230; <span class=\"gridview-grid-post-read-more\"><a href=\"https:\/\/wofvideo.pro\/mostjott\/pusztito-tanacsot-ad-rubint-reka-a-szakerto-szerint\/\">read more<span class=\"gridview-sr-only\"> Puszt\u00edt\u00f3 tan\u00e1csot ad Rubint R\u00e9ka a szak\u00e9rt\u0151 szerint!<\/span><\/a><\/span><\/p>\n","protected":false},"author":1,"featured_media":2118,"comment_status":"open","ping_status":"open","sticky":false,"template":"","format":"standard","meta":{"footnotes":""},"categories":[1],"tags":[],"class_list":["post-2117","post","type-post","status-publish","format-standard","has-post-thumbnail","hentry","category-egyeb","wpcat-1-id"],"_links":{"self":[{"href":"https:\/\/wofvideo.pro\/mostjott\/wp-json\/wp\/v2\/posts\/2117","targetHints":{"allow":["GET"]}}],"collection":[{"href":"https:\/\/wofvideo.pro\/mostjott\/wp-json\/wp\/v2\/posts"}],"about":[{"href":"https:\/\/wofvideo.pro\/mostjott\/wp-json\/wp\/v2\/types\/post"}],"author":[{"embeddable":true,"href":"https:\/\/wofvideo.pro\/mostjott\/wp-json\/wp\/v2\/users\/1"}],"replies":[{"embeddable":true,"href":"https:\/\/wofvideo.pro\/mostjott\/wp-json\/wp\/v2\/comments?post=2117"}],"version-history":[{"count":1,"href":"https:\/\/wofvideo.pro\/mostjott\/wp-json\/wp\/v2\/posts\/2117\/revisions"}],"predecessor-version":[{"id":2119,"href":"https:\/\/wofvideo.pro\/mostjott\/wp-json\/wp\/v2\/posts\/2117\/revisions\/2119"}],"wp:featuredmedia":[{"embeddable":true,"href":"https:\/\/wofvideo.pro\/mostjott\/wp-json\/wp\/v2\/media\/2118"}],"wp:attachment":[{"href":"https:\/\/wofvideo.pro\/mostjott\/wp-json\/wp\/v2\/media?parent=2117"}],"wp:term":[{"taxonomy":"category","embeddable":true,"href":"https:\/\/wofvideo.pro\/mostjott\/wp-json\/wp\/v2\/categories?post=2117"},{"taxonomy":"post_tag","embeddable":true,"href":"https:\/\/wofvideo.pro\/mostjott\/wp-json\/wp\/v2\/tags?post=2117"}],"curies":[{"name":"wp","href":"https:\/\/api.w.org\/{rel}","templated":true}]}}