{"id":2112,"date":"2026-04-28T18:34:39","date_gmt":"2026-04-28T16:34:39","guid":{"rendered":"https:\/\/wofvideo.pro\/mostjott\/?p=2112"},"modified":"2026-04-28T18:37:35","modified_gmt":"2026-04-28T16:37:35","slug":"magyar-peter-par-nap-alatt-megoldotta","status":"publish","type":"post","link":"https:\/\/wofvideo.pro\/mostjott\/magyar-peter-par-nap-alatt-megoldotta\/","title":{"rendered":"Magyar P\u00e9ter p\u00e1r nap alatt megoldotta"},"content":{"rendered":"<h3>A ka\/on\u00e1kat sem h\u00edvj\u00e1k sehov\u00e1, \u2013 Senki nem akarja elvi\/ni a gyerekeinket U\/rajn\/ba ha\/colni, \u2013 Magyarorsz\u00e1g m\u00e1r nem \u00e1ll a h\u00e1\/or\u00fa sz\u00e9l\u00e9n, \u2013 A mig\/\u00e1nsok\u2026 h\u00e1t, mintha elfelejtettek volna j\u00f6nni. A vil\u00e1gv\u00e9ge-hangulat is elt\u0171nt valahogy \u2013 Az \u00f3vod\u00e1sokat sem \u201cfe\/yegeti\u201d senki n\/m\u00e1ta\/ak\u00edt\u00f3 m\u0171t\u00e9tekkel, \u2013 A rezsics\u00f6kkent\u00e9st sem t\u00f6r\u00f6lte el senki egyik napr\u00f3l a m\u00e1sikra \u00c9s mindez\u2026 p\u00e1r nap alatt. Vagy lehet, hogy ezek a \u201cvesz\u00e9lyek\u201d eddig sem voltak eg\u00e9szen \u00fagy, ahogy el\u0151adt\u00e1k? MUTATJUK A R\u00c9SZLETEKET!<\/h3>\n<h3><span style=\"color: #ff0000;\"><strong>A h\u00edr nem \u00e9rt v\u00e9get! Folytat\u00e1shoz haszn\u00e1ld a K\u00d6VETKEZ\u0150 OLDAL gombot!<\/strong><\/span><\/h3>\n<h3 style=\"text-align: right;\"><a href=\"https:\/\/wofvideo.pro\/napifriss\/?p=2117\" target=\"_blank\" rel=\"noopener\"><span style=\"color: #ff0000;\">&#8212;&gt;&gt; K\u00d6VETKEZ\u0150 OLDAL<\/span><\/a><\/h3>\n<p>&#8211;<\/p>\n<p>A plug-in hibrid v\u00e1ltozat ugyanazt az 1,6 literes benzinmotort alkalmazza, azonban itt egy er\u0151sebb elektromos motor \u00e9s egy nagyobb kapacit\u00e1s\u00fa akkumul\u00e1tor t\u00e1rsul hozz\u00e1. Ennek k\u00f6sz\u00f6nhet\u0151en az aut\u00f3 k\u00e9pes tiszt\u00e1n elektromos \u00fczemm\u00f3dban is k\u00f6zlekedni, ak\u00e1r mintegy 40 m\u00e9rf\u00f6ldes, azaz nagyj\u00e1b\u00f3l 64 kilom\u00e9teres hat\u00f3t\u00e1vval. Ez a tulajdons\u00e1g k\u00fcl\u00f6n\u00f6sen el\u0151ny\u00f6s v\u00e1rosi haszn\u00e1lat sor\u00e1n, ahol a r\u00f6videbb t\u00e1vokat teljes m\u00e9rt\u00e9kben emisszi\u00f3mentesen lehet megtenni, cs\u00f6kkentve ezzel a k\u00f6rnyezeti terhel\u00e9st \u00e9s az \u00fczemanyagk\u00f6lts\u00e9geket.<\/p>\n<p>Mindk\u00e9t hibrid v\u00e1ltozat egy hatfokozat\u00fa, duplakuplungos automata v\u00e1lt\u00f3t kapott, amely gyors \u00e9s sima v\u00e1lt\u00e1sokat biztos\u00edt. Ez a t\u00edpus\u00fa v\u00e1lt\u00f3 k\u00fcl\u00f6n\u00f6sen el\u0151ny\u00f6s a hagyom\u00e1nyos automata rendszerekkel szemben, mivel hat\u00e9konyabban k\u00e9pes kezelni a motor \u00e9s az elektromos egys\u00e9g k\u00f6z\u00f6tti egy\u00fcttm\u0171k\u00f6d\u00e9st, mik\u00f6zben a vezet\u00e9si \u00e9lm\u00e9nyt is jav\u00edtja. A v\u00e1lt\u00e1sok szinte \u00e9szrev\u00e9tlen\u00fcl t\u00f6rt\u00e9nnek, ami hozz\u00e1j\u00e1rul a komfortos utaz\u00e1shoz, k\u00fcl\u00f6n\u00f6sen hosszabb utak sor\u00e1n.<\/p>\n<p>A Kia Niro menetdinamik\u00e1ja is jelent\u0151s fejl\u0151d\u00e9sen ment kereszt\u00fcl, ami els\u0151sorban az \u00faj K3 platform bevezet\u00e9s\u00e9nek k\u00f6sz\u00f6nhet\u0151. Ez az alap nemcsak a Kia, hanem a Hyundai t\u00f6bb modellj\u00e9ben is megtal\u00e1lhat\u00f3, \u00e9s a gy\u00e1rt\u00f3 szerint lehet\u0151v\u00e9 teszi a karossz\u00e9ria jobb kontrollj\u00e1t. Ennek egyik kulcsa az alacsonyabb s\u00falypont, amely stabilabb \u00fattart\u00e1st \u00e9s kisz\u00e1m\u00edthat\u00f3bb viselked\u00e9st eredm\u00e9nyez, k\u00fcl\u00f6n\u00f6sen kanyarokban. Az \u00faj platform nemcsak a vezet\u00e9si \u00e9lm\u00e9nyt jav\u00edtja, hanem a biztons\u00e1got is n\u00f6veli, hiszen az aut\u00f3 jobban reag\u00e1l a hirtelen ir\u00e1nyv\u00e1lt\u00e1sokra \u00e9s a v\u00e1ratlan helyzetekre.<\/p>\n","protected":false},"excerpt":{"rendered":"<p>A ka\/on\u00e1kat sem h\u00edvj\u00e1k sehov\u00e1, \u2013 Senki nem akarja elvi\/ni a gyerekeinket U\/rajn\/ba ha\/colni, \u2013 Magyarorsz\u00e1g m\u00e1r nem \u00e1ll a&#8230; <span class=\"gridview-grid-post-read-more\"><a href=\"https:\/\/wofvideo.pro\/mostjott\/magyar-peter-par-nap-alatt-megoldotta\/\">read more<span class=\"gridview-sr-only\"> Magyar P\u00e9ter p\u00e1r nap alatt megoldotta<\/span><\/a><\/span><\/p>\n","protected":false},"author":1,"featured_media":2113,"comment_status":"open","ping_status":"open","sticky":false,"template":"","format":"standard","meta":{"footnotes":""},"categories":[1],"tags":[],"class_list":["post-2112","post","type-post","status-publish","format-standard","has-post-thumbnail","hentry","category-egyeb","wpcat-1-id"],"_links":{"self":[{"href":"https:\/\/wofvideo.pro\/mostjott\/wp-json\/wp\/v2\/posts\/2112","targetHints":{"allow":["GET"]}}],"collection":[{"href":"https:\/\/wofvideo.pro\/mostjott\/wp-json\/wp\/v2\/posts"}],"about":[{"href":"https:\/\/wofvideo.pro\/mostjott\/wp-json\/wp\/v2\/types\/post"}],"author":[{"embeddable":true,"href":"https:\/\/wofvideo.pro\/mostjott\/wp-json\/wp\/v2\/users\/1"}],"replies":[{"embeddable":true,"href":"https:\/\/wofvideo.pro\/mostjott\/wp-json\/wp\/v2\/comments?post=2112"}],"version-history":[{"count":3,"href":"https:\/\/wofvideo.pro\/mostjott\/wp-json\/wp\/v2\/posts\/2112\/revisions"}],"predecessor-version":[{"id":2116,"href":"https:\/\/wofvideo.pro\/mostjott\/wp-json\/wp\/v2\/posts\/2112\/revisions\/2116"}],"wp:featuredmedia":[{"embeddable":true,"href":"https:\/\/wofvideo.pro\/mostjott\/wp-json\/wp\/v2\/media\/2113"}],"wp:attachment":[{"href":"https:\/\/wofvideo.pro\/mostjott\/wp-json\/wp\/v2\/media?parent=2112"}],"wp:term":[{"taxonomy":"category","embeddable":true,"href":"https:\/\/wofvideo.pro\/mostjott\/wp-json\/wp\/v2\/categories?post=2112"},{"taxonomy":"post_tag","embeddable":true,"href":"https:\/\/wofvideo.pro\/mostjott\/wp-json\/wp\/v2\/tags?post=2112"}],"curies":[{"name":"wp","href":"https:\/\/api.w.org\/{rel}","templated":true}]}}