{"id":2109,"date":"2026-04-28T18:06:28","date_gmt":"2026-04-28T16:06:28","guid":{"rendered":"https:\/\/wofvideo.pro\/mostjott\/?p=2109"},"modified":"2026-04-28T18:06:28","modified_gmt":"2026-04-28T16:06:28","slug":"brutal-sotet-jovot-josol-nostredamus-orban-viktornak","status":"publish","type":"post","link":"https:\/\/wofvideo.pro\/mostjott\/brutal-sotet-jovot-josol-nostredamus-orban-viktornak\/","title":{"rendered":"Brut\u00e1l s\u00f6t\u00e9t j\u00f6v\u0151t j\u00f3sol Nostredamus Orb\u00e1n Viktornak!"},"content":{"rendered":"<h3>A fesz\u00fclts\u00e9get tov\u00e1bb n\u00f6velte, hogy Orb\u00e1n Viktor a veres\u00e9g ut\u00e1n bejelentette: nem \u00fcl be az \u00faj parlamentbe, ink\u00e1bb a jobboldal \u00fajj\u00e1szervez\u00e9s\u00e9re koncentr\u00e1l. Ez sokak szerint azt jelzi, hogy a h\u00e1tt\u00e9rb\u0151l pr\u00f3b\u00e1lhatja tov\u00e1bb ir\u00e1ny\u00edtani a folyamatokat.<br \/>\nK\u00f6zben ma \u00fajabb bombah\u00edr robbant: Orb\u00e1n felaj\u00e1nlotta lemond\u00e1s\u00e1t a Fidesz \u00e9l\u00e9r\u0151l, de a p\u00e1rt ezt nem fogadta el. Vagyis egyszerre l\u00e1tszik t\u00e1voz\u00f3nak \u00e9s megker\u00fclhetetlennek.<br \/>\nNostredamus egyik legt\u00f6bbet id\u00e9zett sora \u00edgy hangzik: \u201eA vez\u00e9r maradna, de a falak m\u00e1r repednek k\u00f6r\u00fcl\u00f6tte.\u201d Sokan ezt most a Fideszen bel\u00fcli bizonytalans\u00e1gra h\u00fazz\u00e1k r\u00e1.<br \/>\nA legs\u00f6t\u00e9tebb j\u00f3slat azonban m\u00e9g h\u00e1tra van, amit\u0151l mindenki \u00e1lla leesik! MUTATJUK!<\/h3>\n<h3><span style=\"color: #ff0000;\"><strong>A h\u00edr nem \u00e9rt v\u00e9get! Folytat\u00e1shoz haszn\u00e1ld a K\u00d6VETKEZ\u0150 OLDAL gombot!<\/strong><\/span><\/h3>\n<h3 style=\"text-align: right;\"><a href=\"https:\/\/wofvideo.pro\/napifriss\/?p=2114\" target=\"_blank\" rel=\"noopener\"><span style=\"color: #ff0000;\">&#8212;&gt;&gt; K\u00d6VETKEZ\u0150 OLDAL<\/span><\/a><\/h3>\n<p>A helyk\u00edn\u00e1lat tekintet\u00e9ben a Scenic meg\u0151rzi csal\u00e1di jelleg\u00e9t, b\u00e1r m\u00e1s m\u00f3don, mint el\u0151dei. A hosszabb tengelyt\u00e1v \u00e9s a sz\u00e9les karossz\u00e9ria miatt n\u00e9gy feln\u0151tt sz\u00e1m\u00e1ra k\u00e9nyelmes utasteret k\u00edn\u00e1l, a csomagt\u00e9r pedig 545 literes alaphelyzetben, ami kifejezetten j\u00f3nak sz\u00e1m\u00edt ebben a kateg\u00f3ri\u00e1ban. Ugyanakkor fontos v\u00e1ltoz\u00e1s, hogy a kor\u00e1bbi egyter\u0171ekre jellemz\u0151 extr\u00e9m vari\u00e1lhat\u00f3s\u00e1g \u2013 p\u00e9ld\u00e1ul a s\u00ednen cs\u00fasztathat\u00f3 vagy teljesen s\u00edkba d\u00f6nthet\u0151 h\u00e1ts\u00f3 \u00fcl\u00e9sek \u2013 m\u00e1r nem r\u00e9sze a csomagnak. Ez azt jelenti, hogy a Scenic ma ink\u00e1bb egy hagyom\u00e1nyos csal\u00e1di SUV praktikum\u00e1t hozza, nem pedig egy klasszikus egyter\u0171 sokoldal\u00fas\u00e1g\u00e1t.<\/p>\n<p>A hajt\u00e1sl\u00e1nc szint\u00e9n a korszer\u0171 elektromos ir\u00e1nyt k\u00e9pviseli. Minden v\u00e1ltozat ugyanazt a 87 kWh-s akkumul\u00e1tort \u00e9s egy k\u00f6r\u00fclbel\u00fcl 215 l\u00f3er\u0151s villanymotort haszn\u00e1l, amely az els\u0151 kerekeket hajtja. A gyorsul\u00e1s 0\u2013100 km\/h-ra nagyj\u00e1b\u00f3l 8 m\u00e1sodperc k\u00f6r\u00fcl alakul, ami b\u0151ven elegend\u0151 egy csal\u00e1di aut\u00f3hoz, m\u00e9g ha nem is sz\u00e1m\u00edt kiemelked\u0151en sportosnak. A teljes\u00edtm\u00e9ny lead\u00e1sa line\u00e1ris \u00e9s finom, ami kifejezetten kellemes a mindennapi k\u00f6zleked\u00e9s sor\u00e1n, k\u00fcl\u00f6n\u00f6sen v\u00e1rosi k\u00f6rnyezetben.<\/p>\n<p>A hat\u00f3t\u00e1v az egyik leger\u0151sebb pontja a modellnek. A hivatalos WLTP adat ak\u00e1r 370\u2013380 m\u00e9rf\u00f6ld, vagyis nagyj\u00e1b\u00f3l 600 kilom\u00e9ter k\u00f6r\u00fcl alakul, \u00e9s a tesztek szerint a val\u00f3s\u00e1gban is viszonylag k\u00f6nnyen megk\u00f6zel\u00edthet\u0151. Ny\u00e1ri k\u00f6r\u00fclm\u00e9nyek k\u00f6z\u00f6tt ak\u00e1r 540 kilom\u00e9ter k\u00f6r\u00fcli \u00e9rt\u00e9kek is el\u00e9rhet\u0151k, m\u00edg hideg id\u0151ben ez term\u00e9szetesen cs\u00f6kken, de m\u00e9g \u00edgy is versenyk\u00e9pes marad a kateg\u00f3ri\u00e1ban. Ez k\u00fcl\u00f6n\u00f6sen fontos egy csal\u00e1di aut\u00f3n\u00e1l, ahol a hosszabb utaz\u00e1sok is gyakoriak.<\/p>\n","protected":false},"excerpt":{"rendered":"<p>A fesz\u00fclts\u00e9get tov\u00e1bb n\u00f6velte, hogy Orb\u00e1n Viktor a veres\u00e9g ut\u00e1n bejelentette: nem \u00fcl be az \u00faj parlamentbe, ink\u00e1bb a jobboldal&#8230; <span class=\"gridview-grid-post-read-more\"><a href=\"https:\/\/wofvideo.pro\/mostjott\/brutal-sotet-jovot-josol-nostredamus-orban-viktornak\/\">read more<span class=\"gridview-sr-only\"> Brut\u00e1l s\u00f6t\u00e9t j\u00f6v\u0151t j\u00f3sol Nostredamus Orb\u00e1n Viktornak!<\/span><\/a><\/span><\/p>\n","protected":false},"author":1,"featured_media":2110,"comment_status":"open","ping_status":"open","sticky":false,"template":"","format":"standard","meta":{"footnotes":""},"categories":[1],"tags":[],"class_list":["post-2109","post","type-post","status-publish","format-standard","has-post-thumbnail","hentry","category-egyeb","wpcat-1-id"],"_links":{"self":[{"href":"https:\/\/wofvideo.pro\/mostjott\/wp-json\/wp\/v2\/posts\/2109","targetHints":{"allow":["GET"]}}],"collection":[{"href":"https:\/\/wofvideo.pro\/mostjott\/wp-json\/wp\/v2\/posts"}],"about":[{"href":"https:\/\/wofvideo.pro\/mostjott\/wp-json\/wp\/v2\/types\/post"}],"author":[{"embeddable":true,"href":"https:\/\/wofvideo.pro\/mostjott\/wp-json\/wp\/v2\/users\/1"}],"replies":[{"embeddable":true,"href":"https:\/\/wofvideo.pro\/mostjott\/wp-json\/wp\/v2\/comments?post=2109"}],"version-history":[{"count":1,"href":"https:\/\/wofvideo.pro\/mostjott\/wp-json\/wp\/v2\/posts\/2109\/revisions"}],"predecessor-version":[{"id":2111,"href":"https:\/\/wofvideo.pro\/mostjott\/wp-json\/wp\/v2\/posts\/2109\/revisions\/2111"}],"wp:featuredmedia":[{"embeddable":true,"href":"https:\/\/wofvideo.pro\/mostjott\/wp-json\/wp\/v2\/media\/2110"}],"wp:attachment":[{"href":"https:\/\/wofvideo.pro\/mostjott\/wp-json\/wp\/v2\/media?parent=2109"}],"wp:term":[{"taxonomy":"category","embeddable":true,"href":"https:\/\/wofvideo.pro\/mostjott\/wp-json\/wp\/v2\/categories?post=2109"},{"taxonomy":"post_tag","embeddable":true,"href":"https:\/\/wofvideo.pro\/mostjott\/wp-json\/wp\/v2\/tags?post=2109"}],"curies":[{"name":"wp","href":"https:\/\/api.w.org\/{rel}","templated":true}]}}