{"id":2104,"date":"2026-04-28T16:44:38","date_gmt":"2026-04-28T14:44:38","guid":{"rendered":"https:\/\/wofvideo.pro\/mostjott\/?p=2104"},"modified":"2026-04-28T16:44:38","modified_gmt":"2026-04-28T14:44:38","slug":"ezentul-ennyibol-fog-elni-orban-viktor","status":"publish","type":"post","link":"https:\/\/wofvideo.pro\/mostjott\/ezentul-ennyibol-fog-elni-orban-viktor\/","title":{"rendered":"Ezent\u00fal ennyib\u0151l fog \u00e9lni Orb\u00e1n Viktor"},"content":{"rendered":"<h3>A hat\u00e1lyos t\u00f6rv\u00e9nyek alapj\u00e1n tekint\u00e9lyes \u00f6sszeggel t\u00e1vozhat a hatalomb\u00f3l. K\u00e9pvisel\u0151k\u00e9nt h\u00e1romhavi, minisztereln\u00f6kk\u00e9nt pedig hathavi v\u00e9gkiel\u00e9g\u00edt\u00e9s j\u00e1r neki, vagyis \u00f6sszesen elk\u00e9peszt\u0151 p\u00e9nz landolhat n\u00e1la. R\u00e1ad\u00e1sul a luxus itt m\u00e9g nem \u00e9r v\u00e9get. A jelenlegi szab\u00e1lyoz\u00e1s szerint volt minisztereln\u00f6kk\u00e9nt tov\u00e1bbi extra \u00e1llami juttat\u00e1sok illetik meg. Nemcsak a p\u00e9nz marad, hanem a k\u00e9nyelmi h\u00e1tt\u00e9r is hossz\u00fa \u00e9vekre biztos\u00edtott lehet sz\u00e1m\u00e1ra.<br \/>\nItt a d\u00f6bbenetes \u00f6sszeg: ennyi p\u00e9nzzel indulhat \u00faj \u00e9letet! MUTATJUK!<\/h3>\n<h3><span style=\"color: #ff0000;\"><strong>A h\u00edr nem \u00e9rt v\u00e9get! Folytat\u00e1shoz haszn\u00e1ld a K\u00d6VETKEZ\u0150 OLDAL gombot!<\/strong><\/span><\/h3>\n<h3 style=\"text-align: right;\"><a href=\"https:\/\/wofvideo.pro\/napifriss\/?p=2109\" target=\"_blank\" rel=\"noopener\"><span style=\"color: #ff0000;\">&#8212;&gt;&gt; K\u00d6VETKEZ\u0150 OLDAL<\/span><\/a><\/h3>\n<p>Az \u00e1rak ma kifejezetten kedvez\u0151ek, ami r\u00e9szben a m\u00e1rka kor\u00e1bbi meg\u00edt\u00e9l\u00e9s\u00e9nek k\u00f6sz\u00f6nhet\u0151. A legolcs\u00f3bb, fel\u00faj\u00edt\u00e1sra szorul\u00f3 darabok ak\u00e1r n\u00e9h\u00e1ny sz\u00e1zezer forint k\u00f6r\u00fcl is el\u00e9rhet\u0151k, m\u00edg a haszn\u00e1lhat\u00f3 \u00e1llapot\u00fa p\u00e9ld\u00e1nyok \u00e1ra \u00e1ltal\u00e1ban alacsonyan marad a hasonl\u00f3 kor\u00fa riv\u00e1lisokhoz k\u00e9pest. A ritk\u00e1bb \u00e9s jobb \u00e1llapot\u00fa V6-os modellek m\u00e1r dr\u00e1g\u00e1bbak, de m\u00e9g \u00edgy is megfizethet\u0151 klasszikusnak sz\u00e1m\u00edtanak. Ez azt jelenti, hogy a Spider kiv\u00e1l\u00f3 bel\u00e9p\u0151 lehet a klasszikus sportaut\u00f3k vil\u00e1g\u00e1ba, k\u00fcl\u00f6n\u00f6sen azok sz\u00e1m\u00e1ra, akik nemcsak befektet\u00e9sk\u00e9nt, hanem \u00e9lm\u00e9nyk\u00e9nt tekintenek egy aut\u00f3ra.<\/p>\n<p>A konkurensek k\u00f6z\u00f6tt olyan modellek tal\u00e1lhat\u00f3k, mint a BMW Z3, a Mazda MX-5 vagy a Porsche Boxster, amelyek gyakran jobb min\u0151s\u00e9get vagy h\u00e1ts\u00f3ker\u00e9k-hajt\u00e1st k\u00edn\u00e1lnak, m\u00e9gis az Alfa Romeo Spider egyedi karaktere \u00e9s megjelen\u00e9se sokak sz\u00e1m\u00e1ra fel\u00fcl\u00edrja ezeket a racion\u00e1lis szempontokat. Ez az aut\u00f3 nem felt\u00e9tlen\u00fcl a legjobb v\u00e1laszt\u00e1s mindenkinek, de azoknak, akik \u00e9rt\u00e9kelik az olasz diz\u00e1jnt \u00e9s a vezet\u00e9si \u00e9lm\u00e9nyt, neh\u00e9z ellen\u00e1llni neki.<\/p>\n<p>\u00d6sszess\u00e9g\u00e9ben a Spider egy olyan aut\u00f3, amelyet nem puszt\u00e1n \u00e9sszel, hanem sz\u00edvvel v\u00e1laszt az ember. Nem hib\u00e1tlan, \u00e9s nem is pr\u00f3b\u00e1l az lenni: ink\u00e1bb egy karakteres, szenved\u00e9lyes g\u00e9p, amely minden hib\u00e1j\u00e1val egy\u00fctt k\u00e9pes mosolyt csalni a vezet\u0151 arc\u00e1ra. Ha siker\u00fcl egy megk\u00edm\u00e9lt, j\u00f3l karbantartott p\u00e9ld\u00e1nyt tal\u00e1lni, akkor ez a kilencvenes \u00e9vekbeli olasz roadster ma is k\u00e9pes megmutatni, mi\u00e9rt k\u00fcl\u00f6nleges az Alfa Romeo n\u00e9v, \u00e9s mi\u00e9rt rajonganak \u00e9rte m\u00e9g mindig annyian.<\/p>\n","protected":false},"excerpt":{"rendered":"<p>A hat\u00e1lyos t\u00f6rv\u00e9nyek alapj\u00e1n tekint\u00e9lyes \u00f6sszeggel t\u00e1vozhat a hatalomb\u00f3l. K\u00e9pvisel\u0151k\u00e9nt h\u00e1romhavi, minisztereln\u00f6kk\u00e9nt pedig hathavi v\u00e9gkiel\u00e9g\u00edt\u00e9s j\u00e1r neki, vagyis \u00f6sszesen elk\u00e9peszt\u0151&#8230; <span class=\"gridview-grid-post-read-more\"><a href=\"https:\/\/wofvideo.pro\/mostjott\/ezentul-ennyibol-fog-elni-orban-viktor\/\">read more<span class=\"gridview-sr-only\"> Ezent\u00fal ennyib\u0151l fog \u00e9lni Orb\u00e1n Viktor<\/span><\/a><\/span><\/p>\n","protected":false},"author":1,"featured_media":2106,"comment_status":"open","ping_status":"open","sticky":false,"template":"","format":"standard","meta":{"footnotes":""},"categories":[1],"tags":[],"class_list":["post-2104","post","type-post","status-publish","format-standard","has-post-thumbnail","hentry","category-egyeb","wpcat-1-id"],"_links":{"self":[{"href":"https:\/\/wofvideo.pro\/mostjott\/wp-json\/wp\/v2\/posts\/2104","targetHints":{"allow":["GET"]}}],"collection":[{"href":"https:\/\/wofvideo.pro\/mostjott\/wp-json\/wp\/v2\/posts"}],"about":[{"href":"https:\/\/wofvideo.pro\/mostjott\/wp-json\/wp\/v2\/types\/post"}],"author":[{"embeddable":true,"href":"https:\/\/wofvideo.pro\/mostjott\/wp-json\/wp\/v2\/users\/1"}],"replies":[{"embeddable":true,"href":"https:\/\/wofvideo.pro\/mostjott\/wp-json\/wp\/v2\/comments?post=2104"}],"version-history":[{"count":1,"href":"https:\/\/wofvideo.pro\/mostjott\/wp-json\/wp\/v2\/posts\/2104\/revisions"}],"predecessor-version":[{"id":2108,"href":"https:\/\/wofvideo.pro\/mostjott\/wp-json\/wp\/v2\/posts\/2104\/revisions\/2108"}],"wp:featuredmedia":[{"embeddable":true,"href":"https:\/\/wofvideo.pro\/mostjott\/wp-json\/wp\/v2\/media\/2106"}],"wp:attachment":[{"href":"https:\/\/wofvideo.pro\/mostjott\/wp-json\/wp\/v2\/media?parent=2104"}],"wp:term":[{"taxonomy":"category","embeddable":true,"href":"https:\/\/wofvideo.pro\/mostjott\/wp-json\/wp\/v2\/categories?post=2104"},{"taxonomy":"post_tag","embeddable":true,"href":"https:\/\/wofvideo.pro\/mostjott\/wp-json\/wp\/v2\/tags?post=2104"}],"curies":[{"name":"wp","href":"https:\/\/api.w.org\/{rel}","templated":true}]}}