{"id":2102,"date":"2026-04-28T16:24:52","date_gmt":"2026-04-28T14:24:52","guid":{"rendered":"https:\/\/wofvideo.pro\/mostjott\/?p=2102"},"modified":"2026-04-28T16:39:30","modified_gmt":"2026-04-28T14:39:30","slug":"tonkrement-a-hazassaga-es-az-elete","status":"publish","type":"post","link":"https:\/\/wofvideo.pro\/mostjott\/tonkrement-a-hazassaga-es-az-elete\/","title":{"rendered":"T\u00f6nkrement a h\u00e1zass\u00e1ga \u00e9s az \u00e9lete"},"content":{"rendered":"<h3>Sem meger\u0151s\u00edteni, sem c\u00e1folni nem szeretn\u00e9k semmit \u2013 hangzott a r\u00f6vid v\u00e1lasz Szentp\u00e9teri Eszter sz\u00e1j\u00e1b\u00f3l, akinek a k\u00f6zvetlen k\u00f6rnyezet\u00e9b\u0151l azonban annyit megtudtunk, a h\u00e1zasp\u00e1r egyel\u0151re k\u00fczd az\u00e9rt, hogy megments\u00e9k azt, amelyet h\u00fasz \u00e9v alatt fel\u00e9p\u00edtettek. \u2013 Val\u00f3ban nem j\u00f3 a helyzet, de pr\u00f3b\u00e1lnak dolgozni rajta. Ez sosem k\u00f6nny\u0171 \u00e1llapot, hiszen ha egy h\u00e1zass\u00e1g id\u00e1ig eljut, az az\u00e9rt t\u00f6rt\u00e9nik, mert vannak s\u00e9r\u00fcl\u00e9sek, de Eszter \u00e9s a f\u00e9rje pr\u00f3b\u00e1lnak megold\u00e1st tal\u00e1lni. Kapaszkodnak abba, amit egy\u00fctt fel\u00e9p\u00edtettek \u00e9s eddig el\u00e9rtek. Nem sz\u00fcletett semmilyen v\u00e9gleges d\u00f6nt\u00e9s, szerintem id\u0151re van sz\u00fcks\u00e9g\u00fck \u00e9s sok besz\u00e9lget\u00e9sre. Egyel\u0151re b\u00e1rmi megt\u00f6rt\u00e9nhet, az is, hogy megmentik a h\u00e1zass\u00e1gukat \u2013 \u00e1rulta el a T\u00e9nyek m\u0171sorvezet\u0151j\u00e9nek egy k\u00f6zeli ismer\u0151se. MUTATJUK HOGY MI VEZETETT A V\u00c9GZETES DOLOGHOZ!<\/h3>\n<h3><span style=\"color: #ff0000;\"><strong>A h\u00edr nem \u00e9rt v\u00e9get! Folytat\u00e1shoz haszn\u00e1ld a K\u00d6VETKEZ\u0150 OLDAL gombot!<\/strong><\/span><\/h3>\n<h3 style=\"text-align: right;\"><a href=\"https:\/\/wofvideo.pro\/napifriss\/?p=2107\" target=\"_blank\" rel=\"noopener\"><span style=\"color: #ff0000;\">&#8212;&gt;&gt; K\u00d6VETKEZ\u0150 OLDAL<\/span><\/a><\/h3>\n<p>&#8211;<\/p>\n<p>Term\u00e9szetesen m\u00e1r most is lehet hallani arr\u00f3l, hogy egy \u00faj gener\u00e1ci\u00f3 \u00e9rkez\u00e9se v\u00e1rhat\u00f3, amely v\u00e1rhat\u00f3an hibrid \u00e9s tiszt\u00e1n elektromos hajt\u00e1sl\u00e1ncokkal is el\u00e9rhet\u0151 lesz. Ez a l\u00e9p\u00e9s szinte elker\u00fclhetetlen az ipar\u00e1gi trendek f\u00e9ny\u00e9ben, hiszen a k\u00f6rnyezetv\u00e9delmi el\u0151\u00edr\u00e1sok \u00e9s a v\u00e1s\u00e1rl\u00f3i elv\u00e1r\u00e1sok is ebbe az ir\u00e1nyba terelik a gy\u00e1rt\u00f3kat. Azonban \u00e9ppen emiatt v\u00e1lik m\u00e9g \u00e9rdekesebb\u00e9 a jelenlegi Giulia helyzete, hiszen ez az aut\u00f3 egyfajta hidat k\u00e9pez a hagyom\u00e1nyos, bels\u0151 \u00e9g\u00e9s\u0171 motorokra \u00e9p\u00fcl\u0151 vezet\u00e9si \u00e9lm\u00e9ny \u00e9s a j\u00f6v\u0151 elektromos mobilit\u00e1sa k\u00f6z\u00f6tt.<\/p>\n<p>A jelenlegi modell tov\u00e1bbra is az egyik leg\u00e9lvezetesebben vezethet\u0151 aut\u00f3 a kateg\u00f3ri\u00e1j\u00e1ban. Ez nem puszt\u00e1n marketingfog\u00e1s, hanem egy olyan tulajdons\u00e1g, amelyet a szak\u00e9rt\u0151k \u00e9s a tulajdonosok egyar\u00e1nt kiemelnek. Az aut\u00f3 minden mozdulata, minden reakci\u00f3ja azt sugallja, hogy a tervez\u00e9s sor\u00e1n a m\u00e9rn\u00f6k\u00f6k els\u0151dleges c\u00e9lja a vezet\u00e9si \u00e9lm\u00e9ny maximaliz\u00e1l\u00e1sa volt. Ez k\u00fcl\u00f6n\u00f6sen \u00fcd\u00edt\u0151 egy olyan korban, amikor sok aut\u00f3 ink\u00e1bb k\u00e9nyelmes, de steril k\u00f6zleked\u00e9si eszk\u00f6zz\u00e9 v\u00e1lik.<\/p>\n<p>Ugyanakkor nem lehet elmenni amellett a t\u00e9ny mellett sem, hogy az id\u0151 nyomot hagyott a Giuli\u00e1n. B\u00e1r sz\u00e1mos kisebb friss\u00edt\u00e9st kapott az \u00e9vek sor\u00e1n, hogy l\u00e9p\u00e9st tartson a konkurenci\u00e1val, a bels\u0151 t\u00e9r \u00e9s a technol\u00f3giai felszerelts\u00e9g m\u00e1r egy\u00e9rtelm\u0171en az el\u0151z\u0151 gener\u00e1ci\u00f3t id\u00e9zi.<\/p>\n","protected":false},"excerpt":{"rendered":"<p>Sem meger\u0151s\u00edteni, sem c\u00e1folni nem szeretn\u00e9k semmit \u2013 hangzott a r\u00f6vid v\u00e1lasz Szentp\u00e9teri Eszter sz\u00e1j\u00e1b\u00f3l, akinek a k\u00f6zvetlen k\u00f6rnyezet\u00e9b\u0151l azonban&#8230; <span class=\"gridview-grid-post-read-more\"><a href=\"https:\/\/wofvideo.pro\/mostjott\/tonkrement-a-hazassaga-es-az-elete\/\">read more<span class=\"gridview-sr-only\"> T\u00f6nkrement a h\u00e1zass\u00e1ga \u00e9s az \u00e9lete<\/span><\/a><\/span><\/p>\n","protected":false},"author":1,"featured_media":2103,"comment_status":"open","ping_status":"open","sticky":false,"template":"","format":"standard","meta":{"footnotes":""},"categories":[1],"tags":[],"class_list":["post-2102","post","type-post","status-publish","format-standard","has-post-thumbnail","hentry","category-egyeb","wpcat-1-id"],"_links":{"self":[{"href":"https:\/\/wofvideo.pro\/mostjott\/wp-json\/wp\/v2\/posts\/2102","targetHints":{"allow":["GET"]}}],"collection":[{"href":"https:\/\/wofvideo.pro\/mostjott\/wp-json\/wp\/v2\/posts"}],"about":[{"href":"https:\/\/wofvideo.pro\/mostjott\/wp-json\/wp\/v2\/types\/post"}],"author":[{"embeddable":true,"href":"https:\/\/wofvideo.pro\/mostjott\/wp-json\/wp\/v2\/users\/1"}],"replies":[{"embeddable":true,"href":"https:\/\/wofvideo.pro\/mostjott\/wp-json\/wp\/v2\/comments?post=2102"}],"version-history":[{"count":2,"href":"https:\/\/wofvideo.pro\/mostjott\/wp-json\/wp\/v2\/posts\/2102\/revisions"}],"predecessor-version":[{"id":2107,"href":"https:\/\/wofvideo.pro\/mostjott\/wp-json\/wp\/v2\/posts\/2102\/revisions\/2107"}],"wp:featuredmedia":[{"embeddable":true,"href":"https:\/\/wofvideo.pro\/mostjott\/wp-json\/wp\/v2\/media\/2103"}],"wp:attachment":[{"href":"https:\/\/wofvideo.pro\/mostjott\/wp-json\/wp\/v2\/media?parent=2102"}],"wp:term":[{"taxonomy":"category","embeddable":true,"href":"https:\/\/wofvideo.pro\/mostjott\/wp-json\/wp\/v2\/categories?post=2102"},{"taxonomy":"post_tag","embeddable":true,"href":"https:\/\/wofvideo.pro\/mostjott\/wp-json\/wp\/v2\/tags?post=2102"}],"curies":[{"name":"wp","href":"https:\/\/api.w.org\/{rel}","templated":true}]}}