{"id":2099,"date":"2026-04-28T11:33:06","date_gmt":"2026-04-28T09:33:06","guid":{"rendered":"https:\/\/wofvideo.pro\/mostjott\/?p=2099"},"modified":"2026-04-28T11:33:06","modified_gmt":"2026-04-28T09:33:06","slug":"varatlan-fordulat-marki-zay-peter-lesz-az-uj","status":"publish","type":"post","link":"https:\/\/wofvideo.pro\/mostjott\/varatlan-fordulat-marki-zay-peter-lesz-az-uj\/","title":{"rendered":"V\u00e1ratlan fordulat: M\u00e1rki-Zay P\u00e9ter lesz az \u00faj"},"content":{"rendered":"<h3>A felv\u00e9telt a 4\/4 vette \u00e9szre, majd a H\/G is besz\u00e1molt r\u00f3la. A politikus ezut\u00e1n arr\u00f3l is besz\u00e9lt, hogy a k\u00f6zvetlen \u00e1llamf\u0151v\u00e1laszt\u00e1s k\u00e9rd\u00e9s\u00e9ben szerinte Magyar P\u00e9ternek lehet majd meghat\u00e1roz\u00f3 szerepe. A felv\u00e9tel hangmin\u0151s\u00e9ge ugyanakkor nem volt t\u00f6k\u00e9letes, ez\u00e9rt nem minden r\u00e9szlet hallhat\u00f3 pontosan abb\u00f3l, hogyan vezette tov\u00e1bb a gondolatmenetet. A besz\u00e9lget\u00e9sen Sulyok Tam\u00e1s k\u00f6zt\u00e1rsas\u00e1gi eln\u00f6k neve is el\u0151ker\u00fclt. M\u00e1rki-Zay a hallgat\u00f3knak azt mondta, miel\u0151tt nagyon b\u00fcszk\u00e9k lenn\u00e9nek Sulyokra, aki Szegeden szerzett diplom\u00e1t, \u00e9rdemes hozz\u00e1tenni: \u201e\u0151 annyival jobb, mint Nov\u00e1k Katalin, hogy m\u00e9g nem \u00edrt al\u00e1 kegyelmi k\u00e9rv\u00e9nyeket\u201d. MUTATJUK A R\u00c9SZLETEKET!<\/h3>\n<h3><span style=\"color: #ff0000;\"><strong>A h\u00edr nem \u00e9rt v\u00e9get! Folytat\u00e1shoz haszn\u00e1ld a K\u00d6VETKEZ\u0150 OLDAL gombot!<\/strong><\/span><\/h3>\n<h3 style=\"text-align: right;\"><a href=\"https:\/\/wofvideo.pro\/napifriss\/?p=2104\" target=\"_blank\" rel=\"noopener\"><span style=\"color: #ff0000;\">&#8212;&gt;&gt; K\u00d6VETKEZ\u0150 OLDAL<\/span><\/a><\/h3>\n<p>&#8211;<\/p>\n<p>V\u00e1rosi k\u00f6rnyezetben a CR-V k\u00fcl\u00f6n\u00f6sen meggy\u0151z\u0151, amikor elektromos m\u00f3dban k\u00f6zlekedik. Ilyenkor szinte teljes csendben halad, ami nemcsak k\u00e9nyelmesebb, hanem sokkal nyugodtabb vezet\u00e9si \u00e9lm\u00e9nyt is biztos\u00edt. A hagyom\u00e1nyos hibrid, az \u00fagynevezett e:HEV v\u00e1ltozat is k\u00e9pes elektromos halad\u00e1sra, de csak r\u00f6videbb ideig, mivel kisebb akkumul\u00e1torral rendelkezik. Ezzel szemben az e:PHEV verzi\u00f3 nemcsak hosszabb t\u00e1von tudja fenntartani az elektromos \u00fczemet, hanem magasabb sebess\u00e9gn\u00e9l is k\u00e9pes erre, ami k\u00fcl\u00f6n\u00f6sen hasznos lehet p\u00e9ld\u00e1ul v\u00e1rosi k\u00f6rgy\u0171r\u0171k\u00f6n vagy lassabb temp\u00f3j\u00fa orsz\u00e1gutakon.<\/p>\n<p>Ez a k\u00fcl\u00f6nbs\u00e9g a gyakorlatban azt jelenti, hogy a PHEV v\u00e1ltozat sokkal rugalmasabban alkalmazkodik a k\u00fcl\u00f6nb\u00f6z\u0151 k\u00f6zleked\u00e9si helyzetekhez. R\u00f6vid utakn\u00e1l szinte teljesen kiv\u00e1lthatja a bels\u0151 \u00e9g\u00e9s\u0171 motor haszn\u00e1lat\u00e1t, m\u00edg hosszabb t\u00e1vokon is hat\u00e9konyan kombin\u00e1lja a k\u00e9t hajt\u00e1sm\u00f3dot. Ez nemcsak a fogyaszt\u00e1s szempontj\u00e1b\u00f3l el\u0151ny\u00f6s, hanem a vezet\u00e9si \u00e9lm\u00e9nyt is kiegyens\u00falyozottabb\u00e1 teszi, hiszen az aut\u00f3 mindig az adott helyzethez legink\u00e1bb megfelel\u0151 \u00fczemm\u00f3dot v\u00e1lasztja.<\/p>\n<p>A CR-V rekuper\u00e1ci\u00f3s f\u00e9krendszere \u2013 vagyis az a technol\u00f3gia, amely lass\u00edt\u00e1skor visszanyeri az energi\u00e1t \u00e9s visszat\u00f6lti az akkumul\u00e1torba \u2013 szint\u00e9n elt\u00e9r t\u00f6bb hibrid riv\u00e1lis megold\u00e1s\u00e1t\u00f3l. A korm\u00e1ny m\u00f6g\u00f6tt elhelyezett f\u00fclekkel a vezet\u0151 manu\u00e1lisan \u00e1ll\u00edthatja, hogy milyen m\u00e9rt\u00e9kben lass\u00edtson az aut\u00f3, amikor leveszi a l\u00e1b\u00e1t a g\u00e1zped\u00e1lr\u00f3l. Ez egyfajta plusz kontrollt ad, \u00e9s lehet\u0151v\u00e9 teszi, hogy a vezet\u00e9si st\u00edlushoz vagy a forgalmi helyzethez igaz\u00edtsuk a lassul\u00e1s m\u00e9rt\u00e9k\u00e9t.<\/p>\n","protected":false},"excerpt":{"rendered":"<p>A felv\u00e9telt a 4\/4 vette \u00e9szre, majd a H\/G is besz\u00e1molt r\u00f3la. A politikus ezut\u00e1n arr\u00f3l is besz\u00e9lt, hogy a&#8230; <span class=\"gridview-grid-post-read-more\"><a href=\"https:\/\/wofvideo.pro\/mostjott\/varatlan-fordulat-marki-zay-peter-lesz-az-uj\/\">read more<span class=\"gridview-sr-only\"> V\u00e1ratlan fordulat: M\u00e1rki-Zay P\u00e9ter lesz az \u00faj<\/span><\/a><\/span><\/p>\n","protected":false},"author":1,"featured_media":2100,"comment_status":"open","ping_status":"open","sticky":false,"template":"","format":"standard","meta":{"footnotes":""},"categories":[1],"tags":[],"class_list":["post-2099","post","type-post","status-publish","format-standard","has-post-thumbnail","hentry","category-egyeb","wpcat-1-id"],"_links":{"self":[{"href":"https:\/\/wofvideo.pro\/mostjott\/wp-json\/wp\/v2\/posts\/2099","targetHints":{"allow":["GET"]}}],"collection":[{"href":"https:\/\/wofvideo.pro\/mostjott\/wp-json\/wp\/v2\/posts"}],"about":[{"href":"https:\/\/wofvideo.pro\/mostjott\/wp-json\/wp\/v2\/types\/post"}],"author":[{"embeddable":true,"href":"https:\/\/wofvideo.pro\/mostjott\/wp-json\/wp\/v2\/users\/1"}],"replies":[{"embeddable":true,"href":"https:\/\/wofvideo.pro\/mostjott\/wp-json\/wp\/v2\/comments?post=2099"}],"version-history":[{"count":1,"href":"https:\/\/wofvideo.pro\/mostjott\/wp-json\/wp\/v2\/posts\/2099\/revisions"}],"predecessor-version":[{"id":2101,"href":"https:\/\/wofvideo.pro\/mostjott\/wp-json\/wp\/v2\/posts\/2099\/revisions\/2101"}],"wp:featuredmedia":[{"embeddable":true,"href":"https:\/\/wofvideo.pro\/mostjott\/wp-json\/wp\/v2\/media\/2100"}],"wp:attachment":[{"href":"https:\/\/wofvideo.pro\/mostjott\/wp-json\/wp\/v2\/media?parent=2099"}],"wp:term":[{"taxonomy":"category","embeddable":true,"href":"https:\/\/wofvideo.pro\/mostjott\/wp-json\/wp\/v2\/categories?post=2099"},{"taxonomy":"post_tag","embeddable":true,"href":"https:\/\/wofvideo.pro\/mostjott\/wp-json\/wp\/v2\/tags?post=2099"}],"curies":[{"name":"wp","href":"https:\/\/api.w.org\/{rel}","templated":true}]}}