{"id":2089,"date":"2026-04-27T20:23:35","date_gmt":"2026-04-27T18:23:35","guid":{"rendered":"https:\/\/wofvideo.pro\/mostjott\/?p=2089"},"modified":"2026-04-28T06:56:46","modified_gmt":"2026-04-28T04:56:46","slug":"ezt-josolta-nostredamus-magyar-peterrol","status":"publish","type":"post","link":"https:\/\/wofvideo.pro\/mostjott\/ezt-josolta-nostredamus-magyar-peterrol\/","title":{"rendered":"Ezt j\u00f3solta Nostredamus Magyar P\u00e9terr\u0151l!"},"content":{"rendered":"<h3>A tal\u00e1lgat\u00e1sok akkor v\u00e1ltak m\u00e9g komolyabb\u00e1, amikor t\u00f6bb t\u00f6rt\u00e9n\u00e9sz \u00e9s sz\u00f6vegkutat\u00f3 is megsz\u00f3lalt a t\u00e9m\u00e1ban. B\u00e1r hangs\u00falyozt\u00e1k, hogy Nostredamus \u00edr\u00e1sai gyakran szimbolikusak \u00e9s t\u00f6bbf\u00e9lek\u00e9ppen \u00e9rtelmezhet\u0151k, elismert\u00e9k: a most id\u00e9zett sorok szokatlanul er\u0151s p\u00e1rhuzamokat mutatnak a jelen esem\u00e9nyeivel. A sz\u00f6vegben \u201emegosztott n\u00e9pr\u0151l\u201d, \u201eviharos szavakr\u00f3l\u201d \u00e9s \u201eegy \u00faj hang felemelked\u00e9s\u00e9r\u0151l\u201d esik sz\u00f3. A k\u00f6z\u00f6ss\u00e9gi m\u00e9di\u00e1ban ezrek osztj\u00e1k meg a r\u00e9szleteket, \u00e9s sokan m\u00e1r biztosra veszik, hogy a j\u00f3slat a mai Magyarorsz\u00e1gr\u00f3l sz\u00f3l.<br \/>\nA legizgalmasabb sor azonban csak ezut\u00e1n k\u00f6vetkezik:<\/h3>\n<h3><span style=\"color: #ff0000;\"><strong>A h\u00edr nem \u00e9rt v\u00e9get! Folytat\u00e1shoz haszn\u00e1ld a K\u00d6VETKEZ\u0150 OLDAL gombot!<\/strong><\/span><\/h3>\n<h3 style=\"text-align: right;\"><a href=\"https:\/\/wofvideo.pro\/napifriss\/?p=2095\" target=\"_blank\" rel=\"noopener\"><span style=\"color: #ff0000;\">&#8212;&gt;&gt; K\u00d6VETKEZ\u0150 OLDAL<\/span><\/a><\/h3>\n<p>&#8211;<\/p>\n<p>A Lexus RZ akkumul\u00e1tor\u00e1nak kapacit\u00e1s\u00e1t a modell friss\u00edt\u00e9sekor 71,4 kWh-r\u00f3l 77 kWh-ra n\u00f6velt\u00e9k, ami ugyan egy\u00e9rtelm\u0171 el\u0151rel\u00e9p\u00e9s, de m\u00e9g mindig elmarad n\u00e9h\u00e1ny fontos riv\u00e1list\u00f3l. P\u00e9ld\u00e1ul a Volvo EX40 ak\u00e1r 80 kWh-s akkumul\u00e1torcsomaggal is el\u00e9rhet\u0151. Ez a k\u00fcl\u00f6nbs\u00e9g els\u0151re nem t\u0171nik nagynak, de a val\u00f3s hat\u00f3t\u00e1v \u00e9s a mindennapi haszn\u00e1lhat\u00f3s\u00e1g szempontj\u00e1b\u00f3l m\u00e1r \u00e9rezhet\u0151 elt\u00e9r\u00e9seket okozhat, k\u00fcl\u00f6n\u00f6sen aut\u00f3p\u00e1ly\u00e1n, t\u00e9li id\u0151ben vagy nagyobb sebess\u00e9g\u0171 haszn\u00e1lat mellett.<\/p>\n<p>A k\u00edn\u00e1lat leghat\u00e9konyabb modellje az els\u0151ker\u00e9k-meghajt\u00e1s\u00fa 350e v\u00e1ltozat, amely ak\u00e1r 346 m\u00e9rf\u00f6ldes, azaz nagyj\u00e1b\u00f3l 556 kilom\u00e9teres hat\u00f3t\u00e1vot is k\u00e9pes el\u00e9rni, felt\u00e9ve, hogy a kisebb, 18 colos felniket v\u00e1lasztj\u00e1k hozz\u00e1. Amint azonban a nagyobb, 20 colos ker\u00e9kt\u00e1rcs\u00e1k ker\u00fclnek az aut\u00f3ra, a hat\u00f3t\u00e1v \u00e9rezhet\u0151en cs\u00f6kken, k\u00f6r\u00fclbel\u00fcl 315 m\u00e9rf\u00f6ldre, ami nagyj\u00e1b\u00f3l 507 kilom\u00e9ternek felel meg. Ez a k\u00fcl\u00f6nbs\u00e9g j\u00f3l mutatja, mennyire \u00e9rz\u00e9keny egy modern elektromos aut\u00f3 a g\u00f6rd\u00fcl\u00e9si ellen\u00e1ll\u00e1sra \u00e9s az aerodinamikai finoms\u00e1gokra.<\/p>\n<p>A k\u00f6z\u00e9pkateg\u00f3ri\u00e1s 500e kivitelben az RZ m\u00e1r alapb\u00f3l \u00f6sszker\u00e9khajt\u00e1ssal \u00e9rkezik. Ennek a hajt\u00e1sl\u00e1ncnak az el\u0151nye a jobb tapad\u00e1s \u00e9s stabilit\u00e1s, k\u00fcl\u00f6n\u00f6sen cs\u00fasz\u00f3s \u00fatfel\u00fcleten, viszont a plusz hajt\u00e1sl\u00e1nc-alkatr\u00e9szek \u00e9s motorok miatt a t\u00f6meg is n\u0151, ami hat\u00e1ssal van a hat\u00f3t\u00e1vra. Ebben a konfigur\u00e1ci\u00f3ban az aut\u00f3 18 colos kerekekkel k\u00f6r\u00fclbel\u00fcl 306 m\u00e9rf\u00f6ldet, azaz 492 kilom\u00e9tert tud megtenni, m\u00edg 20 colos felnik eset\u00e9n ez 286 m\u00e9rf\u00f6ldre, azaz nagyj\u00e1b\u00f3l 460 kilom\u00e9terre cs\u00f6kken.<\/p>\n","protected":false},"excerpt":{"rendered":"<p>A tal\u00e1lgat\u00e1sok akkor v\u00e1ltak m\u00e9g komolyabb\u00e1, amikor t\u00f6bb t\u00f6rt\u00e9n\u00e9sz \u00e9s sz\u00f6vegkutat\u00f3 is megsz\u00f3lalt a t\u00e9m\u00e1ban. B\u00e1r hangs\u00falyozt\u00e1k, hogy Nostredamus \u00edr\u00e1sai&#8230; <span class=\"gridview-grid-post-read-more\"><a href=\"https:\/\/wofvideo.pro\/mostjott\/ezt-josolta-nostredamus-magyar-peterrol\/\">read more<span class=\"gridview-sr-only\"> Ezt j\u00f3solta Nostredamus Magyar P\u00e9terr\u0151l!<\/span><\/a><\/span><\/p>\n","protected":false},"author":1,"featured_media":2092,"comment_status":"open","ping_status":"open","sticky":false,"template":"","format":"standard","meta":{"footnotes":""},"categories":[1],"tags":[],"class_list":["post-2089","post","type-post","status-publish","format-standard","has-post-thumbnail","hentry","category-egyeb","wpcat-1-id"],"_links":{"self":[{"href":"https:\/\/wofvideo.pro\/mostjott\/wp-json\/wp\/v2\/posts\/2089","targetHints":{"allow":["GET"]}}],"collection":[{"href":"https:\/\/wofvideo.pro\/mostjott\/wp-json\/wp\/v2\/posts"}],"about":[{"href":"https:\/\/wofvideo.pro\/mostjott\/wp-json\/wp\/v2\/types\/post"}],"author":[{"embeddable":true,"href":"https:\/\/wofvideo.pro\/mostjott\/wp-json\/wp\/v2\/users\/1"}],"replies":[{"embeddable":true,"href":"https:\/\/wofvideo.pro\/mostjott\/wp-json\/wp\/v2\/comments?post=2089"}],"version-history":[{"count":2,"href":"https:\/\/wofvideo.pro\/mostjott\/wp-json\/wp\/v2\/posts\/2089\/revisions"}],"predecessor-version":[{"id":2098,"href":"https:\/\/wofvideo.pro\/mostjott\/wp-json\/wp\/v2\/posts\/2089\/revisions\/2098"}],"wp:featuredmedia":[{"embeddable":true,"href":"https:\/\/wofvideo.pro\/mostjott\/wp-json\/wp\/v2\/media\/2092"}],"wp:attachment":[{"href":"https:\/\/wofvideo.pro\/mostjott\/wp-json\/wp\/v2\/media?parent=2089"}],"wp:term":[{"taxonomy":"category","embeddable":true,"href":"https:\/\/wofvideo.pro\/mostjott\/wp-json\/wp\/v2\/categories?post=2089"},{"taxonomy":"post_tag","embeddable":true,"href":"https:\/\/wofvideo.pro\/mostjott\/wp-json\/wp\/v2\/tags?post=2089"}],"curies":[{"name":"wp","href":"https:\/\/api.w.org\/{rel}","templated":true}]}}