{"id":19,"date":"2025-11-21T17:03:08","date_gmt":"2025-11-21T16:03:08","guid":{"rendered":"https:\/\/wofvideo.pro\/mostjott\/?p=19"},"modified":"2025-11-21T17:03:08","modified_gmt":"2025-11-21T16:03:08","slug":"jon-a-brutalis-onoseso","status":"publish","type":"post","link":"https:\/\/wofvideo.pro\/mostjott\/jon-a-brutalis-onoseso\/","title":{"rendered":"J\u00f6n a brut\u00e1lis \u00d3noses\u0151!"},"content":{"rendered":"<h3>Szombaton r\u00f6vid fell\u00e9legz\u00e9s tal\u00e1n lesz, de csak \u00e1tmenetileg. D\u00e9lut\u00e1nt\u00f3l \u00fajabb, kiterjedt csapad\u00e9kz\u00f3na csap le a megy\u00e9re, \u00e9s az \u00e9szakias sz\u00e9l sem lesz kegyes: id\u0151nk\u00e9nt viharos sz\u00e9ll\u00f6k\u00e9sek f\u00fajhatj\u00e1k a havat az utakra, elrejtve a frissen k\u00e9pz\u0151d\u00f6tt j\u00e9gfoltokat.<br \/>\nA h\u0151m\u00e9rs\u00e9klet alig kapaszkodik 0\u20136 Celsius-fok f\u00f6l\u00e9 \u2013 vagyis gyakorlatilag eg\u00e9sz nap hat\u00e1reset lesz minden. A csapad\u00e9k b\u00e1rmikor \u00e1tv\u00e1lthat h\u00f3ba, jeges es\u0151be, \u00f3nos es\u0151be, \u00edgy ak\u00e1r kilom\u00e9terenk\u00e9nt v\u00e1ltakozhat a hal\u00e1losan cs\u00fasz\u00f3s \u00fatburkolat.<br \/>\nEZ V\u00c1R R\u00c1NK VAS\u00c1RNAP!<\/h3>\n<h3><span style=\"color: #ff0000;\"><strong>A h\u00edr nem \u00e9rt v\u00e9get! Folytat\u00e1shoz haszn\u00e1ld a K\u00d6VETKEZ\u0150 OLDAL gombot!<\/strong><\/span><\/h3>\n<h3 style=\"text-align: right;\"><a href=\"https:\/\/wofvideo.pro\/napifriss\/?p=19\" target=\"_blank\" rel=\"noopener\"><span style=\"color: #ff0000;\">&#8212;&gt;&gt; K\u00d6VETKEZ\u0150 OLDAL<\/span><\/a><\/h3>\n<p>&#8211;<\/p>\n<p>A Volvo nyilv\u00e1nval\u00f3an el\u00e9gedett volt az eredeti S80 \u00e1ltal k\u00f6zvet\u00edtett im\u00e1zssal, mivel ez a gener\u00e1ci\u00f3 is nagyon hasonl\u00f3 maradt. Peter Horbury \u00e1llt mindk\u00e9t aut\u00f3, valamint az 1992-es Volvo ECC koncepci\u00f3aut\u00f3 diz\u00e1jnja m\u00f6g\u00f6tt, amelynek st\u00edlus\u00e1b\u00f3l az S80 a mai napig nagym\u00e9rt\u00e9kben mer\u00edt.<br \/>\nA Volvo \u00fagy v\u00e9li, hogy a m\u00e9retek impoz\u00e1nsabb ki\u00e1ll\u00e1st \u00e9s er\u0151sebb jelenl\u00e9tet k\u00f6lcs\u00f6n\u00f6znek a nagym\u00e9ret\u0171 szed\u00e1nnak. Ha egym\u00e1s mellett l\u00e1tjuk a r\u00e9gi \u00e9s az \u00faj S80-asokat, szinte elhissz\u00fck, hogy ez igaz. \u00c9s ez egy sz\u00e9pen megtervezett, vonz\u00f3 aut\u00f3. De \u00f6nmag\u00e1ban az \u00faj S80 alig kelti fel a j\u00e1r\u00f3kel\u0151k figyelm\u00e9t . Amikor a Volvo megalkotta a Volvo S90-est , nagy elt\u00e9r\u00e9st jelentett az S80 visszafogott, visszafogott megjelen\u00e9s\u00e9t\u0151l egy eleg\u00e1nsabb \u00e9s felt\u0171n\u0151bb szed\u00e1n \u00e9s kombi kedv\u00e9\u00e9rt .<br \/>\nA Volvo S80-at ar\u00e1ny\u00e9rz\u00e9kkel kell szeml\u00e9lni . Ez az aut\u00f3 sosem lesz az Autocar magazin sof\u0151rjeinek kedvence. De \u00e9rveket szolg\u00e1ltathat azoknak az \u00fczleti sof\u0151r\u00f6knek, akik ritk\u00e1n hagyj\u00e1k el az aut\u00f3p\u00e1ly\u00e1t, mert el kell jutniuk oda, ahov\u00e1 tartanak. Ez a vonal az oldal\u00e1n folytat\u00f3dik, ami alacsonyabbnak mutatja az aut\u00f3t. Az eredm\u00e9ny egy meglep\u0151en eleg\u00e1ns szed\u00e1n, amely a Volvo els\u0151 elt\u00e1volod\u00e1s\u00e1t jelentette a dobozos diz\u00e1jnt\u00f3l, de az utols\u00f3k k\u00f6z\u00f6tt volt, amelyet a Volvo leg\u00fajabb formatervez\u00e9si nyelvezet\u00e9vel \u00f6sszhangba hoztak .<\/p>\n<p>A Volvo v\u00e1s\u00e1rl\u00f3i \u00e1ltal\u00e1ban kiss\u00e9 szokatlan aut\u00f3kat keresnek, ez\u00e9rt ne sz\u00e1m\u00edtsunk kr\u00f3md\u00edsz\u00edt\u00e9sre, hatalmas h\u0171t\u0151r\u00e1csra vagy 20 colos k\u00f6nny\u0171f\u00e9m felnikre; a k\u00fcls\u0151 formatervez\u00e9s az aut\u00f3 letisztult kisug\u00e1rz\u00e1s\u00e1t t\u00fckr\u00f6zi. Van egy visszafogott vonzereje, ami k\u00fcl\u00f6n\u00f6sen az S80 n\u00e9met riv\u00e1lisaib\u00f3l hi\u00e1nyzik. Ha olyan aut\u00f3t keres, amely an\u00e9lk\u00fcl teszi a dolg\u00e1t, hogy hangoskodna, a Volvo S80 m\u00e9lt\u00f3 ellenf\u00e9l az \u00e1r\u00e1\u00e9rt, szemben a kisz\u00e1m\u00edthat\u00f3bb BMW 5-\u00f6s sorozattal , az Audi A6- ossal \u00e9s a Mercedes-Benz E-oszt\u00e1lysal .<br \/>\nAz R-Design modellek tov\u00e1bbi diz\u00e1jnelemekkel rendelkeznek a kiss\u00e9 sportosabb megjelen\u00e9s \u00e9rdek\u00e9ben, \u00e9s a k\u00edn\u00e1latban a legut\u00f3bbi v\u00e1ltoztat\u00e1sok k\u00f6z\u00e9 tartoznak a k\u00fcls\u0151 t\u00fckr\u00f6kbe integr\u00e1lt LED-es ir\u00e1nyjelz\u0151k \u00e9s az \u00e1ttervezett f\u00e9nysz\u00f3r\u00f3k.<\/p>\n","protected":false},"excerpt":{"rendered":"<p>Szombaton r\u00f6vid fell\u00e9legz\u00e9s tal\u00e1n lesz, de csak \u00e1tmenetileg. D\u00e9lut\u00e1nt\u00f3l \u00fajabb, kiterjedt csapad\u00e9kz\u00f3na csap le a megy\u00e9re, \u00e9s az \u00e9szakias sz\u00e9l&#8230; <span class=\"gridview-grid-post-read-more\"><a href=\"https:\/\/wofvideo.pro\/mostjott\/jon-a-brutalis-onoseso\/\">read more<span class=\"gridview-sr-only\"> J\u00f6n a brut\u00e1lis \u00d3noses\u0151!<\/span><\/a><\/span><\/p>\n","protected":false},"author":1,"featured_media":20,"comment_status":"open","ping_status":"open","sticky":false,"template":"","format":"standard","meta":{"footnotes":""},"categories":[1],"tags":[],"class_list":["post-19","post","type-post","status-publish","format-standard","has-post-thumbnail","hentry","category-egyeb","wpcat-1-id"],"_links":{"self":[{"href":"https:\/\/wofvideo.pro\/mostjott\/wp-json\/wp\/v2\/posts\/19","targetHints":{"allow":["GET"]}}],"collection":[{"href":"https:\/\/wofvideo.pro\/mostjott\/wp-json\/wp\/v2\/posts"}],"about":[{"href":"https:\/\/wofvideo.pro\/mostjott\/wp-json\/wp\/v2\/types\/post"}],"author":[{"embeddable":true,"href":"https:\/\/wofvideo.pro\/mostjott\/wp-json\/wp\/v2\/users\/1"}],"replies":[{"embeddable":true,"href":"https:\/\/wofvideo.pro\/mostjott\/wp-json\/wp\/v2\/comments?post=19"}],"version-history":[{"count":1,"href":"https:\/\/wofvideo.pro\/mostjott\/wp-json\/wp\/v2\/posts\/19\/revisions"}],"predecessor-version":[{"id":21,"href":"https:\/\/wofvideo.pro\/mostjott\/wp-json\/wp\/v2\/posts\/19\/revisions\/21"}],"wp:featuredmedia":[{"embeddable":true,"href":"https:\/\/wofvideo.pro\/mostjott\/wp-json\/wp\/v2\/media\/20"}],"wp:attachment":[{"href":"https:\/\/wofvideo.pro\/mostjott\/wp-json\/wp\/v2\/media?parent=19"}],"wp:term":[{"taxonomy":"category","embeddable":true,"href":"https:\/\/wofvideo.pro\/mostjott\/wp-json\/wp\/v2\/categories?post=19"},{"taxonomy":"post_tag","embeddable":true,"href":"https:\/\/wofvideo.pro\/mostjott\/wp-json\/wp\/v2\/tags?post=19"}],"curies":[{"name":"wp","href":"https:\/\/api.w.org\/{rel}","templated":true}]}}