{"id":1670,"date":"2026-03-17T14:51:06","date_gmt":"2026-03-17T13:51:06","guid":{"rendered":"https:\/\/wofvideo.pro\/mostjott\/?p=1670"},"modified":"2026-03-17T14:51:06","modified_gmt":"2026-03-17T13:51:06","slug":"elarasztottak-a-gratulaciok-gaspar-gyozot","status":"publish","type":"post","link":"https:\/\/wofvideo.pro\/mostjott\/elarasztottak-a-gratulaciok-gaspar-gyozot\/","title":{"rendered":"El\u00e1rasztott\u00e1k a gratul\u00e1ci\u00f3k G\u00e1sp\u00e1r Gy\u0151z\u0151t"},"content":{"rendered":"<h3>A showman a B\u00e9kemeneten tudta meg, hogy \u201ekit\u00fcntett\u00e9k\u201d \u201cEgyszer\u0171en eg\u00e9sz \u00e1ll\u00f3 nap azt \u00edrt\u00e1k: \u00bbGratul\u00e1lok az elismer\u00e9shez, Gy\u0151z\u0151!\u00ab Mondom milyen elismer\u00e9shez? Erre \u0151k: \u00bbH\u00e1t te Kossuth-d\u00edjat kapt\u00e1l!\u00ab H\u00e1t mi az any\u00e1mra kapn\u00e9k \u00e9n Kossuth-d\u00edjat, m\u00e1r bocs\u00e1nat! Eg\u00e9sz nap, mintha sz\u00fclet\u00e9snapom lenne: sms, fb, TTok, gratul\u00e1lok, gratul\u00e1lok\u2026\u201d\u00a0 A F\u00f3\/on az l\u00e1that\u00f3 hogy a showman Kossuth-d\u00edjjal a kez\u00e9ben l\u00e1that\u00f3. A k\/p gyorsan terjedni kezdett. MUTATJUK A R\u00c9SZLETEKET!<\/h3>\n<h3><span style=\"color: #ff0000;\"><strong>A h\u00edr nem \u00e9rt v\u00e9get! Folytat\u00e1shoz haszn\u00e1ld a K\u00d6VETKEZ\u0150 OLDAL gombot!<\/strong><\/span><\/h3>\n<h3 style=\"text-align: right;\"><a href=\"https:\/\/wofvideo.pro\/napifriss\/?p=1680\" target=\"_blank\" rel=\"noopener\"><span style=\"color: #ff0000;\">&#8212;&gt;&gt; K\u00d6VETKEZ\u0150 OLDAL<\/span><\/a><\/h3>\n<p>&#8211;<\/p>\n<p>A Suzuki Vitara t\u00f6rt\u00e9nete azonban sokkal r\u00e9gebbre ny\u00falik vissza, mint ez a jelenlegi gener\u00e1ci\u00f3. Az els\u0151 Vitara 1988-ban deb\u00fct\u00e1lt, mint kompakt terepj\u00e1r\u00f3, ami gyorsan n\u00e9pszer\u0171v\u00e9 v\u00e1lt a jap\u00e1n gy\u00e1rt\u00f3 els\u0151 igazi SUV-k\u00e9nt. Az \u00e9vek sor\u00e1n t\u00f6bb gener\u00e1ci\u00f3n esett \u00e1t, mindegyik hozott valami \u00fajat: a m\u00e1sodik gener\u00e1ci\u00f3 (1998-2005) m\u00e1r modernebb vonalakkal \u00e9s jobb \u00fatfekv\u00e9ssel rendelkezett, m\u00edg a harmadik (2005-2015) a Grand Vitara n\u00e9ven ismert nagyobb testv\u00e9r fel\u00e9 hajlott. A negyedik gener\u00e1ci\u00f3, amit ma ismer\u00fcnk, 2015-ben \u00e9rkezett, \u00e9s b\u00e1r friss\u00edt\u00e9sek j\u00f6ttek 2018-ban \u00e9s 2020-ban, a korai jelek szerint ideje lehet egy alaposabb meg\u00fajul\u00e1snak.<\/p>\n<p>A Boosterjet motorcsal\u00e1d a Suzuki egyik b\u00fcszkes\u00e9ge, mivel kis l\u00f6kett\u00e9rfogat mellett is er\u0151s teljes\u00edtm\u00e9nyt ad, mik\u00f6zben takar\u00e9kos: WLTP szerint a k\u00e9taxtakos manu\u00e1lis verzi\u00f3 5,5-6,0 liter\/100 km vegyes fogyaszt\u00e1st \u00edg\u00e9r, ami v\u00e1rosban 6,5 k\u00f6r\u00fcl mozog, orsz\u00e1g\u00faton pedig 5,2-re cs\u00f6kkenhet. A hibrid asszisztens seg\u00edt a gyors\u00edt\u00e1sokban \u00e9s a f\u00e9kez\u00e9sben energi\u00e1t visszanyerni, \u00edgy re\u00e1lis 6 liter k\u00f6r\u00fcli \u00e1tlagot lehet el\u00e9rni norm\u00e1l haszn\u00e1lat mellett.<\/p>\n<p>A n\u00e9gyker\u00e9k-hajt\u00e1s az Allgrip rendszer Auto, Sport, Snow \u00e9s Lock m\u00f3dokkal \u00e1ll\u00edthat\u00f3, ami k\u00fcl\u00f6n\u00f6sen hasznos t\u00e9len vagy k\u00f6nnyebb terepen. P\u00e9ld\u00e1ul Lock m\u00f3dban 50:50-ra osztja a nyomat\u00e9kot az els\u0151 \u00e9s h\u00e1ts\u00f3 tengely k\u00f6z\u00f6tt, \u00edgy h\u00f3ban vagy s\u00e1rban is magabiztosan boldogul. R\u00e1ad\u00e1sul a Vitara ALLGRIP SELECT rendszere gyorsan reag\u00e1l, mind\u00f6ssze 0,1 m\u00e1sodperc alatt v\u00e1lt \u00e1t m\u00f3dok k\u00f6z\u00f6tt. \u00c1r-\u00e9rt\u00e9k ar\u00e1nyban is er\u0151s: Magyarorsz\u00e1gon egy alap Select felszerelts\u00e9g\u0171 modell \u00e1ra brutt\u00f3 11-12 milli\u00f3 forint k\u00f6r\u00fcl indul, az automata \u00e9s Allgrip extr\u00e1kkal pedig 13-14 milli\u00f3ig megy fel. Ez versenyk\u00e9pes a Dacia Dusterrel vagy a Kia Stonic-kal, de a Vitara jobb min\u0151s\u00e9g\u0171 belt\u00e9rrel \u00e9s megb\u00edzhat\u00f3s\u00e1ggal t\u0171nik ki \u2013 a Suzuki h\u00edrhedt a tart\u00f3s motorjair\u00f3l, ritk\u00e1n romlanak el.<\/p>\n","protected":false},"excerpt":{"rendered":"<p>A showman a B\u00e9kemeneten tudta meg, hogy \u201ekit\u00fcntett\u00e9k\u201d \u201cEgyszer\u0171en eg\u00e9sz \u00e1ll\u00f3 nap azt \u00edrt\u00e1k: \u00bbGratul\u00e1lok az elismer\u00e9shez, Gy\u0151z\u0151!\u00ab Mondom milyen&#8230; <span class=\"gridview-grid-post-read-more\"><a href=\"https:\/\/wofvideo.pro\/mostjott\/elarasztottak-a-gratulaciok-gaspar-gyozot\/\">read more<span class=\"gridview-sr-only\"> El\u00e1rasztott\u00e1k a gratul\u00e1ci\u00f3k G\u00e1sp\u00e1r Gy\u0151z\u0151t<\/span><\/a><\/span><\/p>\n","protected":false},"author":1,"featured_media":1671,"comment_status":"open","ping_status":"open","sticky":false,"template":"","format":"standard","meta":{"footnotes":""},"categories":[1],"tags":[],"class_list":["post-1670","post","type-post","status-publish","format-standard","has-post-thumbnail","hentry","category-egyeb","wpcat-1-id"],"_links":{"self":[{"href":"https:\/\/wofvideo.pro\/mostjott\/wp-json\/wp\/v2\/posts\/1670","targetHints":{"allow":["GET"]}}],"collection":[{"href":"https:\/\/wofvideo.pro\/mostjott\/wp-json\/wp\/v2\/posts"}],"about":[{"href":"https:\/\/wofvideo.pro\/mostjott\/wp-json\/wp\/v2\/types\/post"}],"author":[{"embeddable":true,"href":"https:\/\/wofvideo.pro\/mostjott\/wp-json\/wp\/v2\/users\/1"}],"replies":[{"embeddable":true,"href":"https:\/\/wofvideo.pro\/mostjott\/wp-json\/wp\/v2\/comments?post=1670"}],"version-history":[{"count":1,"href":"https:\/\/wofvideo.pro\/mostjott\/wp-json\/wp\/v2\/posts\/1670\/revisions"}],"predecessor-version":[{"id":1672,"href":"https:\/\/wofvideo.pro\/mostjott\/wp-json\/wp\/v2\/posts\/1670\/revisions\/1672"}],"wp:featuredmedia":[{"embeddable":true,"href":"https:\/\/wofvideo.pro\/mostjott\/wp-json\/wp\/v2\/media\/1671"}],"wp:attachment":[{"href":"https:\/\/wofvideo.pro\/mostjott\/wp-json\/wp\/v2\/media?parent=1670"}],"wp:term":[{"taxonomy":"category","embeddable":true,"href":"https:\/\/wofvideo.pro\/mostjott\/wp-json\/wp\/v2\/categories?post=1670"},{"taxonomy":"post_tag","embeddable":true,"href":"https:\/\/wofvideo.pro\/mostjott\/wp-json\/wp\/v2\/tags?post=1670"}],"curies":[{"name":"wp","href":"https:\/\/api.w.org\/{rel}","templated":true}]}}