{"id":1663,"date":"2026-03-16T19:59:30","date_gmt":"2026-03-16T18:59:30","guid":{"rendered":"https:\/\/wofvideo.pro\/mostjott\/?p=1663"},"modified":"2026-03-16T19:59:30","modified_gmt":"2026-03-16T18:59:30","slug":"hajnalban-jott-a-tragikus-hir","status":"publish","type":"post","link":"https:\/\/wofvideo.pro\/mostjott\/hajnalban-jott-a-tragikus-hir\/","title":{"rendered":"Hajnalban j\u00f6tt a tragikus h\u00edr"},"content":{"rendered":"<h3>Ret\/enetes h\u00edr ter\/eng TTOK-on! Luk\u00e1sz eldobta az \u00e9let\u00e9t c\u00edmmel! Sokan \u00fagy \u00e9rzik, hogy sz\u00e1m\u00e1ra ez a szerepl\u00e9s hatalmas lehet\u0151s\u00e9g volt. Hosszabb id\u0151 ut\u00e1n ism\u00e9t te\/ev\u00ed\/zi\u00f3s k\u00e9perny\u0151n szerepelhetett, \u00e9s \u00fagy t\u0171nt, hogy szeretn\u00e9 megmutatni mag\u00e1t a k\u00f6z\u00f6ns\u00e9gnek. \u00c9ppen ez\u00e9rt a kies\u00e9se sok n\u00e9z\u0151t elszomor\u00edtott. M\u00e1sok pedig kifejezetten agg\u00f3dnak \u00e9rte, \u00e9s att\u00f3l tartanak, hogy a hirtelen j\u00f6tt csal\u00f3d\u00e1s nagyon megviselheti. MUTATJUK A R\u00c9SZLETEKET!<\/h3>\n<h3><span style=\"color: #ff0000;\"><strong>A h\u00edr nem \u00e9rt v\u00e9get! Folytat\u00e1shoz haszn\u00e1ld a K\u00d6VETKEZ\u0150 OLDAL gombot!<\/strong><\/span><\/h3>\n<h3 style=\"text-align: right;\"><a href=\"https:\/\/wofvideo.pro\/napifriss\/?p=1673\" target=\"_blank\" rel=\"noopener\"><span style=\"color: #ff0000;\">&#8212;&gt;&gt; K\u00d6VETKEZ\u0150 OLDAL<\/span><\/a><\/h3>\n<p>&#8211;<\/p>\n<p>Az utaz\u00e1si komfort elfogadhat\u00f3, b\u00e1r a fut\u00f3m\u0171 n\u00e9ha kiss\u00e9 feszesebb lehet rossz min\u0151s\u00e9g\u0171 utakon. Aut\u00f3p\u00e1ly\u00e1n az aut\u00f3 stabilan halad, \u00e9s a zajszint is viszonylag alacsony, b\u00e1r a sz\u00e9lzaj \u00e9s a g\u00f6rd\u00fcl\u00e9si zaj bizonyos sebess\u00e9gek felett m\u00e1r \u00e9szrevehet\u0151 lehet. Ennek ellen\u00e9re hosszabb utak sor\u00e1n is k\u00e9nyelmesen haszn\u00e1lhat\u00f3.<\/p>\n<p>A Suzuki egyik hagyom\u00e1nyos er\u0151ss\u00e9ge a megb\u00edzhat\u00f3s\u00e1g. A m\u00e1rka modelljei \u00e1ltal\u00e1ban j\u00f3 h\u00edrn\u00e9vnek \u00f6rvendenek a tart\u00f3ss\u00e1g \u00e9s az alacsony fenntart\u00e1si k\u00f6lts\u00e9gek ter\u00e9n. A Vitara eset\u00e9ben is sok tulajdonos sz\u00e1mol be arr\u00f3l, hogy az aut\u00f3 hossz\u00fa t\u00e1von is megb\u00edzhat\u00f3an m\u0171k\u00f6dik, \u00e9s a szervizk\u00f6lts\u00e9gek viszonylag m\u00e9rs\u00e9keltek maradnak.<\/p>\n<p>A karbantart\u00e1s egyszer\u0171, \u00e9s az alkatr\u00e9szek \u00e1ra \u00e1ltal\u00e1ban alacsonyabb, mint sok konkurens m\u00e1rka eset\u00e9ben. Ez k\u00fcl\u00f6n\u00f6sen fontos szempont lehet azok sz\u00e1m\u00e1ra, akik hossz\u00fa t\u00e1vra terveznek az aut\u00f3val, \u00e9s szeretn\u00e9k minimaliz\u00e1lni a fenntart\u00e1si k\u00f6lts\u00e9geket.<\/p>\n<p>Suzuki Vitara egy praktikus, megb\u00edzhat\u00f3 \u00e9s gazdas\u00e1gos kis SUV, amely els\u0151sorban azok sz\u00e1m\u00e1ra lehet vonz\u00f3, akik egyszer\u0171en haszn\u00e1lhat\u00f3, mindennapi k\u00f6zleked\u00e9sre alkalmas aut\u00f3t keresnek. B\u00e1r a technol\u00f3giai felszerelts\u00e9g \u00e9s a bels\u0151 diz\u00e1jn nem minden tekintetben \u00e9ri el a leg\u00fajabb versenyt\u00e1rsak szintj\u00e9t, a Vitara m\u00e9g mindig sok olyan tulajdons\u00e1ggal rendelkezik, amely miatt \u00e9rdemes lehet sz\u00e1m\u00edt\u00e1sba venni a kateg\u00f3ri\u00e1ban. A kedvez\u0151 fogyaszt\u00e1s, a k\u00f6nny\u0171 vezethet\u0151s\u00e9g \u00e9s az el\u00e9rhet\u0151 \u00f6sszker\u00e9khajt\u00e1s mind hozz\u00e1j\u00e1rulnak ahhoz, hogy a modell tov\u00e1bbra is stabil helyet foglaljon el a kompakt SUV-k piac\u00e1n.<\/p>\n","protected":false},"excerpt":{"rendered":"<p>Ret\/enetes h\u00edr ter\/eng TTOK-on! Luk\u00e1sz eldobta az \u00e9let\u00e9t c\u00edmmel! Sokan \u00fagy \u00e9rzik, hogy sz\u00e1m\u00e1ra ez a szerepl\u00e9s hatalmas lehet\u0151s\u00e9g volt&#8230;. <span class=\"gridview-grid-post-read-more\"><a href=\"https:\/\/wofvideo.pro\/mostjott\/hajnalban-jott-a-tragikus-hir\/\">read more<span class=\"gridview-sr-only\"> Hajnalban j\u00f6tt a tragikus h\u00edr<\/span><\/a><\/span><\/p>\n","protected":false},"author":1,"featured_media":1665,"comment_status":"open","ping_status":"open","sticky":false,"template":"","format":"standard","meta":{"footnotes":""},"categories":[1],"tags":[],"class_list":["post-1663","post","type-post","status-publish","format-standard","has-post-thumbnail","hentry","category-egyeb","wpcat-1-id"],"_links":{"self":[{"href":"https:\/\/wofvideo.pro\/mostjott\/wp-json\/wp\/v2\/posts\/1663","targetHints":{"allow":["GET"]}}],"collection":[{"href":"https:\/\/wofvideo.pro\/mostjott\/wp-json\/wp\/v2\/posts"}],"about":[{"href":"https:\/\/wofvideo.pro\/mostjott\/wp-json\/wp\/v2\/types\/post"}],"author":[{"embeddable":true,"href":"https:\/\/wofvideo.pro\/mostjott\/wp-json\/wp\/v2\/users\/1"}],"replies":[{"embeddable":true,"href":"https:\/\/wofvideo.pro\/mostjott\/wp-json\/wp\/v2\/comments?post=1663"}],"version-history":[{"count":1,"href":"https:\/\/wofvideo.pro\/mostjott\/wp-json\/wp\/v2\/posts\/1663\/revisions"}],"predecessor-version":[{"id":1666,"href":"https:\/\/wofvideo.pro\/mostjott\/wp-json\/wp\/v2\/posts\/1663\/revisions\/1666"}],"wp:featuredmedia":[{"embeddable":true,"href":"https:\/\/wofvideo.pro\/mostjott\/wp-json\/wp\/v2\/media\/1665"}],"wp:attachment":[{"href":"https:\/\/wofvideo.pro\/mostjott\/wp-json\/wp\/v2\/media?parent=1663"}],"wp:term":[{"taxonomy":"category","embeddable":true,"href":"https:\/\/wofvideo.pro\/mostjott\/wp-json\/wp\/v2\/categories?post=1663"},{"taxonomy":"post_tag","embeddable":true,"href":"https:\/\/wofvideo.pro\/mostjott\/wp-json\/wp\/v2\/tags?post=1663"}],"curies":[{"name":"wp","href":"https:\/\/api.w.org\/{rel}","templated":true}]}}