{"id":1655,"date":"2026-03-16T18:45:46","date_gmt":"2026-03-16T17:45:46","guid":{"rendered":"https:\/\/wofvideo.pro\/mostjott\/?p=1655"},"modified":"2026-03-16T18:45:46","modified_gmt":"2026-03-16T17:45:46","slug":"itt-voltak-tobben-marcius-15-en","status":"publish","type":"post","link":"https:\/\/wofvideo.pro\/mostjott\/itt-voltak-tobben-marcius-15-en\/","title":{"rendered":"Itt voltak t\u00f6bben M\u00e1rcius 15-\u00e9n!"},"content":{"rendered":"<h3>A m\u00f3dszer az\u00e9rt is k\u00fcl\u00f6n\u00f6sen \u00e9rdekes, mert olyan emberek jelenl\u00e9t\u00e9t is kimutatja, akik egy napra \u00e9rkeztek a rendezv\u00e9nyekre, de nem sz\u00e1lltak meg Budapesten. Vagyis azok is belesz\u00e1m\u00edtanak a statisztik\u00e1ba, akik csak az \u00fcnneps\u00e9gek miatt utaztak a f\u0151v\u00e1rosba. Az elemz\u00e9sekb\u0151l az is kider\u00fcl, hogy a t\u00f6meg hol s\u0171r\u0171s\u00f6d\u00f6tt \u00f6ssze legink\u00e1bb: mely utc\u00e1k \u00e9s terek teltek meg a legjobban az \u00fcnnepl\u0151kkel.<br \/>\nITT VANNAK A HIVATALOS SZ\u00c1MOK:<\/h3>\n<h3><span style=\"color: #ff0000;\"><strong>A h\u00edr nem \u00e9rt v\u00e9get! Folytat\u00e1shoz haszn\u00e1ld a K\u00d6VETKEZ\u0150 OLDAL gombot!<\/strong><\/span><\/h3>\n<h3 style=\"text-align: right;\"><a href=\"https:\/\/wofvideo.pro\/napifriss\/?p=1665\" target=\"_blank\" rel=\"noopener\"><span style=\"color: #ff0000;\">&#8212;&gt;&gt; K\u00d6VETKEZ\u0150 OLDAL<\/span><\/a><\/h3>\n<p>A t\u00f6lt\u00e9si technol\u00f3gia szint\u00e9n az EV9 egyik er\u0151ss\u00e9ge. A modell 800 voltos elektromos rendszerrel rendelkezik, amely lehet\u0151v\u00e9 teszi a rendk\u00edv\u00fcl gyors t\u00f6lt\u00e9st. Ha megfelel\u0151 teljes\u00edtm\u00e9ny\u0171 \u2013 legal\u00e1bb 210 kW-os \u2013 gyorst\u00f6lt\u0151h\u00f6z csatlakozik, az akkumul\u00e1tor 10 sz\u00e1zal\u00e9kr\u00f3l 80 sz\u00e1zal\u00e9kra mind\u00f6ssze k\u00f6r\u00fclbel\u00fcl 24 perc alatt felt\u00f6lthet\u0151. Ez k\u00fcl\u00f6n\u00f6sen hosszabb utaz\u00e1sok sor\u00e1n fontos, mert \u00edgy a t\u00f6lt\u00e9si sz\u00fcnetek viszonylag r\u00f6videk maradnak. Otthoni, 7,4 kW-os fali t\u00f6lt\u0151vel term\u00e9szetesen hosszabb id\u0151re van sz\u00fcks\u00e9g, nagyj\u00e1b\u00f3l 15 \u00f3r\u00e1ra, de a legt\u00f6bb tulajdonos val\u00f3sz\u00edn\u0171leg \u00e9jszaka t\u00f6lti majd az aut\u00f3t. A rendszerhez egy h\u0151szivatty\u00fa is tartozik, amely hideg id\u0151ben seg\u00edt cs\u00f6kkenteni az energiafelhaszn\u00e1l\u00e1st, \u00edgy a hat\u00f3t\u00e1v kev\u00e9sb\u00e9 cs\u00f6kken t\u00e9len.<\/p>\n<p>A teljes\u00edtm\u00e9ny szint\u00e9n t\u00f6bbf\u00e9le konfigur\u00e1ci\u00f3ban \u00e9rhet\u0151 el. Az alapv\u00e1ltozat egy h\u00e1ts\u00f3ker\u00e9k-hajt\u00e1s\u00fa modell, amely k\u00f6r\u00fclbel\u00fcl 200 l\u00f3er\u0151s elektromos motorral rendelkezik. Ez a verzi\u00f3 0-r\u00f3l 100 km\/\u00f3r\u00e1ra nagyj\u00e1b\u00f3l 9,4 m\u00e1sodperc alatt gyorsul, ami egy ekkora SUV eset\u00e9ben elfogadhat\u00f3, b\u00e1r nem kifejezetten sportos. A nagyobb teljes\u00edtm\u00e9nyre v\u00e1gy\u00f3k sz\u00e1m\u00e1ra el\u00e9rhet\u0151 az \u00f6sszker\u00e9khajt\u00e1s\u00fa v\u00e1ltozat k\u00e9t villanymotorral, amely m\u00e1r 378 l\u00f3er\u0151t k\u00edn\u00e1l \u00e9s 5,3 m\u00e1sodperc alatt gyorsul \u00e1ll\u00f3 helyzetb\u0151l 100 km\/\u00f3r\u00e1ra. A cs\u00facsv\u00e1ltozat, az EV9 GT pedig m\u00e9g enn\u00e9l is er\u0151sebb: k\u00f6r\u00fclbel\u00fcl 501 l\u00f3er\u0151s teljes\u00edtm\u00e9ny\u00e9vel 4,6 m\u00e1sodperces gyorsul\u00e1st \u00edg\u00e9r, ami egy k\u00f6zel h\u00e1romtonn\u00e1s csal\u00e1di SUV-t\u00f3l kifejezetten leny\u0171g\u00f6z\u0151.<\/p>\n<p>Menet k\u00f6zben az EV9 meglep\u0151en kiegyens\u00falyozott \u00e9s csendes. Az elektromos hajt\u00e1sl\u00e1nc term\u00e9szet\u00e9b\u0151l ad\u00f3d\u00f3an az aut\u00f3 gyorsan \u00e9s line\u00e1risan gyorsul, mik\u00f6zben alig hallhat\u00f3 zajt kelt. Aut\u00f3p\u00e1ly\u00e1n k\u00fcl\u00f6n\u00f6sen stabilnak \u00e9s nyugodtnak \u00e9rz\u0151dik, ami hossz\u00fa utak sor\u00e1n fontos szempont. V\u00e1rosi k\u00f6rnyezetben viszont a nagy m\u00e9ret \u00e9s a s\u00faly miatt n\u00e9ha kiss\u00e9 kem\u00e9nynek t\u0171nhet az \u00fathib\u00e1kon, illetve a parkol\u00e1s is nehezebb lehet, mivel az aut\u00f3 sz\u00e9less\u00e9ge \u00e9s hossza meghaladja az \u00e1tlagos parkol\u00f3helyek m\u00e9ret\u00e9t.<\/p>\n","protected":false},"excerpt":{"rendered":"<p>A m\u00f3dszer az\u00e9rt is k\u00fcl\u00f6n\u00f6sen \u00e9rdekes, mert olyan emberek jelenl\u00e9t\u00e9t is kimutatja, akik egy napra \u00e9rkeztek a rendezv\u00e9nyekre, de nem&#8230; <span class=\"gridview-grid-post-read-more\"><a href=\"https:\/\/wofvideo.pro\/mostjott\/itt-voltak-tobben-marcius-15-en\/\">read more<span class=\"gridview-sr-only\"> Itt voltak t\u00f6bben M\u00e1rcius 15-\u00e9n!<\/span><\/a><\/span><\/p>\n","protected":false},"author":1,"featured_media":1656,"comment_status":"open","ping_status":"open","sticky":false,"template":"","format":"standard","meta":{"footnotes":""},"categories":[1],"tags":[],"class_list":["post-1655","post","type-post","status-publish","format-standard","has-post-thumbnail","hentry","category-egyeb","wpcat-1-id"],"_links":{"self":[{"href":"https:\/\/wofvideo.pro\/mostjott\/wp-json\/wp\/v2\/posts\/1655","targetHints":{"allow":["GET"]}}],"collection":[{"href":"https:\/\/wofvideo.pro\/mostjott\/wp-json\/wp\/v2\/posts"}],"about":[{"href":"https:\/\/wofvideo.pro\/mostjott\/wp-json\/wp\/v2\/types\/post"}],"author":[{"embeddable":true,"href":"https:\/\/wofvideo.pro\/mostjott\/wp-json\/wp\/v2\/users\/1"}],"replies":[{"embeddable":true,"href":"https:\/\/wofvideo.pro\/mostjott\/wp-json\/wp\/v2\/comments?post=1655"}],"version-history":[{"count":1,"href":"https:\/\/wofvideo.pro\/mostjott\/wp-json\/wp\/v2\/posts\/1655\/revisions"}],"predecessor-version":[{"id":1657,"href":"https:\/\/wofvideo.pro\/mostjott\/wp-json\/wp\/v2\/posts\/1655\/revisions\/1657"}],"wp:featuredmedia":[{"embeddable":true,"href":"https:\/\/wofvideo.pro\/mostjott\/wp-json\/wp\/v2\/media\/1656"}],"wp:attachment":[{"href":"https:\/\/wofvideo.pro\/mostjott\/wp-json\/wp\/v2\/media?parent=1655"}],"wp:term":[{"taxonomy":"category","embeddable":true,"href":"https:\/\/wofvideo.pro\/mostjott\/wp-json\/wp\/v2\/categories?post=1655"},{"taxonomy":"post_tag","embeddable":true,"href":"https:\/\/wofvideo.pro\/mostjott\/wp-json\/wp\/v2\/tags?post=1655"}],"curies":[{"name":"wp","href":"https:\/\/api.w.org\/{rel}","templated":true}]}}