{"id":1652,"date":"2026-03-16T07:16:49","date_gmt":"2026-03-16T06:16:49","guid":{"rendered":"https:\/\/wofvideo.pro\/mostjott\/?p=1652"},"modified":"2026-03-16T07:16:49","modified_gmt":"2026-03-16T06:16:49","slug":"sosem-latott-tomeg-gyult-ossze-magyar-meneten","status":"publish","type":"post","link":"https:\/\/wofvideo.pro\/mostjott\/sosem-latott-tomeg-gyult-ossze-magyar-meneten\/","title":{"rendered":"Sosem l\u00e1tott t\u00f6meg gy\u0171lt \u00f6ssze Magyar menet\u00e9n"},"content":{"rendered":"<h3>A besz\u00e1mol\u00f3k szerint a r\u00e9sztvev\u0151k sz\u00e1ma olyan hatalmas, hogy a t\u00f6meg v\u00e9ge m\u00e9g a De\u00e1k Ferenc t\u00e9ren \u00e1ll, mik\u00f6zben maga a rendezv\u00e9ny m\u00e1r a H\u0151s\u00f6k ter\u00e9n zajlik. A helysz\u00ednen k\u00e9sz\u00fclt besz\u00e1mol\u00f3k szerint a De\u00e1k t\u00e9r gyakorlatilag teljesen megtelt, s\u0151t a k\u00f6rnyez\u0151 utc\u00e1kban is emberek t\u00f6megei \u00e1llnak. A t\u00f6meg nagys\u00e1g\u00e1t j\u00f3l jelzi az is, hogy a h\u00e1rmas metr\u00f3vonalon szinte lehetetlen k\u00f6zlekedni a hatalmas t\u00f6meg miatt. Torzsa S\u00e1ndor ellenz\u00e9ki \u00f6nkorm\u00e1nyzati k\u00e9pvisel\u0151 is k\u00f6zz\u00e9tett egy fot\u00f3t a helysz\u00ednr\u0151l: 14:41 ez nem a H\u0151s\u00f6k tere, ahol a t\u00f6meg eleje van, hanem a De\u00e1k Ferenc t\u00e9r. A t\u00f6meg konkr\u00e9tan m\u00e9g mindig \u00e1ll. M\u00e9g az Andr\u00e1ssy \u00fatig se tud eljutni. MUTATJUK A R\u00c9SZLETEKET \u00c9S A SZ\u00c1M ADATOKAT!<\/h3>\n<h3><span style=\"color: #ff0000;\"><strong>A h\u00edr nem \u00e9rt v\u00e9get! Folytat\u00e1shoz haszn\u00e1ld a K\u00d6VETKEZ\u0150 OLDAL gombot!<\/strong><\/span><\/h3>\n<h3 style=\"text-align: right;\"><a href=\"https:\/\/wofvideo.pro\/napifriss\/?p=1660\" target=\"_blank\" rel=\"noopener\"><span style=\"color: #ff0000;\">&#8212;&gt;&gt; K\u00d6VETKEZ\u0150 OLDAL<\/span><\/a><\/h3>\n<p>&#8211;<\/p>\n<p>Ez azt jelenti, hogy amikor az elektromos energia m\u00e1r nem \u00e1ll rendelkez\u00e9sre jelent\u0151s m\u00e9rt\u00e9kben, a benzinmotorra nagyobb teher h\u00e1rul, ami term\u00e9szetesen magasabb fogyaszt\u00e1ssal j\u00e1r. Ugyanakkor lassabb, v\u00e1rosi jelleg\u0171 k\u00f6zleked\u00e9sn\u00e9l az \u00e9rt\u00e9kek gyakran a negyvenes mpg-tartom\u00e1ny k\u00f6zep\u00e9re emelkedtek, ami ism\u00e9t azt bizony\u00edtja, hogy a hibrid technol\u00f3gia a legink\u00e1bb alacsonyabb sebess\u00e9gek mellett k\u00e9pes kihaszn\u00e1lni az el\u0151nyeit.<\/p>\n<p>A plug-in hibrid rendszer m\u0171k\u00f6d\u00e9s\u00e9nek egyik fontos saj\u00e1toss\u00e1ga, hogy amikor az akkumul\u00e1tor t\u00f6lt\u00f6tts\u00e9gi szintje k\u00f6r\u00fclbel\u00fcl 15 sz\u00e1zal\u00e9kra cs\u00f6kken, a rendszer gyakrabban kezdi haszn\u00e1lni a benzinmotort. Ilyenkor az aut\u00f3 elektronik\u00e1ja proakt\u00edv m\u00f3don igyekszik jav\u00edtani a hat\u00e9konys\u00e1got: p\u00e9ld\u00e1ul \u00fagy, hogy bizonyos helyzetekben visszat\u00e1pl\u00e1lja az energi\u00e1t az akkumul\u00e1torba, vagy optimaliz\u00e1lja a motor \u00e9s az elektromos hajt\u00e1s egy\u00fcttm\u0171k\u00f6d\u00e9s\u00e9t. Ez seg\u00edt abban, hogy az aut\u00f3 a lehet\u0151 legkedvez\u0151bb fogyaszt\u00e1si \u00e9rt\u00e9keket \u00e9rje el m\u00e9g akkor is, amikor az elektromos hat\u00f3t\u00e1v nagy r\u00e9sz\u00e9t m\u00e1r felhaszn\u00e1ltuk.<\/p>\n<p>Fontos azonban egy figyelmeztet\u00e9s azok sz\u00e1m\u00e1ra, akik a plug-in hibrid v\u00e1ltozat mellett d\u00f6nten\u00e9nek. A PHEV modell ugyanis egy viszonylag kism\u00e9ret\u0171, mind\u00f6ssze 47 literes benzintart\u00e1llyal rendelkezik, m\u00edg a hagyom\u00e1nyos hibrid v\u00e1ltozatban 67 literes \u00fczemanyagtart\u00e1ly tal\u00e1lhat\u00f3. Ez a k\u00fcl\u00f6nbs\u00e9g a gyakorlatban azt jelenti, hogy hosszabb utak sor\u00e1n \u2013 k\u00fcl\u00f6n\u00f6sen akkor, ha az akkumul\u00e1tor elektromos hat\u00f3t\u00e1vj\u00e1t m\u00e1r kimer\u00edtett\u00fck \u2013 a PHEV modellel gyakrabban kell majd meg\u00e1llni tankolni.<\/p>\n","protected":false},"excerpt":{"rendered":"<p>A besz\u00e1mol\u00f3k szerint a r\u00e9sztvev\u0151k sz\u00e1ma olyan hatalmas, hogy a t\u00f6meg v\u00e9ge m\u00e9g a De\u00e1k Ferenc t\u00e9ren \u00e1ll, mik\u00f6zben maga&#8230; <span class=\"gridview-grid-post-read-more\"><a href=\"https:\/\/wofvideo.pro\/mostjott\/sosem-latott-tomeg-gyult-ossze-magyar-meneten\/\">read more<span class=\"gridview-sr-only\"> Sosem l\u00e1tott t\u00f6meg gy\u0171lt \u00f6ssze Magyar menet\u00e9n<\/span><\/a><\/span><\/p>\n","protected":false},"author":1,"featured_media":1653,"comment_status":"open","ping_status":"open","sticky":false,"template":"","format":"standard","meta":{"footnotes":""},"categories":[1],"tags":[],"class_list":["post-1652","post","type-post","status-publish","format-standard","has-post-thumbnail","hentry","category-egyeb","wpcat-1-id"],"_links":{"self":[{"href":"https:\/\/wofvideo.pro\/mostjott\/wp-json\/wp\/v2\/posts\/1652","targetHints":{"allow":["GET"]}}],"collection":[{"href":"https:\/\/wofvideo.pro\/mostjott\/wp-json\/wp\/v2\/posts"}],"about":[{"href":"https:\/\/wofvideo.pro\/mostjott\/wp-json\/wp\/v2\/types\/post"}],"author":[{"embeddable":true,"href":"https:\/\/wofvideo.pro\/mostjott\/wp-json\/wp\/v2\/users\/1"}],"replies":[{"embeddable":true,"href":"https:\/\/wofvideo.pro\/mostjott\/wp-json\/wp\/v2\/comments?post=1652"}],"version-history":[{"count":1,"href":"https:\/\/wofvideo.pro\/mostjott\/wp-json\/wp\/v2\/posts\/1652\/revisions"}],"predecessor-version":[{"id":1654,"href":"https:\/\/wofvideo.pro\/mostjott\/wp-json\/wp\/v2\/posts\/1652\/revisions\/1654"}],"wp:featuredmedia":[{"embeddable":true,"href":"https:\/\/wofvideo.pro\/mostjott\/wp-json\/wp\/v2\/media\/1653"}],"wp:attachment":[{"href":"https:\/\/wofvideo.pro\/mostjott\/wp-json\/wp\/v2\/media?parent=1652"}],"wp:term":[{"taxonomy":"category","embeddable":true,"href":"https:\/\/wofvideo.pro\/mostjott\/wp-json\/wp\/v2\/categories?post=1652"},{"taxonomy":"post_tag","embeddable":true,"href":"https:\/\/wofvideo.pro\/mostjott\/wp-json\/wp\/v2\/tags?post=1652"}],"curies":[{"name":"wp","href":"https:\/\/api.w.org\/{rel}","templated":true}]}}