{"id":1645,"date":"2026-03-15T13:36:18","date_gmt":"2026-03-15T12:36:18","guid":{"rendered":"https:\/\/wofvideo.pro\/mostjott\/?p=1645"},"modified":"2026-03-15T13:36:18","modified_gmt":"2026-03-15T12:36:18","slug":"nehez-pillanatok-a-marcius-15-ei-bekemeneten","status":"publish","type":"post","link":"https:\/\/wofvideo.pro\/mostjott\/nehez-pillanatok-a-marcius-15-ei-bekemeneten\/","title":{"rendered":"Neh\u00e9z pillanatok a m\u00e1rcius 15-ei B\u00e9kemeneten"},"content":{"rendered":"<h3>Szemtan\u00fak besz\u00e1mol\u00f3i szerint a konfliktus akkor kezd\u0151d\u00f6tt, amikor n\u00e9h\u00e1ny TISZA-z\u00e1szl\u00f3t tart\u00f3 r\u00e9sztvev\u0151 hangos po\/itikai jel\/zavakat kezdett skand\u00e1lni a B\u00e9kemenet r\u00e9sztvev\u0151i k\u00f6z\u00f6tt. Erre t\u00f6bb korm\u00e1nyp\u00e1rti szimpatiz\u00e1ns is reag\u00e1lt, \u00e9s r\u00f6vid id\u0151n bel\u00fcl heves sz\u00f3csata alakult ki a k\u00e9t csoport k\u00f6z\u00f6tt. A hangulat gyorsan felfo\/r\u00f3sodott. kaotikus helyzet alakult ki, \u00e9s t\u00f6bben att\u00f3l tartottak, hogy. MUTATJUK A R\u00c9SZLETEKET!<\/h3>\n<h3><span style=\"color: #ff0000;\"><strong>A h\u00edr nem \u00e9rt v\u00e9get! Folytat\u00e1shoz haszn\u00e1ld a K\u00d6VETKEZ\u0150 OLDAL gombot!<\/strong><\/span><\/h3>\n<h3 style=\"text-align: right;\"><a href=\"https:\/\/wofvideo.pro\/napifriss\/?p=1654\" target=\"_blank\" rel=\"noopener\"><span style=\"color: #ff0000;\">&#8212;&gt;&gt; K\u00d6VETKEZ\u0150 OLDAL<\/span><\/a><\/h3>\n<p>&#8211;<\/p>\n<p>A m\u00e1sodik gener\u00e1ci\u00f3s Nissan Juke azonnal felismerhet\u0151 az eredeti kompakt szabadid\u0151-aut\u00f3 tov\u00e1bbfejlesztett v\u00e1ltozatak\u00e9nt. Az aut\u00f3 keskeny nappali menetf\u00e9nyei \u00e9s t\u00falm\u00e9retezett els\u0151 f\u00e9nysz\u00f3r\u00f3i az el\u0151z\u0151 modell formavil\u00e1g\u00e1t id\u00e9zik, m\u00edg a hangs\u00falyos h\u00e1ts\u00f3 s\u00e1rv\u00e9d\u0151\u00edvek \u00e9s a rejtett h\u00e1ts\u00f3 ajt\u00f3kilincsek szint\u00e9n az els\u0151 gener\u00e1ci\u00f3ra utalnak.<\/p>\n<p>A Juke sz\u00e1mos k\u00f6z\u00f6s alkatr\u00e9szt haszn\u00e1l francia testv\u00e9rmodelljeivel, a Renault Cli\u00f3val \u00e9s a Renault Capturral, mivel ugyanarra a padl\u00f3lemez-platformra \u00e9p\u00fclnek. A Captur praktikusabb kialak\u00edt\u00e1s\u00fa, cs\u00fasztathat\u00f3 h\u00e1ts\u00f3 \u00fcl\u00e9spaddal \u00e9s ak\u00e1r 536 literes csomagt\u00e9rrel rendelkezik. Ennek ellen\u00e9re a Nissan bels\u0151 tere is sok pozit\u00edvummal szolg\u00e1l: a m\u0171szerfal logikusan elrendezett, a kezel\u0151szervek k\u00f6nnyen \u00e1ttekinthet\u0151k, a vezet\u0151\u00fcl\u00e9s pedig sz\u00e9les tartom\u00e1nyban \u00e1ll\u00edthat\u00f3.<\/p>\n<p>A Nissan Juke bels\u0151 kialak\u00edt\u00e1s\u00e1n\u00e1l a gy\u00e1rt\u00f3 arra t\u00f6rekedett, hogy a vezet\u0151 k\u00f6zponti szerepet kapjon. A korm\u00e1nyker\u00e9k m\u00f6g\u00f6tt elhelyezett m\u0171szerek j\u00f3l leolvashat\u00f3k, a k\u00f6z\u00e9pkonzolon tal\u00e1lhat\u00f3 \u00e9rint\u0151k\u00e9perny\u0151s infotainment rendszer pedig k\u00f6nnyen kezelhet\u0151. A men\u00fcrendszer viszonylag egyszer\u0171 fel\u00e9p\u00edt\u00e9s\u0171, \u00edgy a legt\u00f6bb funkci\u00f3 gyorsan el\u00e9rhet\u0151. Az anyagmin\u0151s\u00e9g vegyes k\u00e9pet mutat: a fels\u0151bb fel\u00fcleteken puh\u00e1bb m\u0171anyagok tal\u00e1lhat\u00f3k, m\u00edg az als\u00f3bb r\u00e9szeken kem\u00e9nyebb anyagok domin\u00e1lnak, de az \u00f6sszeszerel\u00e9si min\u0151s\u00e9g \u00e1ltal\u00e1ban megfelel\u0151.<\/p>\n<p>Az els\u0151 \u00fcl\u00e9sek k\u00e9nyelmesek, hosszabb utaz\u00e1sok sor\u00e1n is megfelel\u0151 tart\u00e1st biztos\u00edtanak. A magasabb felszerelts\u00e9gi szinteken f\u0171thet\u0151 \u00fcl\u00e9sek \u00e9s b\u0151r k\u00e1rpit is el\u00e9rhet\u0151, ami tov\u00e1bb n\u00f6veli a komfort\u00e9rzetet. A vezet\u00e9si poz\u00edci\u00f3 viszonylag magas, ami j\u00f3 kil\u00e1t\u00e1st biztos\u00edt az \u00fatra, b\u00e1r a vastag C-oszlopok miatt a h\u00e1trafel\u00e9 val\u00f3 kil\u00e1t\u00e1s kiss\u00e9 korl\u00e1tozott lehet.<\/p>\n","protected":false},"excerpt":{"rendered":"<p>Szemtan\u00fak besz\u00e1mol\u00f3i szerint a konfliktus akkor kezd\u0151d\u00f6tt, amikor n\u00e9h\u00e1ny TISZA-z\u00e1szl\u00f3t tart\u00f3 r\u00e9sztvev\u0151 hangos po\/itikai jel\/zavakat kezdett skand\u00e1lni a B\u00e9kemenet r\u00e9sztvev\u0151i&#8230; <span class=\"gridview-grid-post-read-more\"><a href=\"https:\/\/wofvideo.pro\/mostjott\/nehez-pillanatok-a-marcius-15-ei-bekemeneten\/\">read more<span class=\"gridview-sr-only\"> Neh\u00e9z pillanatok a m\u00e1rcius 15-ei B\u00e9kemeneten<\/span><\/a><\/span><\/p>\n","protected":false},"author":1,"featured_media":1646,"comment_status":"open","ping_status":"open","sticky":false,"template":"","format":"standard","meta":{"footnotes":""},"categories":[1],"tags":[],"class_list":["post-1645","post","type-post","status-publish","format-standard","has-post-thumbnail","hentry","category-egyeb","wpcat-1-id"],"_links":{"self":[{"href":"https:\/\/wofvideo.pro\/mostjott\/wp-json\/wp\/v2\/posts\/1645","targetHints":{"allow":["GET"]}}],"collection":[{"href":"https:\/\/wofvideo.pro\/mostjott\/wp-json\/wp\/v2\/posts"}],"about":[{"href":"https:\/\/wofvideo.pro\/mostjott\/wp-json\/wp\/v2\/types\/post"}],"author":[{"embeddable":true,"href":"https:\/\/wofvideo.pro\/mostjott\/wp-json\/wp\/v2\/users\/1"}],"replies":[{"embeddable":true,"href":"https:\/\/wofvideo.pro\/mostjott\/wp-json\/wp\/v2\/comments?post=1645"}],"version-history":[{"count":1,"href":"https:\/\/wofvideo.pro\/mostjott\/wp-json\/wp\/v2\/posts\/1645\/revisions"}],"predecessor-version":[{"id":1647,"href":"https:\/\/wofvideo.pro\/mostjott\/wp-json\/wp\/v2\/posts\/1645\/revisions\/1647"}],"wp:featuredmedia":[{"embeddable":true,"href":"https:\/\/wofvideo.pro\/mostjott\/wp-json\/wp\/v2\/media\/1646"}],"wp:attachment":[{"href":"https:\/\/wofvideo.pro\/mostjott\/wp-json\/wp\/v2\/media?parent=1645"}],"wp:term":[{"taxonomy":"category","embeddable":true,"href":"https:\/\/wofvideo.pro\/mostjott\/wp-json\/wp\/v2\/categories?post=1645"},{"taxonomy":"post_tag","embeddable":true,"href":"https:\/\/wofvideo.pro\/mostjott\/wp-json\/wp\/v2\/tags?post=1645"}],"curies":[{"name":"wp","href":"https:\/\/api.w.org\/{rel}","templated":true}]}}