{"id":1638,"date":"2026-03-15T08:09:56","date_gmt":"2026-03-15T07:09:56","guid":{"rendered":"https:\/\/wofvideo.pro\/mostjott\/?p=1638"},"modified":"2026-03-15T08:10:07","modified_gmt":"2026-03-15T07:10:07","slug":"brutalis-csalas-a-sefek-sefeben","status":"publish","type":"post","link":"https:\/\/wofvideo.pro\/mostjott\/brutalis-csalas-a-sefek-sefeben\/","title":{"rendered":"Brut\u00e1lis csal\u00e1s a S\u00e9fek s\u00e9f\u00e9ben!"},"content":{"rendered":"<h3>A botr\u00e1ny akkor r0bbant ki, amikor a szemf\u00fcles n\u00e9z\u0151k furcsa r\u00e9szleteket kezdtek kisz\u00farni az ad\u00e1sokban. T\u00f6bben \u00e9szrevett\u00e9k, hogy a versenyz\u0151k nem v\u00e9letlenszer\u0171en teszik le a t\u00e1ny\u00e9rokat a pultra, hanem mintha el\u0151re kisz\u00e1molt sorrendben helyezn\u00e9k el \u0151ket. \u201eMi\u00e9rt sz\u00e1molj\u00e1k ki, h\u00e1nyadik helyre kell tenni a t\u00e1ny\u00e9rt? \u00cdgy a s\u00e9fek pontosan tudj\u00e1k, melyik sorsz\u00e1m ki\u00e9!\u201d \u2013 fakadt ki egy kommentel\u0151. \u00c9s ez m\u00e9g nem minden. A n\u00e9z\u0151k azt is kisz\u00fart\u00e1k, hogy a s\u00e9fek a k\u00f3stol\u00e1s k\u00f6zben v\u00e9gig f\u00fclhallgat\u00f3t viselnek. B\u00e1r ez a telev\u00edzi\u00f3s m\u0171sorokn\u00e1l megszokott eszk\u00f6z a rendez\u0151i instrukci\u00f3khoz, sokan most m\u00e1r azt gyan\u00edtj\u00e1k, ak\u00e1r s\u00fag\u00e1sra is haszn\u00e1lhat\u00f3. A rajong\u00f3k egy r\u00e9sze szerint \u00edgy k\u00f6nnyen el\u0151fordulhat, hogy a szerkeszt\u0151k d\u00f6ntik el, ki marad bent \u00e9s ki esik ki a dr\u00e1mai pillanatok \u00e9rdek\u00e9ben.<br \/>\n\u00c9S EZ M\u00c9G SEMMI! MUTATJUK!<\/h3>\n<h3><span style=\"color: #ff0000;\"><strong>A h\u00edr nem \u00e9rt v\u00e9get! Folytat\u00e1shoz haszn\u00e1ld a K\u00d6VETKEZ\u0150 OLDAL gombot!<\/strong><\/span><\/h3>\n<h3 style=\"text-align: right;\"><a href=\"https:\/\/wofvideo.pro\/napifriss\/?p=1647\" target=\"_blank\" rel=\"noopener\"><span style=\"color: #ff0000;\">&#8212;&gt;&gt; K\u00d6VETKEZ\u0150 OLDAL<\/span><\/a><\/h3>\n<p>A Junior hajt\u00e1sl\u00e1nc-v\u00e1laszt\u00e9ka t\u00f6bbf\u00e9le ig\u00e9nyt is lefed. A bel\u00e9p\u0151 modell a mild-hibrid Ibrida v\u00e1ltozat, amely egy 1,2 literes h\u00e1romhengeres turb\u00f3motort kombin\u00e1l egy kis elektromos motorral. Ez a rendszer egy hatfokozat\u00fa, duplakuplungos automata v\u00e1lt\u00f3ba integr\u00e1lt villanymotort haszn\u00e1l, amely gyors\u00edt\u00e1skor r\u00e1seg\u00edt a benzinmotorra, illetve alacsony sebess\u00e9gn\u00e9l r\u00f6vid ideig tiszt\u00e1n elektromos halad\u00e1st is lehet\u0151v\u00e9 tesz. A rendszer teljes\u00edtm\u00e9nye nagyj\u00e1b\u00f3l 143 l\u00f3er\u0151, ami elegend\u0151 a mindennapi k\u00f6zleked\u00e9shez, b\u00e1r a gyorsul\u00e1s ink\u00e1bb k\u00e9nyelmes, mint sportos: a 0-100 km\/\u00f3r\u00e1s sprint k\u00f6r\u00fclbel\u00fcl 8,9 m\u00e1sodpercet vesz ig\u00e9nybe.<\/p>\n<p>A mild-hibrid v\u00e1ltozat el\u0151nye, hogy nem kell t\u00f6lteni, hiszen az akkumul\u00e1tor energi\u00e1j\u00e1t a f\u00e9kez\u00e9si energia visszanyer\u00e9s\u00e9vel t\u00f6lti fel. A gy\u00e1rt\u00f3 szerint az aut\u00f3 ak\u00e1r 58 mpg k\u00f6r\u00fcli fogyaszt\u00e1sra is k\u00e9pes, de a val\u00f3s haszn\u00e1lat sor\u00e1n enn\u00e9l magasabb \u00e9rt\u00e9kek is el\u0151fordulhatnak, k\u00fcl\u00f6n\u00f6sen dinamikus vezet\u00e9s mellett.<\/p>\n<p>A k\u00edn\u00e1lat m\u00e1sik fontos tagja a tiszt\u00e1n elektromos v\u00e1ltozat, az Elettrica. Ebben egy 54 kWh kapacit\u00e1s\u00fa akkumul\u00e1tor dolgozik, amely az Alfa Romeo szerint ak\u00e1r 255 m\u00e9rf\u00f6ldes \u2013 nagyj\u00e1b\u00f3l 410 kilom\u00e9teres \u2013 hat\u00f3t\u00e1vols\u00e1got biztos\u00edthat az ide\u00e1lis WLTP-m\u00e9r\u00e9si ciklus szerint. A villanymotor teljes\u00edtm\u00e9nye 156 l\u00f3er\u0151 k\u00f6r\u00fcl alakul, ami elegend\u0151 ahhoz, hogy a kompakt SUV lend\u00fcletesen mozogjon a mindennapi forgalomban. A gyorsul\u00e1s 0-r\u00f3l 100 km\/\u00f3r\u00e1ra k\u00f6r\u00fclbel\u00fcl 9 m\u00e1sodperc, ami nem kiemelked\u0151 az elektromos aut\u00f3k k\u00f6z\u00f6tt, de teljesen elegend\u0151 a kateg\u00f3ria \u00e1tlagos haszn\u00e1lat\u00e1hoz.<\/p>\n<p>Az elektromos v\u00e1ltozat t\u00f6lt\u00e9si lehet\u0151s\u00e9gei szint\u00e9n megfelelnek a mai elv\u00e1r\u00e1soknak. A fed\u00e9lzeti t\u00f6lt\u0151 11 kW teljes\u00edtm\u00e9ny\u0171 v\u00e1lt\u00f3\u00e1ram\u00fa t\u00f6lt\u00e9st t\u00e1mogat, amely otthoni fali t\u00f6lt\u0151vel k\u00f6r\u00fclbel\u00fcl 8-9 \u00f3ra alatt k\u00e9pes teljesen felt\u00f6lteni az akkumul\u00e1tort. Gyors t\u00f6lt\u0151n ak\u00e1r 100 kW teljes\u00edtm\u00e9ny is el\u00e9rhet\u0151, amellyel nagyj\u00e1b\u00f3l f\u00e9l \u00f3ra alatt jelent\u0151s mennyis\u00e9g\u0171 energia t\u00f6lthet\u0151 vissza az akkuba.<\/p>\n","protected":false},"excerpt":{"rendered":"<p>A botr\u00e1ny akkor r0bbant ki, amikor a szemf\u00fcles n\u00e9z\u0151k furcsa r\u00e9szleteket kezdtek kisz\u00farni az ad\u00e1sokban. T\u00f6bben \u00e9szrevett\u00e9k, hogy a versenyz\u0151k&#8230; <span class=\"gridview-grid-post-read-more\"><a href=\"https:\/\/wofvideo.pro\/mostjott\/brutalis-csalas-a-sefek-sefeben\/\">read more<span class=\"gridview-sr-only\"> Brut\u00e1lis csal\u00e1s a S\u00e9fek s\u00e9f\u00e9ben!<\/span><\/a><\/span><\/p>\n","protected":false},"author":1,"featured_media":1641,"comment_status":"open","ping_status":"open","sticky":false,"template":"","format":"standard","meta":{"footnotes":""},"categories":[1],"tags":[],"class_list":["post-1638","post","type-post","status-publish","format-standard","has-post-thumbnail","hentry","category-egyeb","wpcat-1-id"],"_links":{"self":[{"href":"https:\/\/wofvideo.pro\/mostjott\/wp-json\/wp\/v2\/posts\/1638","targetHints":{"allow":["GET"]}}],"collection":[{"href":"https:\/\/wofvideo.pro\/mostjott\/wp-json\/wp\/v2\/posts"}],"about":[{"href":"https:\/\/wofvideo.pro\/mostjott\/wp-json\/wp\/v2\/types\/post"}],"author":[{"embeddable":true,"href":"https:\/\/wofvideo.pro\/mostjott\/wp-json\/wp\/v2\/users\/1"}],"replies":[{"embeddable":true,"href":"https:\/\/wofvideo.pro\/mostjott\/wp-json\/wp\/v2\/comments?post=1638"}],"version-history":[{"count":1,"href":"https:\/\/wofvideo.pro\/mostjott\/wp-json\/wp\/v2\/posts\/1638\/revisions"}],"predecessor-version":[{"id":1640,"href":"https:\/\/wofvideo.pro\/mostjott\/wp-json\/wp\/v2\/posts\/1638\/revisions\/1640"}],"wp:featuredmedia":[{"embeddable":true,"href":"https:\/\/wofvideo.pro\/mostjott\/wp-json\/wp\/v2\/media\/1641"}],"wp:attachment":[{"href":"https:\/\/wofvideo.pro\/mostjott\/wp-json\/wp\/v2\/media?parent=1638"}],"wp:term":[{"taxonomy":"category","embeddable":true,"href":"https:\/\/wofvideo.pro\/mostjott\/wp-json\/wp\/v2\/categories?post=1638"},{"taxonomy":"post_tag","embeddable":true,"href":"https:\/\/wofvideo.pro\/mostjott\/wp-json\/wp\/v2\/tags?post=1638"}],"curies":[{"name":"wp","href":"https:\/\/api.w.org\/{rel}","templated":true}]}}